{"id":947835,"date":"2023-07-13T11:12:27","date_gmt":"2023-07-13T14:12:27","guid":{"rendered":"https:\/\/www.cnbb.org.br\/?p=947835"},"modified":"2023-07-13T11:13:26","modified_gmt":"2023-07-13T14:13:26","slug":"o-semeador-saiu-para-semear","status":"publish","type":"post","link":"https:\/\/www.cnbb.org.br\/o-semeador-saiu-para-semear\/","title":{"rendered":"O semeador saiu para semear"},"content":{"rendered":"<p style=\"text-align: right;\"><strong>Dom Alberto Taveira Corr\u00eaa\u00a0<\/strong><br \/>\n<strong>Arcebispo de Bel\u00e9m do Par\u00e1 (PA)<\/strong><\/p>\n<p>&nbsp;<\/p>\n<p style=\"text-align: justify;\"><span data-contrast=\"auto\">H\u00e1 poucos dias<\/span> <span data-contrast=\"auto\">tomou posse como Bispo de Camet\u00e1 Dom Ivanildo Oliveira Almeida. Seu lema episcopal \u00e9 \u201cEis que o semeador saiu a semear\u201d (Ecce exiit qui seminat seminare). \u00c9 a Igreja que cresce, e nossa Prov\u00edncia Eclesi\u00e1stica, assim como o Regional Norte II recebem com alegria este novo semeador da Boa Nova, augurando-lhe todos os frutos do trabalho mission\u00e1rio a ser empreendido, pelo bem da Igreja de Camet\u00e1, que o recebeu com garbo e grande alegria!\u00a0<\/span><span data-ccp-props=\"{&quot;201341983&quot;:0,&quot;335551550&quot;:6,&quot;335551620&quot;:6,&quot;335559731&quot;:708,&quot;335559739&quot;:160,&quot;335559740&quot;:256}\">\u00a0<\/span><\/p>\n<p style=\"text-align: justify;\"><span data-contrast=\"auto\">Em Bel\u00e9m, mais de oitocentos jovens participaram do segundo \u201cAcampamento\u201d promovido pelo Setor Juventude de nossa Igreja. Em Mosqueiro, durante todo o m\u00eas de julho, o \u201cProjeto Jesus na Ilha\u201d. No s\u00e1bado, dia quinze de julho, a Ordena\u00e7\u00e3o Sacerdotal do Di\u00e1cono Lucas, da Comunidade Sementes do Verbo e da Arquidiocese de Bel\u00e9m. No dia vinte e nove de julho, ordenarei Sacerdote, em Chimoio, Mo\u00e7ambique, o Di\u00e1cono Tenesse, da Obra de Maria e de nossa Arquidiocese, africano que fez toda a sua forma\u00e7\u00e3o em Bel\u00e9m. Ao mesmo tempo, multiplicam-se festas patronais em nossas Par\u00f3quias e Comunidades, em honra de Nossa Senhora do Carmo, Sant\u2019Ana e outras importantes devo\u00e7\u00f5es.\u00a0<\/span><span data-ccp-props=\"{&quot;201341983&quot;:0,&quot;335551550&quot;:6,&quot;335551620&quot;:6,&quot;335559731&quot;:708,&quot;335559739&quot;:160,&quot;335559740&quot;:256}\">\u00a0<\/span><\/p>\n<p style=\"text-align: justify;\"><span data-contrast=\"auto\">No m\u00eas de agosto, teremos cinco ordena\u00e7\u00f5es diaconais e uma Jornada Mission\u00e1ria Vocacional, a ser realizada nas diversas Regi\u00f5es Episcopais, tamb\u00e9m com a instala\u00e7\u00e3o dos diversos Santu\u00e1rios Arquidiocesanos. Ser\u00e1 a forma de dar gra\u00e7as a Deus pelos cinquenta anos de ordena\u00e7\u00e3o presbiteral do Arcebispo, a serem comemorados no dia quinze de agosto, numa Missa Solene, para a qual todos se sintam convidados. O minist\u00e9rio daquele que um dia foi ordenado se destina a servir e anunciar a Boa Nova do Evangelho, muito mais do que acentuar sua pr\u00f3pria pessoa. O nome de Jesus Cristo seja proclamado, conduzidos que somos debaixo do manto protetor da Virgem Maria.<\/span><span data-ccp-props=\"{&quot;201341983&quot;:0,&quot;335551550&quot;:6,&quot;335551620&quot;:6,&quot;335559731&quot;:708,&quot;335559739&quot;:160,&quot;335559740&quot;:256}\">\u00a0<\/span><\/p>\n<p style=\"text-align: justify;\"><span data-contrast=\"auto\">\u201cEis que o semeador saiu a semear\u201d, \u00e9 a Palavra forte que ressoa em nossos ouvidos, para chegar ao cora\u00e7\u00e3o e comprometer-nos com o an\u00fancio do Evangelho. Sabemos que se trata da Boa Semente, a for\u00e7a da Palavra que vem de Deus. Temos consci\u00eancia de que a diversidade de \u00e1reas que a recebem se transforma em desafios \u00e0 nossa criatividade e dedica\u00e7\u00e3o constante. Temos tamb\u00e9m a certeza de que todas as iniciativas empreendidas em nossa Igreja j\u00e1 est\u00e3o ressoando especialmente no cora\u00e7\u00e3o de nossos jovens, dentro do sonho e realidade do Ano Vocacional do Brasil: \u201cCora\u00e7\u00f5es ardentes, p\u00e9s a caminho\u201d. N\u00e3o temos direito ao acomodamento, pois \u00e9 nossa miss\u00e3o olhar para frente e para o alto!<\/span><span data-ccp-props=\"{&quot;201341983&quot;:0,&quot;335551550&quot;:6,&quot;335551620&quot;:6,&quot;335559731&quot;:708,&quot;335559739&quot;:160,&quot;335559740&quot;:256}\">\u00a0<\/span><\/p>\n<p style=\"text-align: justify;\"><span data-contrast=\"none\">Vale a pena recordar e retomar os apelos constantes de nosso Plano Arquidiocesano de Pastoral: Por sua natureza, a Igreja \u00e9 mission\u00e1ria. Assim como Cristo \u00e9 o primeiro enviado, ou seja, mission\u00e1rio do Pai (cf.\u202fJo\u202f20, 21) e, enquanto tal, a sua \u201cTestemunha fiel\u201d (Ap\u202f1, 5), assim tamb\u00e9m todo o crist\u00e3o \u00e9 chamado a ser mission\u00e1rio e testemunha de Cristo. E a Igreja, comunidade dos disc\u00edpulos de Cristo, n\u00e3o tem outra miss\u00e3o sen\u00e3o a de evangelizar o mundo, dando testemunho de Cristo. A ess\u00eancia da miss\u00e3o \u00e9 testemunhar Cristo, sua vida, paix\u00e3o, morte e ressurrei\u00e7\u00e3o por amor do Pai e da humanidade. \u00c9 Cristo ressuscitado, aquele que devemos testemunhar e cuja vida devemos partilhar. Os mission\u00e1rios de Cristo n\u00e3o s\u00e3o enviados para comunicar-se a si mesmos, mostrar as suas qualidades e capacidades persuasivas ou os seus dotes de gest\u00e3o. Em vez disso, t\u00eam a honra sublime de confessar Cristo, por palavras e a\u00e7\u00f5es, anunciando a todos a Boa Nova da sua salva\u00e7\u00e3o com alegria e ousadia, como os primeiros ap\u00f3stolos. Portanto, \u201ca primeira motiva\u00e7\u00e3o para evangelizar \u00e9 o amor que recebemos de Jesus, aquela experi\u00eancia de sermos salvos por ele que nos impele a am\u00e1-lo cada vez mais\u201d, como ensina o Papa Francisco (Cf. Evangelii Gaudium, 264).<\/span><span data-ccp-props=\"{&quot;201341983&quot;:0,&quot;335551550&quot;:6,&quot;335551620&quot;:6,&quot;335559731&quot;:708,&quot;335559739&quot;:160,&quot;335559740&quot;:240}\">\u00a0<\/span><\/p>\n<p style=\"text-align: justify;\"><span data-contrast=\"none\">O mandato do Senhor dever\u00e1 interpelar os disc\u00edpulos de Jesus de cada tempo, impelindo-os a ir mais al\u00e9m dos lugares habituais das par\u00f3quias e comunidades, para levar o testemunho dele. N\u00e3o h\u00e1 qualquer realidade humana que seja alheia \u00e0 aten\u00e7\u00e3o dos disc\u00edpulos de Cristo, na sua miss\u00e3o. A Igreja de Cristo sempre estar\u00e1 \u201cem sa\u00edda\u201d rumo aos novos horizontes geogr\u00e1ficos, sociais, existenciais, para dar testemunho de Cristo e do seu amor a todos os homens e mulheres, pois, a missionariedade dever\u00e1 ser a grande m\u00edstica e a chave da vida da Igreja de Bel\u00e9m, na dire\u00e7\u00e3o de concretizar sempre mais o sonho do Papa Francisco: \u201cSonho com uma op\u00e7\u00e3o mission\u00e1ria capaz de transformar tudo, para que os costumes, os estilos, os hor\u00e1rios, a linguagem e toda a estrutura eclesial se tornem um canal proporcionado mais \u00e0 evangeliza\u00e7\u00e3o do mundo atual que \u00e0 autopreserva\u00e7\u00e3o (Cf. Evangelii Gaudium 27).<\/span><span data-ccp-props=\"{&quot;201341983&quot;:0,&quot;335551550&quot;:6,&quot;335551620&quot;:6,&quot;335559731&quot;:708,&quot;335559739&quot;:160,&quot;335559740&quot;:240}\">\u00a0<\/span><\/p>\n<p style=\"text-align: justify;\"><span data-contrast=\"none\">\u00c0 luz da Par\u00e1bola do Semeador, dentro do esp\u00edrito mission\u00e1rio pedido pelo Plano Arquidiocesano de Pastoral, propomos um novo olhar ainda mais largo e corajoso para o segundo semestre do presente ano. Olhar para frente signifique para cada Par\u00f3quia e Comunidade um passo novo. Um apelo que pode ser encontrado na profecia de Isa\u00edas 54, 2-4: \u201cAmplia <\/span><span data-contrast=\"auto\">o espa\u00e7o de tua tenda, desdobra sem constrangimento as lonas que te abrigam \u2013 nada de economia \u2013 alonga tuas cordas, consolida tuas estacas, pois dever\u00e1s estender-te \u00e0 direita e \u00e0 esquerda; teus descendentes conquistar\u00e3o na\u00e7\u00f5es que vir\u00e3o repovoar as cidades abandonadas. N\u00e3o tenhas medo, n\u00e3o ficar\u00e1s desapontada! N\u00e3o fiques com vergonha, n\u00e3o h\u00e1 motivo de corar o rosto!\u201d<\/span><span data-ccp-props=\"{&quot;201341983&quot;:0,&quot;335551550&quot;:6,&quot;335551620&quot;:6,&quot;335559731&quot;:708,&quot;335559739&quot;:160,&quot;335559740&quot;:240}\">\u00a0<\/span><\/p>\n<p style=\"text-align: justify;\"><span data-contrast=\"auto\">Para tanto, queremos p<\/span><span data-contrast=\"none\">romover o estudo e a assimila\u00e7\u00e3o do Plano Arquidiocesano de Pastoral, renovar a dimens\u00e3o mission\u00e1ria de todas as for\u00e7as vivas da Igreja, ajudando-as a se abrirem e alcan\u00e7arem todos os espa\u00e7os e situa\u00e7\u00f5es humanas. Cada Par\u00f3quia organize uma agenda mission\u00e1ria, com metas estabelecidas e revis\u00e3o cont\u00ednua, a ser levada \u00e0 Assembleia de cada uma delas, no final do presente ano.\u00a0<\/span><span data-ccp-props=\"{&quot;201341983&quot;:0,&quot;335551550&quot;:6,&quot;335551620&quot;:6,&quot;335559731&quot;:708,&quot;335559739&quot;:160,&quot;335559740&quot;:240}\">\u00a0<\/span><\/p>\n<p style=\"text-align: justify;\"><span data-contrast=\"none\">Neste empenho mission\u00e1rio, organizem-se miss\u00f5es em todas as par\u00f3quias, de forma que, com pequenos n\u00facleos, de porta em porta, com \u00eanfase no querigma, sejam envolvidos os cat\u00f3licos batizados n\u00e3o evangelizados e formar novas lideran\u00e7as, para assumir a dimens\u00e3o mission\u00e1ria indo ao encontro dos irm\u00e3os como \u201cIgreja Samaritana\u201d.\u00a0<\/span><span data-ccp-props=\"{&quot;201341983&quot;:0,&quot;335551550&quot;:6,&quot;335551620&quot;:6,&quot;335559731&quot;:708,&quot;335559739&quot;:160,&quot;335559740&quot;:240}\">\u00a0<\/span><\/p>\n<p style=\"text-align: justify;\"><span data-contrast=\"none\">Quem sabe uma conhecida can\u00e7\u00e3o do Padre Zezinho possa ser retomada, cantada e vivida durante este per\u00edodo! \u201cSe ouvires a voz do vento, chamando sem cessar, se ouvires a voz do tempo, mandando esperar, a decis\u00e3o \u00e9 tua, a decis\u00e3o \u00e9 tua, S\u00e3o muitos os convidados, s\u00e3o muitos os convidados, quase ningu\u00e9m tem tempo, quase ningu\u00e9m tem tempo! Se ouvires a voz de Deus, chamando sem cessar, se ouvires a voz do mundo, querendo te enganar, a decis\u00e3o \u00e9 tua, a decis\u00e3o \u00e9 tua. S\u00e3o muitos os convidados, s\u00e3o muitos os convidados, quase ningu\u00e9m tem tempo, quase ningu\u00e9m tem tempo! O trigo j\u00e1 se perdeu, cresceu, ningu\u00e9m colheu, e o mundo passando fome, passando fome de Deus. A decis\u00e3o \u00e9 tua, a decis\u00e3o \u00e9 tua!\u201d.<\/span><span data-ccp-props=\"{&quot;201341983&quot;:0,&quot;335551550&quot;:6,&quot;335551620&quot;:6,&quot;335559731&quot;:708,&quot;335559739&quot;:160,&quot;335559740&quot;:240}\">\u00a0<\/span><\/p>\n","protected":false},"excerpt":{"rendered":"<p>Dom Alberto Taveira Corr\u00eaa\u00a0 Arcebispo de Bel\u00e9m do Par\u00e1 (PA) &nbsp; H\u00e1 poucos dias tomou posse como Bispo de Camet\u00e1 Dom Ivanildo Oliveira Almeida. Seu lema episcopal \u00e9 \u201cEis que o semeador saiu a semear\u201d (Ecce exiit qui seminat seminare). \u00c9 a Igreja que cresce, e nossa Prov\u00edncia Eclesi\u00e1stica, assim como o Regional Norte II &hellip;<\/p>\n<p class=\"read-more\"> <a class=\"\" href=\"https:\/\/www.cnbb.org.br\/o-semeador-saiu-para-semear\/\"> <span class=\"screen-reader-text\">O semeador saiu para semear<\/span> Leia mais &raquo;<\/a><\/p>\n","protected":false},"author":21,"featured_media":0,"comment_status":"closed","ping_status":"closed","sticky":false,"template":"","format":"standard","meta":{"site-sidebar-layout":"default","site-content-layout":"default","ast-global-header-display":"","ast-banner-title-visibility":"","ast-main-header-display":"","ast-hfb-above-header-display":"","ast-hfb-below-header-display":"","ast-hfb-mobile-header-display":"","site-post-title":"","ast-breadcrumbs-content":"","ast-featured-img":"","footer-sml-layout":"","theme-transparent-header-meta":"default","adv-header-id-meta":"","stick-header-meta":"","header-above-stick-meta":"","header-main-stick-meta":"","header-below-stick-meta":""},"categories":[758],"tags":[],"acf":[],"_links":{"self":[{"href":"https:\/\/www.cnbb.org.br\/cnbb-app\/wp\/v2\/posts\/947835"}],"collection":[{"href":"https:\/\/www.cnbb.org.br\/cnbb-app\/wp\/v2\/posts"}],"about":[{"href":"https:\/\/www.cnbb.org.br\/cnbb-app\/wp\/v2\/types\/post"}],"author":[{"embeddable":true,"href":"https:\/\/www.cnbb.org.br\/cnbb-app\/wp\/v2\/users\/21"}],"replies":[{"embeddable":true,"href":"https:\/\/www.cnbb.org.br\/cnbb-app\/wp\/v2\/comments?post=947835"}],"version-history":[{"count":2,"href":"https:\/\/www.cnbb.org.br\/cnbb-app\/wp\/v2\/posts\/947835\/revisions"}],"predecessor-version":[{"id":947837,"href":"https:\/\/www.cnbb.org.br\/cnbb-app\/wp\/v2\/posts\/947835\/revisions\/947837"}],"wp:attachment":[{"href":"https:\/\/www.cnbb.org.br\/cnbb-app\/wp\/v2\/media?parent=947835"}],"wp:term":[{"taxonomy":"category","embeddable":true,"href":"https:\/\/www.cnbb.org.br\/cnbb-app\/wp\/v2\/categories?post=947835"},{"taxonomy":"post_tag","embeddable":true,"href":"https:\/\/www.cnbb.org.br\/cnbb-app\/wp\/v2\/tags?post=947835"}],"curies":[{"name":"wp","href":"https:\/\/api.w.org\/{rel}","templated":true}]}}