{"id":947886,"date":"2023-07-13T15:58:32","date_gmt":"2023-07-13T18:58:32","guid":{"rendered":"https:\/\/www.cnbb.org.br\/?p=947886"},"modified":"2023-07-13T15:59:05","modified_gmt":"2023-07-13T18:59:05","slug":"semeadores-do-reino-numa-igreja-em-saida","status":"publish","type":"post","link":"https:\/\/www.cnbb.org.br\/semeadores-do-reino-numa-igreja-em-saida\/","title":{"rendered":"Semeadores do Reino, numa Igreja em sa\u00edda!\u00a0"},"content":{"rendered":"<p style=\"text-align: right;\"><strong>Dom Jos\u00e9 Gislon<\/strong><br \/>\n<strong>Bispo de Caxias do Sul (RS)<\/strong><\/p>\n<p><span data-ccp-props=\"{&quot;201341983&quot;:0,&quot;335551550&quot;:2,&quot;335551620&quot;:2,&quot;335559739&quot;:0,&quot;335559740&quot;:240}\">\u00a0<\/span><\/p>\n<p style=\"text-align: justify;\"><span data-contrast=\"auto\">Estimados irm\u00e3os e irm\u00e3s em Cristo Jesus! A Igreja, Povo de Deus a caminho da casa do Pai, vive a sua miss\u00e3o numa cont\u00ednua peregrina\u00e7\u00e3o, na realidade da humanidade, marcada por conflitos, que alimentam a guerra e ferem a vida, e a sede de paz daqueles que sofrem as consequ\u00eancias da guerra e n\u00e3o tem como se proteger.\u00a0<\/span><span data-ccp-props=\"{&quot;201341983&quot;:0,&quot;335551550&quot;:6,&quot;335551620&quot;:6,&quot;335559739&quot;:0,&quot;335559740&quot;:240}\">\u00a0<\/span><\/p>\n<p style=\"text-align: justify;\"><span data-contrast=\"auto\">Em muitas realidades, marcadas e feridas pela viol\u00eancia, por persegui\u00e7\u00f5es religiosas e ideol\u00f3gicas, vemos desabrochar a flor do mart\u00edrio, marcada pelo testemunho da perseveran\u00e7a, da fidelidade, do sil\u00eancio, das pris\u00f5es, de batizados, de consagrados, de homens e mulheres que se colocaram a servi\u00e7o do Mestre Jesus, para servir os irm\u00e3os e irm\u00e3s feridos e fragilizados pelas injusti\u00e7as provocadas pelos homens. Mesmo em meio a tantas prova\u00e7\u00f5es e circunst\u00e2ncias que ferem a liberdade religiosa e a dignidade da vida, a f\u00e9 tem sustentado a caminhada das pessoas e das comunidades.\u00a0<\/span><span data-ccp-props=\"{&quot;201341983&quot;:0,&quot;335551550&quot;:6,&quot;335551620&quot;:6,&quot;335559739&quot;:0,&quot;335559740&quot;:240}\">\u00a0<\/span><\/p>\n<p style=\"text-align: justify;\"><span data-contrast=\"auto\">Os disc\u00edpulos do Senhor agem no mundo, mas n\u00e3o para o mundo. Quando dizemos \u201csim\u201d a Deus e assumimos uma voca\u00e7\u00e3o, devemos ter consci\u00eancia de que \u00e9 para a miss\u00e3o de evangelizar e cuidar das ovelhas do rebanho do Senhor. Deus nos conhece melhor do que n\u00f3s mesmos, quando ele nos chama \u00e9 porque sabe que n\u00f3s somos capazes de cumprir a miss\u00e3o que vai nos confiar. Mas toda miss\u00e3o tamb\u00e9m tem seus espinhos, incompreens\u00f5es e persegui\u00e7\u00f5es.<\/span><span data-ccp-props=\"{&quot;201341983&quot;:0,&quot;335551550&quot;:6,&quot;335551620&quot;:6,&quot;335559739&quot;:0,&quot;335559740&quot;:240}\">\u00a0<\/span><\/p>\n<p style=\"text-align: justify;\"><span data-contrast=\"auto\">A voca\u00e7\u00e3o \u00e0 vida, \u00e0 salva\u00e7\u00e3o, ao minist\u00e9rio, n\u00e3o \u00e9 fruto da improvisa\u00e7\u00e3o, mas vem da eternidade de Deus. S\u00e3o Paulo, na carta aos Ef\u00e9sios (Ef 1), nos leva a entrar no mist\u00e9rio da elei\u00e7\u00e3o divina do homem, na b\u00ean\u00e7\u00e3o, na santidade, no amor, na gra\u00e7a, para o louvor da gl\u00f3ria do Pai, no Cristo, sob o selo do Esp\u00edrito Santo. A m\u00e3e Igreja tem o sacerd\u00f3cio como uma voca\u00e7\u00e3o, cuja miss\u00e3o \u00e9 estar a servi\u00e7o do Reino, na Igreja, Povo de Deus. Mas o servir requer disponibilidade, obedi\u00eancia, desapego, tempo para estar \u00e0 escuta de Deus e da sua palavra, e abertura de cora\u00e7\u00e3o para amar, acolher e apresentar o Cristo Jesus \u00e0s pessoas na realidade de hoje, que muitas vezes j\u00e1 n\u00e3o frequentam as nossas comunidades, mas est\u00e3o famintas e sedentas por serem tocadas pela ternura e a miseric\u00f3rdia do Pai.\u00a0<\/span><span data-ccp-props=\"{&quot;201341983&quot;:0,&quot;335551550&quot;:6,&quot;335551620&quot;:6,&quot;335559739&quot;:0,&quot;335559740&quot;:240}\">\u00a0<\/span><\/p>\n<p style=\"text-align: justify;\"><span data-contrast=\"auto\">Jesus, o Filho de Deus, foi enviado pela Pai para anunciar o Reino. A miss\u00e3o da Igreja prov\u00e9m daquela de Cristo. \u00c9 o Senhor Jesus o primeiro mission\u00e1rio, enviado pelo Pai para salvar o mundo. Mas Jesus chama tamb\u00e9m disc\u00edpulos, para ajud\u00e1-lo na miss\u00e3o. O primeiro passo dos disc\u00edpulos foi aceitar o convite do Mestre Jesus: \u201cvem e segue-me\u201d; o segundo, foi acreditar na miss\u00e3o para a qual foram chamados e preparados; o terceiro, foi o despojamento para o an\u00fancio do Reino, confiando na Provid\u00eancia Divina, que se manifesta na caridade das pessoas que acolhem o Evangelho de Cristo Jesus.<\/span><span data-ccp-props=\"{&quot;201341983&quot;:0,&quot;335551550&quot;:6,&quot;335551620&quot;:6,&quot;335559739&quot;:0,&quot;335559740&quot;:240}\">\u00a0<\/span><\/p>\n<p style=\"text-align: justify;\"><span data-contrast=\"auto\">Enviados em miss\u00e3o por Jesus, os disc\u00edpulos pregaram a convers\u00e3o, expulsaram dem\u00f4nios e curaram os doentes, dando continuidade \u00e0s a\u00e7\u00f5es de Jesus e participando do seu poder. Neste contexto, a Igreja, Povo de Deus, continua a miss\u00e3o que recebeu do Senhor Jesus, atrav\u00e9s dos Ap\u00f3stolos, e todo batizado, em nome do Senhor Jesus, deveria tamb\u00e9m agir de forma mais ampla em favor da dignidade e da humaniza\u00e7\u00e3o das pessoas. Cada palavra dita e cada a\u00e7\u00e3o feita, com fidelidade ao Evangelho, e por amor a Cristo, que resgate a pessoa da sua poss\u00edvel desumaniza\u00e7\u00e3o, ou que lhe restitua o sentido da sua pr\u00f3pria dignidade humana, revela o an\u00fancio da miseric\u00f3rdia de Deus.\u00a0<\/span><span data-ccp-props=\"{&quot;201341983&quot;:0,&quot;335551550&quot;:6,&quot;335551620&quot;:6,&quot;335559739&quot;:0,&quot;335559740&quot;:240}\">\u00a0<\/span><\/p>\n<p style=\"text-align: justify;\"><span data-ccp-props=\"{&quot;201341983&quot;:0,&quot;335551550&quot;:6,&quot;335551620&quot;:6,&quot;335559739&quot;:0,&quot;335559740&quot;:240}\">\u00a0<\/span><\/p>\n<p style=\"text-align: justify;\"><span data-ccp-props=\"{&quot;201341983&quot;:0,&quot;335551550&quot;:6,&quot;335551620&quot;:6,&quot;335559739&quot;:200,&quot;335559740&quot;:240}\">\u00a0<\/span><\/p>\n<p style=\"text-align: justify;\">\n<p style=\"text-align: justify;\"><span data-ccp-props=\"{&quot;201341983&quot;:0,&quot;335551550&quot;:6,&quot;335551620&quot;:6,&quot;335559739&quot;:0,&quot;335559740&quot;:240}\">\u00a0<\/span><\/p>\n","protected":false},"excerpt":{"rendered":"<p>Dom Jos\u00e9 Gislon Bispo de Caxias do Sul (RS) \u00a0 Estimados irm\u00e3os e irm\u00e3s em Cristo Jesus! A Igreja, Povo de Deus a caminho da casa do Pai, vive a sua miss\u00e3o numa cont\u00ednua peregrina\u00e7\u00e3o, na realidade da humanidade, marcada por conflitos, que alimentam a guerra e ferem a vida, e a sede de paz &hellip;<\/p>\n<p class=\"read-more\"> <a class=\"\" href=\"https:\/\/www.cnbb.org.br\/semeadores-do-reino-numa-igreja-em-saida\/\"> <span class=\"screen-reader-text\">Semeadores do Reino, numa Igreja em sa\u00edda!\u00a0<\/span> Leia mais &raquo;<\/a><\/p>\n","protected":false},"author":20,"featured_media":0,"comment_status":"closed","ping_status":"closed","sticky":false,"template":"","format":"standard","meta":{"site-sidebar-layout":"default","site-content-layout":"default","ast-global-header-display":"","ast-banner-title-visibility":"","ast-main-header-display":"","ast-hfb-above-header-display":"","ast-hfb-below-header-display":"","ast-hfb-mobile-header-display":"","site-post-title":"","ast-breadcrumbs-content":"","ast-featured-img":"","footer-sml-layout":"","theme-transparent-header-meta":"default","adv-header-id-meta":"","stick-header-meta":"","header-above-stick-meta":"","header-main-stick-meta":"","header-below-stick-meta":""},"categories":[758],"tags":[],"acf":[],"_links":{"self":[{"href":"https:\/\/www.cnbb.org.br\/cnbb-app\/wp\/v2\/posts\/947886"}],"collection":[{"href":"https:\/\/www.cnbb.org.br\/cnbb-app\/wp\/v2\/posts"}],"about":[{"href":"https:\/\/www.cnbb.org.br\/cnbb-app\/wp\/v2\/types\/post"}],"author":[{"embeddable":true,"href":"https:\/\/www.cnbb.org.br\/cnbb-app\/wp\/v2\/users\/20"}],"replies":[{"embeddable":true,"href":"https:\/\/www.cnbb.org.br\/cnbb-app\/wp\/v2\/comments?post=947886"}],"version-history":[{"count":1,"href":"https:\/\/www.cnbb.org.br\/cnbb-app\/wp\/v2\/posts\/947886\/revisions"}],"predecessor-version":[{"id":947887,"href":"https:\/\/www.cnbb.org.br\/cnbb-app\/wp\/v2\/posts\/947886\/revisions\/947887"}],"wp:attachment":[{"href":"https:\/\/www.cnbb.org.br\/cnbb-app\/wp\/v2\/media?parent=947886"}],"wp:term":[{"taxonomy":"category","embeddable":true,"href":"https:\/\/www.cnbb.org.br\/cnbb-app\/wp\/v2\/categories?post=947886"},{"taxonomy":"post_tag","embeddable":true,"href":"https:\/\/www.cnbb.org.br\/cnbb-app\/wp\/v2\/tags?post=947886"}],"curies":[{"name":"wp","href":"https:\/\/api.w.org\/{rel}","templated":true}]}}