{"id":9479,"date":"2012-04-24T00:00:00","date_gmt":"2012-04-24T03:00:00","guid":{"rendered":"https:\/\/www.cnbb.org.br\/a-igreja-e-essencialmente-missionaria-diz-dom-sergio-braschi\/"},"modified":"2020-03-11T20:04:18","modified_gmt":"2020-03-11T23:04:18","slug":"a-igreja-e-essencialmente-missionaria-diz-dom-sergio-braschi","status":"publish","type":"post","link":"https:\/\/www.cnbb.org.br\/a-igreja-e-essencialmente-missionaria-diz-dom-sergio-braschi\/","title":{"rendered":"\u201cA Igreja \u00e9 essencialmente mission\u00e1ria\u201d diz dom S\u00e9rgio Braschi"},"content":{"rendered":"<p style=\"text-align: justify\">O bispo de Ponta Grossa (PR), dom S\u00e9rgio Braschi, que \u00e9 presidente da Comiss\u00e3o Episcopal Pastoral para a A\u00e7\u00e3o Mission\u00e1ria e Coopera\u00e7\u00e3o Intereclesial da CNBB, participou da s\u00e9tima entrevista coletiva da 50\u00aa Assembleia Geral da Confer\u00eancia Nacional dos Bispos do Brasil (CNBB), nesta ter\u00e7a-feira, 24.<\/p>\n<p>  <!--more-->  <\/p>\n<p style=\"text-align: justify\">Dom S\u00e9rgio afirmou que a Igreja \u00e9 mission\u00e1ria, pois continua a miss\u00e3o de Jesus. \u201cNossa Igreja \u00e9 mission\u00e1ria por excel\u00eancia, em suas ra\u00edzes e assim se faz por continuar a miss\u00e3o de Jesus Cristo\u201d, afirmou.<\/p>\n<p style=\"text-align: justify\">O bispo de Ponta Grossa falou tamb\u00e9m sobre o 3\u00ba Congresso Mission\u00e1rio Nacional, evento que vai acontecer em Palmas (TO), entre os dias 12 e 15 de julho, dever\u00e1 reunir pessoas de todas as regi\u00f5es do pa\u00eds.<\/p>\n<p style=\"text-align: justify\">Com o tema \u201cDiscipulado mission\u00e1rio: do Brasil para um mundo secularizado e pluricultural, \u00e0 luz do Vaticano II\u201d e lema \u201cComo o Pai me enviou, assim eu vos envio (Jo 20, 21)\u201d,o encontro tem por objetivo preparar as lideran\u00e7as mission\u00e1rias para o 4\u00ba Congresso Americano Mission\u00e1rio e o 9\u00ba Congresso Mission\u00e1rio Latino-Americano, que ser\u00e3o realizados simultaneamente em Maracaibo, Venezuela, em 2013.<\/p>\n<p style=\"text-align: justify\">O evento \u00e9 realizado pelas Pontif\u00edcias Obras Mission\u00e1rias (POM) e demais for\u00e7as mission\u00e1rias da Igreja Cat\u00f3lica no Brasil: Confer\u00eancia Nacional dos Bispos do Brasil (CNBB); Confer\u00eancia dos Religiosos do Brasil (CRB); Conselho Mission\u00e1rio Nacional (Comina) e Centro Cultural Mission\u00e1rio (CCM).<\/p>\n<p style=\"text-align: justify\">Segundo dom S\u00e9rgio, outra reflex\u00e3o importante e central durante o evento brasileiro ser\u00e1 o mundo secular e pluricultural em que vivemos hoje e qual o papel da dimens\u00e3o mission\u00e1ria nessa nova realidade.<\/p>\n<p style=\"text-align: justify\">\u201cEste \u00e9 tamb\u00e9m um momento importante e se insere nas preocupa\u00e7\u00f5es da nossa Igreja como forma de transmiss\u00e3o da f\u00e9 para as novas gera\u00e7\u00f5es de fam\u00edlias e novas comunidades\u201d, destacou o presidente da Comiss\u00e3o Episcopal para a Anima\u00e7\u00e3o Mission\u00e1ria e Coopera\u00e7\u00e3o Intereclesial.<\/p>\n<p style=\"text-align: justify\">Dom S\u00e9rgio falou tamb\u00e9m sobre as novas voca\u00e7\u00f5es mission\u00e1rias e sobre os jovens que desejam fazer este trabalho. \u201cTodo batizado \u00e9 mission\u00e1rio. Pelo batismo ou pela crisma n\u00f3s j\u00e1 somos chamados a continuar a miss\u00e3o de Jesus\u201d, afirmou.<\/p>\n<p style=\"text-align: justify\">O bispo ainda disse que h\u00e1 no meio do povo de Deus pessoas que s\u00e3o chamadas para miss\u00f5es para levar a Palavra de Deus at\u00e9 as comunidades que s\u00e3o mais distantes.<\/p>\n<p style=\"text-align: justify\">\u201cH\u00e1 uma grande abertura no seio da nossa juventude para essas voca\u00e7\u00f5es. O jovem \u00e9 tem anseio de conhecer outras culturas e estar em contato com outras realidades. Acredito que isso os levem a ser jovens de f\u00e9\u201d, acrescentou.<\/p>\n<p style=\"text-align: justify\">Dom S\u00e9rgio ainda disse aos jornalistas que a Igreja vive uma primavera de mission\u00e1rios e que essas voca\u00e7\u00f5es tamb\u00e9m s\u00e3o fruto do Conc\u00edlio Vaticano II.<\/p>\n<p style=\"text-align: justify\">O bispo de Ponta Grossa ainda citou a Confer\u00eancia de Aparecida, realizada em 2007, e que trouxe um \u201cbrotar\u201d, um novo renascimento e muito entusiasmo para as miss\u00f5es.<\/p>\n<p style=\"text-align: justify\">\u201cQuero destacar tamb\u00e9m que todos os leigos podem participar da miss\u00e3o da Igreja. Desde a crian\u00e7a, adolescentes, jovens e adultos s\u00e3o chamados a essas voca\u00e7\u00f5es. Precisamos envolver toda a comunidade para que rezem pelos nossos mission\u00e1rios em tantos lugares do mundo\u201d.<\/p>\n<p style=\"text-align: justify\"><strong>Programa de reabilita\u00e7\u00e3o p\u00f3s terremoto no Haiti<\/strong><\/p>\n<p style=\"text-align: justify\">Respondendo \u00e0s perguntas dos jornalistas, Dom S\u00e9rgio falou sobre os mission\u00e1rios atuantes nos programas de reconstru\u00e7\u00e3o do Haiti.<\/p>\n<p style=\"text-align: justify\">\u201cEste \u00e9 um trabalho de suma import\u00e2ncia junto aos nossos irm\u00e3os haitianos. Nossos mission\u00e1rios trabalham em projetos destinados a auxiliar em seguran\u00e7a, na reconstru\u00e7\u00e3o de casas e Igrejas, em programas de economia solid\u00e1ria, educa\u00e7\u00e3o, sa\u00fade entre outros\u201d, afirmou.<\/p>\n<p style=\"text-align: justify\">Dom S\u00e9rgio acrescentou que a solidariedade desses mission\u00e1rios no Haiti \u00e9 sin\u00f4nimo de esperan\u00e7a para a popula\u00e7\u00e3o do Haiti.<\/p>\n","protected":false},"excerpt":{"rendered":"<p>O bispo de Ponta Grossa (PR), dom S\u00e9rgio Braschi, que \u00e9 presidente da Comiss\u00e3o Episcopal Pastoral para a A\u00e7\u00e3o Mission\u00e1ria e Coopera\u00e7\u00e3o Intereclesial da CNBB, participou da s\u00e9tima entrevista coletiva da 50\u00aa Assembleia Geral da Confer\u00eancia Nacional dos Bispos do Brasil (CNBB), nesta ter\u00e7a-feira, 24.<\/p>\n","protected":false},"author":83,"featured_media":9480,"comment_status":"open","ping_status":"open","sticky":false,"template":"","format":"standard","meta":{"site-sidebar-layout":"default","site-content-layout":"default","ast-global-header-display":"","ast-banner-title-visibility":"","ast-main-header-display":"","ast-hfb-above-header-display":"","ast-hfb-below-header-display":"","ast-hfb-mobile-header-display":"","site-post-title":"","ast-breadcrumbs-content":"","ast-featured-img":"","footer-sml-layout":"","theme-transparent-header-meta":"","adv-header-id-meta":"","stick-header-meta":"","header-above-stick-meta":"","header-main-stick-meta":"","header-below-stick-meta":""},"categories":[854,878],"tags":[],"acf":[],"_links":{"self":[{"href":"https:\/\/www.cnbb.org.br\/cnbb-app\/wp\/v2\/posts\/9479"}],"collection":[{"href":"https:\/\/www.cnbb.org.br\/cnbb-app\/wp\/v2\/posts"}],"about":[{"href":"https:\/\/www.cnbb.org.br\/cnbb-app\/wp\/v2\/types\/post"}],"author":[{"embeddable":true,"href":"https:\/\/www.cnbb.org.br\/cnbb-app\/wp\/v2\/users\/83"}],"replies":[{"embeddable":true,"href":"https:\/\/www.cnbb.org.br\/cnbb-app\/wp\/v2\/comments?post=9479"}],"version-history":[{"count":0,"href":"https:\/\/www.cnbb.org.br\/cnbb-app\/wp\/v2\/posts\/9479\/revisions"}],"wp:featuredmedia":[{"embeddable":true,"href":"https:\/\/www.cnbb.org.br\/cnbb-app\/wp\/v2\/media\/9480"}],"wp:attachment":[{"href":"https:\/\/www.cnbb.org.br\/cnbb-app\/wp\/v2\/media?parent=9479"}],"wp:term":[{"taxonomy":"category","embeddable":true,"href":"https:\/\/www.cnbb.org.br\/cnbb-app\/wp\/v2\/categories?post=9479"},{"taxonomy":"post_tag","embeddable":true,"href":"https:\/\/www.cnbb.org.br\/cnbb-app\/wp\/v2\/tags?post=9479"}],"curies":[{"name":"wp","href":"https:\/\/api.w.org\/{rel}","templated":true}]}}