{"id":948403,"date":"2023-07-21T16:22:38","date_gmt":"2023-07-21T19:22:38","guid":{"rendered":"https:\/\/www.cnbb.org.br\/?p=948403"},"modified":"2023-07-21T16:23:03","modified_gmt":"2023-07-21T19:23:03","slug":"respeito-cuidado-e-gratidao","status":"publish","type":"post","link":"https:\/\/www.cnbb.org.br\/respeito-cuidado-e-gratidao\/","title":{"rendered":"Respeito, cuidado e gratid\u00e3o\u00a0"},"content":{"rendered":"<p style=\"text-align: right;\"><strong>Dom Jos\u00e9 Gislon<br \/>\nBispo de Caxias do Sul (RS)<\/strong><\/p>\n<p><span data-ccp-props=\"{&quot;201341983&quot;:0,&quot;335551550&quot;:2,&quot;335551620&quot;:2,&quot;335559731&quot;:708,&quot;335559739&quot;:0,&quot;335559740&quot;:240}\">\u00a0<\/span><\/p>\n<p style=\"text-align: justify;\"><span data-contrast=\"auto\">Estimados irm\u00e3os e irm\u00e3s em Cristo Jesus! Com esp\u00edrito de gratid\u00e3o, somos convidados a celebrar neste domingo, 23 de julho, o III Dia Mundial dos Av\u00f3s e das Pessoas Idosas. \u00c9 uma justa homenagem \u00e0queles que trazem no cora\u00e7\u00e3o, na mem\u00f3ria e nas marcas do tempo, uma hist\u00f3ria de vida muitas vezes marcada por muito trabalho, pouco conforto, sacrif\u00edcio, exclus\u00e3o e desamparo social. S\u00e3o os mestres que frequentaram por longos anos a escola da vida, e, ao chegar no seu limiar, podem ter a sensa\u00e7\u00e3o de que s\u00e3o um peso para a fam\u00edlia e a sociedade.<\/span><span data-ccp-props=\"{&quot;201341983&quot;:0,&quot;335551550&quot;:6,&quot;335551620&quot;:6,&quot;335559739&quot;:0,&quot;335559740&quot;:240}\">\u00a0<\/span><\/p>\n<p style=\"text-align: justify;\"><span data-contrast=\"auto\">Quem, na sua inf\u00e2ncia, na adolesc\u00eancia ou quando jovem, teve a oportunidade de conviver com seus av\u00f3s ou tios av\u00f3s, sabe o quanto eles nos valorizavam, nos instru\u00edam e se empenhavam para que pud\u00e9ssemos ter oportunidades e nos preparar para o futuro, mesmo tendo presente que, a seu tempo, eles quase n\u00e3o tiveram oportunidades de fazer escolhas, porque as necessidades materiais da fam\u00edlia lhes impuseram, muitas vezes, uma escolha profissional e de vida.<\/span><span data-ccp-props=\"{&quot;201341983&quot;:0,&quot;335551550&quot;:6,&quot;335551620&quot;:6,&quot;335559739&quot;:0,&quot;335559740&quot;:240}\">\u00a0<\/span><\/p>\n<p style=\"text-align: justify;\"><span data-contrast=\"auto\">As mudan\u00e7as sociais que aconteceram na nossa sociedade brasileira, nas \u00faltimas d\u00e9cadas, tiveram um reflexo na vida de milh\u00f5es de pessoas. Muitas coisas melhoraram na quest\u00e3o da educa\u00e7\u00e3o, da sa\u00fade, do trabalho, como fruto do desenvolvimento econ\u00f4mico-social. Mas tamb\u00e9m tivemos perdas, no sentido humano da conviv\u00eancia familiar e comunit\u00e1ria. O afastamento do local das nossas ra\u00edzes fez com que muitos se afastassem tamb\u00e9m dos seus familiares, deixando no cora\u00e7\u00e3o daqueles que ficaram um legado de saudades.\u00a0<\/span><span data-ccp-props=\"{&quot;201341983&quot;:0,&quot;335551550&quot;:6,&quot;335551620&quot;:6,&quot;335559739&quot;:0,&quot;335559740&quot;:240}\">\u00a0<\/span><\/p>\n<p style=\"text-align: justify;\"><span data-contrast=\"auto\">Humanamente, n\u00e3o importa o quanto distante estamos dos nossos queridos av\u00f3s e de pessoas que estiveram fisicamente e afetivamente muito pr\u00f3ximas de n\u00f3s na nossa vida, o importante \u00e9 valoriz\u00e1-las, mant\u00ea-las sempre no cora\u00e7\u00e3o, e tirar um tempo para visit\u00e1-las e ouvi-las. Hoje, temos pouco tempo para valorizar a vida, para compromissos comunit\u00e1rios, para cuidar da nossa vida de f\u00e9, da nossa fam\u00edlia, da nossa sa\u00fade, para irmos ao encontro de quem espera da nossa parte uma visita.\u00a0<\/span><span data-ccp-props=\"{&quot;201341983&quot;:0,&quot;335551550&quot;:6,&quot;335551620&quot;:6,&quot;335559739&quot;:0,&quot;335559740&quot;:240}\">\u00a0<\/span><\/p>\n<p style=\"text-align: justify;\"><span data-contrast=\"auto\">Queremos aproveitar o tempo para viver, mas n\u00e3o podemos esquecer de dar um tempo para a gera\u00e7\u00e3o que nos deu a vida, e que muito contribuiu para os avan\u00e7os econ\u00f4micos e sociais do nosso pa\u00eds. Os avan\u00e7os sociais fizeram aumentar a expectativa de vida, mas a sociedade como um todo n\u00e3o se preparou para essa mudan\u00e7a. Esta realidade, da qual fazem parte os nossos av\u00f3s, os nossos pais e tantas pessoas idosas, n\u00e3o pode ser nem esquecida nem ignorada. O esquecimento revela a falta de amor, e o ignorar, a falta de gratid\u00e3o. Senhor, que aprendamos a valorizar, agradecer e amar os nossos av\u00f3s e os idosos presentes na fam\u00edlia e na sociedade.<\/span><span data-ccp-props=\"{&quot;201341983&quot;:0,&quot;335551550&quot;:6,&quot;335551620&quot;:6,&quot;335559739&quot;:0,&quot;335559740&quot;:240}\">\u00a0<\/span><\/p>\n<p style=\"text-align: justify;\"><span data-ccp-props=\"{&quot;201341983&quot;:0,&quot;335551550&quot;:6,&quot;335551620&quot;:6,&quot;335559739&quot;:0,&quot;335559740&quot;:240}\">\u00a0<\/span><\/p>\n<p style=\"text-align: justify;\"><span data-ccp-props=\"{&quot;201341983&quot;:0,&quot;335551550&quot;:6,&quot;335551620&quot;:6,&quot;335559739&quot;:0,&quot;335559740&quot;:240}\">\u00a0<\/span><\/p>\n<p style=\"text-align: justify;\">\n","protected":false},"excerpt":{"rendered":"<p>Dom Jos\u00e9 Gislon Bispo de Caxias do Sul (RS) \u00a0 Estimados irm\u00e3os e irm\u00e3s em Cristo Jesus! Com esp\u00edrito de gratid\u00e3o, somos convidados a celebrar neste domingo, 23 de julho, o III Dia Mundial dos Av\u00f3s e das Pessoas Idosas. \u00c9 uma justa homenagem \u00e0queles que trazem no cora\u00e7\u00e3o, na mem\u00f3ria e nas marcas do &hellip;<\/p>\n<p class=\"read-more\"> <a class=\"\" href=\"https:\/\/www.cnbb.org.br\/respeito-cuidado-e-gratidao\/\"> <span class=\"screen-reader-text\">Respeito, cuidado e gratid\u00e3o\u00a0<\/span> Leia mais &raquo;<\/a><\/p>\n","protected":false},"author":20,"featured_media":0,"comment_status":"closed","ping_status":"closed","sticky":false,"template":"","format":"standard","meta":{"site-sidebar-layout":"default","site-content-layout":"default","ast-global-header-display":"","ast-banner-title-visibility":"","ast-main-header-display":"","ast-hfb-above-header-display":"","ast-hfb-below-header-display":"","ast-hfb-mobile-header-display":"","site-post-title":"","ast-breadcrumbs-content":"","ast-featured-img":"","footer-sml-layout":"","theme-transparent-header-meta":"default","adv-header-id-meta":"","stick-header-meta":"","header-above-stick-meta":"","header-main-stick-meta":"","header-below-stick-meta":""},"categories":[758],"tags":[],"acf":[],"_links":{"self":[{"href":"https:\/\/www.cnbb.org.br\/cnbb-app\/wp\/v2\/posts\/948403"}],"collection":[{"href":"https:\/\/www.cnbb.org.br\/cnbb-app\/wp\/v2\/posts"}],"about":[{"href":"https:\/\/www.cnbb.org.br\/cnbb-app\/wp\/v2\/types\/post"}],"author":[{"embeddable":true,"href":"https:\/\/www.cnbb.org.br\/cnbb-app\/wp\/v2\/users\/20"}],"replies":[{"embeddable":true,"href":"https:\/\/www.cnbb.org.br\/cnbb-app\/wp\/v2\/comments?post=948403"}],"version-history":[{"count":1,"href":"https:\/\/www.cnbb.org.br\/cnbb-app\/wp\/v2\/posts\/948403\/revisions"}],"predecessor-version":[{"id":948404,"href":"https:\/\/www.cnbb.org.br\/cnbb-app\/wp\/v2\/posts\/948403\/revisions\/948404"}],"wp:attachment":[{"href":"https:\/\/www.cnbb.org.br\/cnbb-app\/wp\/v2\/media?parent=948403"}],"wp:term":[{"taxonomy":"category","embeddable":true,"href":"https:\/\/www.cnbb.org.br\/cnbb-app\/wp\/v2\/categories?post=948403"},{"taxonomy":"post_tag","embeddable":true,"href":"https:\/\/www.cnbb.org.br\/cnbb-app\/wp\/v2\/tags?post=948403"}],"curies":[{"name":"wp","href":"https:\/\/api.w.org\/{rel}","templated":true}]}}