{"id":9488,"date":"2012-05-29T00:00:00","date_gmt":"2012-05-29T03:00:00","guid":{"rendered":"https:\/\/www.cnbb.org.br\/comeca-2o-semana-de-formacao-missionaria-para-formadores-de-seminario\/"},"modified":"2020-03-11T20:04:17","modified_gmt":"2020-03-11T23:04:17","slug":"comeca-2o-semana-de-formacao-missionaria-para-formadores-de-seminario","status":"publish","type":"post","link":"https:\/\/www.cnbb.org.br\/comeca-2o-semana-de-formacao-missionaria-para-formadores-de-seminario\/","title":{"rendered":"Come\u00e7a 2\u00aa Semana de Forma\u00e7\u00e3o Mission\u00e1ria para formadores de Semin\u00e1rio"},"content":{"rendered":"<p>&nbsp;<\/p>\n<div style=\"text-align: justify\"><\/div>\n<div style=\"text-align: justify\">At\u00e9 a pr\u00f3xima sexta-feira, 1\u00ba de junho, as Pontif\u00edcias Obras Mission\u00e1rias (POM) promovem a 2\u00aa Semana de Forma\u00e7\u00e3o Mission\u00e1ria para Formadores de Semin\u00e1rio. O encontro re\u00fane 15 sacerdotes de v\u00e1rias regi\u00f5es do pa\u00eds. Os trabalhos tiveram in\u00edcio na manh\u00e3 desta ter\u00e7a-feira, 29 de maio, com o tema \u201cA dimens\u00e3o mission\u00e1ria no atual contexto da forma\u00e7\u00e3o presbiteral\u201d, assessorado pelo secret\u00e1rio-executivo do Centro Cultural Mission\u00e1rio (CCM), padre Estev\u00e3o Raschietti.<\/div>\n<div style=\"text-align: justify\"><\/div>\n<p><!--more--><\/p>\n<div style=\"text-align: justify\">\n<p>\u201cO trabalho que estamos desenvolvendo n\u00e3o se situa \u00e0s margens da miss\u00e3o, mas no centro. A miss\u00e3o \u00e9 fazer disc\u00edpulos. Na medida em que trabalhamos n\u00e3o para fazer obras, mas disc\u00edpulos, todos n\u00f3s nos tornamos mission\u00e1rios; esse \u00e9 um chamado n\u00e3o s\u00f3 para quem est\u00e1 perseguindo a vida do presbiterado, mas para todos aqueles que devem fazer um trabalho de pastor: acompanhar uma comunidade que tem que se tornar mission\u00e1ria, pois, a miss\u00e3o se coloca no centro do minist\u00e9rio ordenado, como no centro do trabalho do formador\u201d, disse padre Estev\u00e3o sobre a tem\u00e1tica trabalhada hoje.<\/p>\n<p><img decoding=\"async\" loading=\"lazy\" class=\" alignright size-full wp-image-14817\" style=\"float: right\" src=\"https:\/\/www.cnbb.org.br\/wp-content\/uploads\/2020\/03\/padrejosemarcelino.jpg\" alt=\"padrejosemarcelino\" width=\"201\" height=\"133\" \/>O padre Jos\u00e9 Marcelino, formador do semin\u00e1rio de Itabira-Coronel Fabriciano (MG) afirma que o encontro \u00e9 a oportunidade de despertar a consci\u00eancia mission\u00e1ria nos participantes, a partir da troca de experi\u00eancias entre as dioceses presentes. \u201cEspero que esse encontro possa desenvolver o esp\u00edrito e consci\u00eancia mission\u00e1ria em nossos formandos e em nossas dioceses. Que possa tamb\u00e9m favorecer muito a troca da experi\u00eancia mission\u00e1ria na \u00e1rea da forma\u00e7\u00e3o. Uma diocese falando da sua experi\u00eancia mission\u00e1ria poder ajudar as outras tamb\u00e9m, formando os candidatos nesse processo\u201d.<\/p>\n<p><img decoding=\"async\" loading=\"lazy\" class=\" alignleft size-full wp-image-14818\" style=\"float: left\" src=\"https:\/\/www.cnbb.org.br\/wp-content\/uploads\/2020\/03\/alessandromasoletopadre.jpg\" alt=\"alessandromasoletopadre\" width=\"200\" height=\"133\" \/>O padre Alessandro Masoletto, de Tabo\u00e3o da Serra (SP), destacou que o desafio dos formadores \u00e9 \u201ccultivar a miss\u00e3o nos seminaristas\u201d, para que eles se sintam \u201cabertos para essa ess\u00eancia da Igreja e sigam o mandato de Jesus\u201d. Ele v\u00ea no encontro a oportunidade de, durante esses cinco dias de encontro, \u201csair com uma bagagem mission\u00e1ria para aplicar junto aos seminaristas o que a Igreja espera deles dentro dessa dimens\u00e3o\u201d.<\/p>\n<p><img decoding=\"async\" loading=\"lazy\" class=\" alignright size-full wp-image-14819\" style=\"float: right\" src=\"https:\/\/www.cnbb.org.br\/wp-content\/uploads\/2020\/03\/manoelpadream.jpg\" alt=\"manoelpadream\" width=\"199\" height=\"132\" \/>No semin\u00e1rio da arquidiocese de Manaus (AM), onde o padre Manoel Rubson \u00e9 vice-reitor, j\u00e1 existe um trabalho mission\u00e1rio desenvolvido com os seminaristas, mas ele avalia positiva a iniciativa das POM e espera aprender mais ao longo do curso. \u201cN\u00f3s estamos sempre \u00e0 procura de motiva\u00e7\u00f5es reais, concretas, para a nossa vida de presb\u00edtero. De modo particular, com esse curso, nosso horizonte tem se abrido bastante. Em Manaus n\u00f3s j\u00e1 temos um diretor mission\u00e1rio em nosso semin\u00e1rio. Nossos seminaristas j\u00e1 fazem est\u00e1gios pastorais e esta reflex\u00e3o das POM, a partir da teologia da miss\u00e3o, esta novidade bonita do Vaticano II ainda sendo redescoberta por nossas igrejas locais, com certeza est\u00e1 ajudando muito em nosso estilo de vida mission\u00e1rio que deve se ampliar\u201d, disse.<\/p>\n<\/div>\n","protected":false},"excerpt":{"rendered":"<p>&nbsp; At\u00e9 a pr\u00f3xima sexta-feira, 1\u00ba de junho, as Pontif\u00edcias Obras Mission\u00e1rias (POM) promovem a 2\u00aa Semana de Forma\u00e7\u00e3o Mission\u00e1ria para Formadores de Semin\u00e1rio. O encontro re\u00fane 15 sacerdotes de v\u00e1rias regi\u00f5es do pa\u00eds. Os trabalhos tiveram in\u00edcio na manh\u00e3 desta ter\u00e7a-feira, 29 de maio, com o tema \u201cA dimens\u00e3o mission\u00e1ria no atual contexto da &hellip;<\/p>\n<p class=\"read-more\"> <a class=\"\" href=\"https:\/\/www.cnbb.org.br\/comeca-2o-semana-de-formacao-missionaria-para-formadores-de-seminario\/\"> <span class=\"screen-reader-text\">Come\u00e7a 2\u00aa Semana de Forma\u00e7\u00e3o Mission\u00e1ria para formadores de Semin\u00e1rio<\/span> Leia mais &raquo;<\/a><\/p>\n","protected":false},"author":83,"featured_media":9489,"comment_status":"open","ping_status":"open","sticky":false,"template":"","format":"standard","meta":{"site-sidebar-layout":"default","site-content-layout":"default","ast-global-header-display":"","ast-banner-title-visibility":"","ast-main-header-display":"","ast-hfb-above-header-display":"","ast-hfb-below-header-display":"","ast-hfb-mobile-header-display":"","site-post-title":"","ast-breadcrumbs-content":"","ast-featured-img":"","footer-sml-layout":"","theme-transparent-header-meta":"","adv-header-id-meta":"","stick-header-meta":"","header-above-stick-meta":"","header-main-stick-meta":"","header-below-stick-meta":""},"categories":[854,878],"tags":[],"acf":[],"_links":{"self":[{"href":"https:\/\/www.cnbb.org.br\/cnbb-app\/wp\/v2\/posts\/9488"}],"collection":[{"href":"https:\/\/www.cnbb.org.br\/cnbb-app\/wp\/v2\/posts"}],"about":[{"href":"https:\/\/www.cnbb.org.br\/cnbb-app\/wp\/v2\/types\/post"}],"author":[{"embeddable":true,"href":"https:\/\/www.cnbb.org.br\/cnbb-app\/wp\/v2\/users\/83"}],"replies":[{"embeddable":true,"href":"https:\/\/www.cnbb.org.br\/cnbb-app\/wp\/v2\/comments?post=9488"}],"version-history":[{"count":0,"href":"https:\/\/www.cnbb.org.br\/cnbb-app\/wp\/v2\/posts\/9488\/revisions"}],"wp:featuredmedia":[{"embeddable":true,"href":"https:\/\/www.cnbb.org.br\/cnbb-app\/wp\/v2\/media\/9489"}],"wp:attachment":[{"href":"https:\/\/www.cnbb.org.br\/cnbb-app\/wp\/v2\/media?parent=9488"}],"wp:term":[{"taxonomy":"category","embeddable":true,"href":"https:\/\/www.cnbb.org.br\/cnbb-app\/wp\/v2\/categories?post=9488"},{"taxonomy":"post_tag","embeddable":true,"href":"https:\/\/www.cnbb.org.br\/cnbb-app\/wp\/v2\/tags?post=9488"}],"curies":[{"name":"wp","href":"https:\/\/api.w.org\/{rel}","templated":true}]}}