{"id":948892,"date":"2023-07-31T11:36:22","date_gmt":"2023-07-31T14:36:22","guid":{"rendered":"https:\/\/www.cnbb.org.br\/?p=948892"},"modified":"2023-07-31T11:36:47","modified_gmt":"2023-07-31T14:36:47","slug":"a-importante-mensagem-do-papa-francisco-para-a-jornada-mundial-da-juventude-e-a-maria-santissima","status":"publish","type":"post","link":"https:\/\/www.cnbb.org.br\/a-importante-mensagem-do-papa-francisco-para-a-jornada-mundial-da-juventude-e-a-maria-santissima\/","title":{"rendered":"A importante mensagem do Papa Francisco para a Jornada Mundial da Juventude e a Maria Sant\u00edssima"},"content":{"rendered":"<p style=\"text-align: right;\"><strong>Dom Vital Corbellini<br \/>\nBispo de Marab\u00e1 (PA)<\/strong><\/p>\n<p style=\"text-align: justify;\"><span data-ccp-props=\"{&quot;201341983&quot;:0,&quot;335551550&quot;:2,&quot;335551620&quot;:2,&quot;335559739&quot;:200,&quot;335559740&quot;:276}\">\u00a0<\/span><\/p>\n<p style=\"text-align: justify;\"><span data-contrast=\"auto\">Datada em 15 de agosto de 2022, na Solenidade da Assun\u00e7\u00e3o da Virgem Santa Maria, em Roma, o Papa Francisco enviou uma bonita mensagem para a Jornada Mundial da Juventude (JMJ) 2023, que se realizar\u00e1 em Lisboa, Portugal, de 01 a 06 de agosto tendo como tema: \u201cMaria levantou-se e partiu apressadamente\u201d (Lc 1,39). O tema refere-se \u00e0 miss\u00e3o da juventude de ir ao encontro do outro jovem, pessoa humana mais necessitada. Maria fez isso quando ela ficou sabendo que a sua prima Isabel, teria um filho na sua idade avan\u00e7ada, pois ela era est\u00e9ril, sabendo que para Deus nada \u00e9 imposs\u00edvel(Lc 1,37). Como diz o evangelho de Lucas, Isabel estava no sexto m\u00eas de sua gravidez (Lc 1,26), de modo que ela ficou tr\u00eas meses na sua resid\u00eancia, para prestar-lhe a ajuda at\u00e9 o nascimento de Jo\u00e3o Batista, o precursor de Jesus (Lc 1,56).\u00a0<\/span><span data-ccp-props=\"{&quot;201341983&quot;:0,&quot;335551550&quot;:6,&quot;335551620&quot;:6,&quot;335559739&quot;:200,&quot;335559740&quot;:276}\">\u00a0<\/span><\/p>\n<p style=\"text-align: justify;\"><span data-contrast=\"auto\">A mensagem do Papa Francisco.<\/span><span data-ccp-props=\"{&quot;201341983&quot;:0,&quot;335551550&quot;:6,&quot;335551620&quot;:6,&quot;335559739&quot;:200,&quot;335559740&quot;:276}\">\u00a0<\/span><\/p>\n<p style=\"text-align: justify;\"><span data-contrast=\"auto\">O Papa Francisco escolheu este tema de Maria que partiu de uma forma apressada para se encontrar com Isabel para iluminar a JMJ 2023. O convite que Deus faz para os jovens \u00e9 de levantar-se. Ele tem presente tamb\u00e9m a palavra de Jesus ao jovem, filho da vi\u00fava de Naim que era para ele levantar-se (Lc 7,14). O Papa Francisco colocou a palavra do Senhor dita para S\u00e3o Paulo no relato de sua voca\u00e7\u00e3o diante do rei Agripa que era para ele levantar-se e ficar de p\u00e9, ap\u00f3s aquela vis\u00e3o que o derrubou do cavalo (At 26,16). O significado de levantar-se \u00e9 ressuscitar, despertar para a vida<\/span><span data-contrast=\"auto\">1<\/span><span data-contrast=\"auto\">. Nestes tempos dif\u00edceis, diz o Papa Francisco em que a humanidade est\u00e1 passando pela pandemia e pela guerra, a presen\u00e7a de Maria abre para os jovens o caminho da proximidade e do encontro<\/span><span data-contrast=\"auto\">2<\/span><span data-contrast=\"auto\">, pelo fato de ela conduzir as pessoas ao seu Filho Jesus e \u00e0 humanidade reconciliada com o Senhor.\u00a0<\/span><span data-ccp-props=\"{&quot;201341983&quot;:0,&quot;335551550&quot;:6,&quot;335551620&quot;:6,&quot;335559739&quot;:200,&quot;335559740&quot;:276}\">\u00a0<\/span><\/p>\n<p style=\"text-align: justify;\"><span data-contrast=\"auto\">Maria foi ao encontro de sua prima.<\/span><span data-ccp-props=\"{&quot;201341983&quot;:0,&quot;335551550&quot;:6,&quot;335551620&quot;:6,&quot;335559739&quot;:200,&quot;335559740&quot;:276}\">\u00a0<\/span><\/p>\n<p style=\"text-align: justify;\"><span data-contrast=\"auto\">O Papa Francisco continuou na sua mensagem para a JMJ 2023, que Maria depois do an\u00fancio do anjo que ela seria a M\u00e3e do Salvador e de sua resposta positiva, ela foi logo ao encontro de sua prima Isabel, porque ela prestou ajudas nos meses finais antes do nascimento do Precursor, Jo\u00e3o Batista, e tamb\u00e9m porque ela estava com Jesus, poder de ressurrei\u00e7\u00e3o, o Cordeiro imolado, mas sempre vivo<\/span><span data-contrast=\"auto\">3<\/span><span data-contrast=\"auto\">. Desta forma ela levantou-se, pondo-se a caminho, sabendo que os planos de Deus s\u00e3o o melhor projeto para a sua vida. Maria tornou-se templo de Deus, imagem de uma Igreja que sempre se p\u00f5e a caminho e se coloca a servi\u00e7o, sendo portadora da Boa Nova do Reino de Deus<\/span><span data-contrast=\"auto\">4<\/span><span data-contrast=\"auto\">. O encontro com o Senhor fez Maria sair de si mesma, para transmitir a mensagem da alegria, da salva\u00e7\u00e3o, do Salvador que se formaria nela para os outros.\u00a0<\/span><span data-ccp-props=\"{&quot;201341983&quot;:0,&quot;335551550&quot;:6,&quot;335551620&quot;:6,&quot;335559739&quot;:200,&quot;335559740&quot;:276}\">\u00a0<\/span><\/p>\n<p style=\"text-align: justify;\"><span data-contrast=\"auto\">Modelo para os jovens.\u00a0<\/span><span data-ccp-props=\"{&quot;201341983&quot;:0,&quot;335551550&quot;:6,&quot;335551620&quot;:6,&quot;335559739&quot;:200,&quot;335559740&quot;:276}\">\u00a0<\/span><\/p>\n<p style=\"text-align: justify;\"><span data-contrast=\"auto\">O Papa Francisco afirmou que Maria torna-se modelo para os jovens que est\u00e3o em movimento, buscam os outros, s\u00e3o mission\u00e1rios, mission\u00e1rias. Maria vive na condi\u00e7\u00e3o de mulher pascal, voltada para os outros, num estado de \u00eaxodo, de sa\u00edda, sobretudo para com os mais necessitados, como ela fez no momento, para a sua prima Isabel<\/span><span data-contrast=\"auto\">5<\/span><span data-contrast=\"auto\">.<\/span><span data-ccp-props=\"{&quot;201341983&quot;:0,&quot;335551550&quot;:6,&quot;335551620&quot;:6,&quot;335559739&quot;:200,&quot;335559740&quot;:276}\">\u00a0<\/span><\/p>\n<p style=\"text-align: justify;\"><span data-contrast=\"auto\">Maria e o servi\u00e7o.\u00a0<\/span><span data-ccp-props=\"{&quot;201341983&quot;:0,&quot;335551550&quot;:6,&quot;335551620&quot;:6,&quot;335559739&quot;:200,&quot;335559740&quot;:276}\">\u00a0<\/span><\/p>\n<p style=\"text-align: justify;\"><span data-contrast=\"auto\">O Papa continuou o seu discurso no sentido de que Maria foi ditada pelo servi\u00e7o que lhe prestou \u00e0 sua prima Isabel. Ela estava cheia de Deus, de modo que ela n\u00e3o permaneceu parada. Ela deixou-se interpelar pela sua prima Isabel, j\u00e1 numa idade avan\u00e7ada, pensando mais nos outros do que nela mesma. O Papa levantou algumas perguntas para os jovens no sentido da disposi\u00e7\u00e3o em servir os outros, ajud\u00e1-los a viver melhor, porque o pouco que se faz pelo bem, pela paz, pelo mandamento do amor ao redor na vida dos jovens, ajuda o mundo a ser melhor<\/span><span data-contrast=\"auto\">6<\/span><span data-contrast=\"auto\">.\u00a0<\/span><span data-ccp-props=\"{&quot;201341983&quot;:0,&quot;335551550&quot;:6,&quot;335551620&quot;:6,&quot;335559739&quot;:200,&quot;335559740&quot;:276}\">\u00a0<\/span><\/p>\n<p style=\"text-align: justify;\"><span data-contrast=\"auto\">As necessidades dos outros.<\/span><span data-ccp-props=\"{&quot;201341983&quot;:0,&quot;335551550&quot;:6,&quot;335551620&quot;:6,&quot;335559739&quot;:200,&quot;335559740&quot;:276}\">\u00a0<\/span><\/p>\n<p style=\"text-align: justify;\"><span data-contrast=\"auto\">\u00c9 preciso que os jovens vejam as necessidades das pessoas como os presos, os migrantes, as pessoas idosas, para fazer-lhes uma visita, para ter um olhar compassivo, de amor. \u00c9 preciso ultrapassar a barreira da indiferen\u00e7a<\/span><span data-contrast=\"auto\">7<\/span><span data-contrast=\"auto\"> porque ela impede a olhar o outro com alegria e com miseric\u00f3rdia. \u00c9 preciso perceber as pressas dos jovens como de outras pessoas, para que ajam em favor da paz, do amor a Deus, ao pr\u00f3ximo como a si mesmo.\u00a0<\/span><span data-ccp-props=\"{&quot;201341983&quot;:0,&quot;335551550&quot;:6,&quot;335551620&quot;:6,&quot;335559739&quot;:200,&quot;335559740&quot;:276}\">\u00a0<\/span><\/p>\n<p style=\"text-align: justify;\"><span data-contrast=\"auto\">A partilha dos dons divinos.\u00a0<\/span><span data-ccp-props=\"{&quot;201341983&quot;:0,&quot;335551550&quot;:6,&quot;335551620&quot;:6,&quot;335559739&quot;:200,&quot;335559740&quot;:276}\">\u00a0<\/span><\/p>\n<p style=\"text-align: justify;\"><span data-contrast=\"auto\">A pressa da jovem de Nazar\u00e9, disse o Papa Francisco fez com que ela partilhasse os dons extraordin\u00e1rios do Senhor para quem mais necessitava dela, no caso Isabel. \u00c9 preciso partilhar os dons que o Senhor d\u00e1 para as pessoas e para os jovens, para tornar o mundo melhor, mais humano e fraterno. Maria \u00e9 o exemplo para o jovem que n\u00e3o perde tempo em voltar-se para si mesmo, mas para os outros, para Deus, porque a prefer\u00eancia \u00e9 o servi\u00e7o<\/span><span data-contrast=\"auto\">8<\/span><span data-contrast=\"auto\">, \u00e9 a constru\u00e7\u00e3o da paz e da reconcilia\u00e7\u00e3o.\u00a0<\/span><span data-ccp-props=\"{&quot;201341983&quot;:0,&quot;335551550&quot;:6,&quot;335551620&quot;:6,&quot;335559739&quot;:200,&quot;335559740&quot;:276}\">\u00a0<\/span><\/p>\n<p style=\"text-align: justify;\"><span data-contrast=\"auto\">A import\u00e2ncia da visita de Maria.<\/span><span data-ccp-props=\"{&quot;201341983&quot;:0,&quot;335551550&quot;:6,&quot;335551620&quot;:6,&quot;335559739&quot;:200,&quot;335559740&quot;:276}\">\u00a0<\/span><\/p>\n<p style=\"text-align: justify;\"><span data-contrast=\"auto\">A visita de Maria \u00e9 carregada de import\u00e2ncia no sentido da supera\u00e7\u00e3o da indiferen\u00e7a para com o pr\u00f3ximo, para visitar espa\u00e7os e pessoas necessitados de sua ajuda feita com carinho, com amor. Quando os passos humanos s\u00e3o habitados por Deus levam de uma forma direta ao cora\u00e7\u00e3o dos irm\u00e3os, das irm\u00e3s<\/span><span data-contrast=\"auto\">9<\/span><span data-contrast=\"auto\">, sobretudo dos jovens. O Papa lembra as apari\u00e7\u00f5es que Maria fez, por gra\u00e7a do Senhor em muitos lugares pelo mundo afora, proporcionando ternura e compaix\u00e3o<\/span><span data-contrast=\"auto\">10<\/span><span data-contrast=\"auto\">, pedindo \u00e0s pessoas, ora\u00e7\u00f5es em favor da paz no mundo. Muitos santu\u00e1rios, capelas ergueram-se com a imagem de Nossa Senhora, fazendo os fieis pedirem gra\u00e7as, para as suas necessidades e para o mundo. O Papa afirmou quantas express\u00f5es marianas percebem-se pela piedade popular. \u00c9 a rela\u00e7\u00e3o de proximidade entre a M\u00e3e do Senhor e o seu povo que se visitam de uma forma rec\u00edproca<\/span><span data-contrast=\"auto\">11<\/span><span data-contrast=\"auto\">.\u00a0<\/span><span data-ccp-props=\"{&quot;201341983&quot;:0,&quot;335551550&quot;:6,&quot;335551620&quot;:6,&quot;335559739&quot;:200,&quot;335559740&quot;:276}\">\u00a0<\/span><\/p>\n<p style=\"text-align: justify;\"><span data-contrast=\"auto\">A pressa fundamentada.<\/span><span data-ccp-props=\"{&quot;201341983&quot;:0,&quot;335551550&quot;:6,&quot;335551620&quot;:6,&quot;335559739&quot;:200,&quot;335559740&quot;:276}\">\u00a0<\/span><\/p>\n<p style=\"text-align: justify;\"><span data-contrast=\"auto\">A pressa de voltar-se para o alto, para Deus e para o outro faz com que as pessoas busquem o essencial na vida. O Papa falou da pressa boa, interessante como foi a de Maria que era fundamentada em Cristo que carregava em vista de ajudar \u00e0 sua prima Isabel. Se os jovens carregam tamb\u00e9m algumas pressas d\u00eaem lugar para o bem, para o mundo ser melhor, na fam\u00edlia, na comunidade e na sociedade. Maria teve um encontro maravilhoso com Isabel, porque esta experimentou uma interven\u00e7\u00e3o divina, porque o Senhor lhe deu na sua velhice um filho. A sauda\u00e7\u00e3o de Maria fez com que Isabel ficasse cheia do Esp\u00edrito Santo (Lc 1,41). O Esp\u00edrito Santo vem em socorro da pessoa humana quando se vive uma verdadeira hospitalidade pelo fato de ter no centro o h\u00f3spede, o Senhor Jesus<\/span><span data-contrast=\"auto\">12<\/span><span data-contrast=\"auto\">. Zaqueu acolheu bem a Jesus, com muita alegria, em sua casa (Lc 19, 5-6).\u00a0<\/span><span data-ccp-props=\"{&quot;201341983&quot;:0,&quot;335551550&quot;:6,&quot;335551620&quot;:6,&quot;335559739&quot;:200,&quot;335559740&quot;:276}\">\u00a0<\/span><\/p>\n<p style=\"text-align: justify;\"><span data-contrast=\"auto\">Jesus vem ao encontro.<\/span><span data-ccp-props=\"{&quot;201341983&quot;:0,&quot;335551550&quot;:6,&quot;335551620&quot;:6,&quot;335559739&quot;:200,&quot;335559740&quot;:276}\">\u00a0<\/span><\/p>\n<p style=\"text-align: justify;\"><span data-contrast=\"auto\">A pessoa experimenta a vinda de Jesus em vista do encontro com o outro, da vida que vai se desenvolvendo para o bem, para o amor. Jesus caminha com o seu povo de modo que \u00e9 preciso vivenciar o seu olhar misericordioso para com as pessoas. A acolhida com o Senhor ajuda a pessoa a estar com ele, conhec\u00ea-lo melhor, am\u00e1-lo nos outros. Isabel e Zacarias acolheram com alegria e com amor Maria e Jesus de modo que \u00e9 preciso aprender dos anci\u00e3os a import\u00e2ncia do encontro com o Senhor<\/span><span data-contrast=\"auto\">13<\/span><span data-contrast=\"auto\">.<\/span><span data-ccp-props=\"{&quot;201341983&quot;:0,&quot;335551550&quot;:6,&quot;335551620&quot;:6,&quot;335559739&quot;:200,&quot;335559740&quot;:276}\">\u00a0<\/span><\/p>\n<p style=\"text-align: justify;\"><span data-contrast=\"auto\">A acolhida do diferente.<\/span><span data-ccp-props=\"{&quot;201341983&quot;:0,&quot;335551550&quot;:6,&quot;335551620&quot;:6,&quot;335559739&quot;:200,&quot;335559740&quot;:276}\">\u00a0<\/span><\/p>\n<p style=\"text-align: justify;\"><span data-contrast=\"auto\">O Papa Francisco insiste junto aos jovens para acolhida do diferente como foi entre Maria, a jovem, e Isabel, a idosa. Desta forma superar-se-\u00e1 a dist\u00e2ncia entre as gera\u00e7\u00f5es, entre as classes sociais, entre grupos e categorias de todo g\u00eanero, e tamb\u00e9m as guerras que matam milhares de pessoas. Os jovens s\u00e3o a esperan\u00e7a de uma unidade numa humanidade dividida, fragmentada, de modo que \u00e9 preciso uma alian\u00e7a entre jovens e idosos<\/span><span data-contrast=\"auto\">14<\/span><span data-contrast=\"auto\"> em vista da unidade e da fraternidade entre as pessoas e povos.\u00a0<\/span><span data-ccp-props=\"{&quot;201341983&quot;:0,&quot;335551550&quot;:6,&quot;335551620&quot;:6,&quot;335559739&quot;:200,&quot;335559740&quot;:276}\">\u00a0<\/span><\/p>\n<p style=\"text-align: justify;\"><span data-contrast=\"auto\">Jesus \u00e9 a resposta humana nos desafios.<\/span><span data-ccp-props=\"{&quot;201341983&quot;:0,&quot;335551550&quot;:6,&quot;335551620&quot;:6,&quot;335559739&quot;:200,&quot;335559740&quot;:276}\">\u00a0<\/span><\/p>\n<p style=\"text-align: justify;\"><span data-contrast=\"auto\">O Papa falou do Senhor Jesus como a resposta diante dos desafios da humanidade de todos os tempos. Maria carregou-a dentro de si no encontro que teve com Isabel. O maior presente que Maria ofereceu a Isabel foi levar-lhe Jesus. A casa ficou cheia da alegria divina pela presen\u00e7a de Jesus no ventre da Virgem Maria, que se tornara tabern\u00e1culo do Deus vivo<\/span><span data-contrast=\"auto\">15<\/span><span data-contrast=\"auto\">. Na regi\u00e3o montanhosa, segundo o Papa Francisco Jesus proclamou a bem-aventuran\u00e7a dos pequeninos e dos humildes que se entregam a miseric\u00f3rdia de Deus<\/span><span data-contrast=\"auto\">16<\/span><span data-contrast=\"auto\">.\u00a0<\/span><span data-ccp-props=\"{&quot;201341983&quot;:0,&quot;335551550&quot;:6,&quot;335551620&quot;:6,&quot;335559739&quot;:200,&quot;335559740&quot;:276}\">\u00a0<\/span><\/p>\n<p style=\"text-align: justify;\"><span data-contrast=\"auto\">Jesus \u00e9 a grande mensagem que o Papa falou aos jovens, na qual a Igreja \u00e9 portadora, o seu amor infinito, a sua salva\u00e7\u00e3o, a sua vida nova. Maria \u00e9 o modelo da acolhida do dom de Deus, que \u00e9 Jesus e \u00e9 importante comunic\u00e1-lo aos outros com amor, fazendo portadores de Cristo, do servi\u00e7o generoso \u00e0 humanidade sofredora. O Papa desejou um encontro feliz com os jovens em Lisboa, com Deus, com os irm\u00e3os e irm\u00e3s<\/span><span data-contrast=\"auto\">17<\/span><span data-contrast=\"auto\">.<\/span><span data-ccp-props=\"{&quot;201341983&quot;:0,&quot;335551550&quot;:6,&quot;335551620&quot;:6,&quot;335559739&quot;:200,&quot;335559740&quot;:276}\">\u00a0<\/span><\/p>\n<p style=\"text-align: justify;\"><span data-contrast=\"auto\">N\u00f3s rezamos pela Trig\u00e9sima S\u00e9tima Jornada Mundial da Juventude que se realizar\u00e1 de 01 a 06 de agosto de 2023, em Lisboa, Portugal, com a presen\u00e7a do Papa Francisco, milhares de jovens de Portugal e do mundo afora. Nossa Senhora da Visita\u00e7\u00e3o acompanhe a juventude, o Papa, todas as pessoas envolvidas no evento maravilhoso. Deus Uno e Trino aben\u00e7oe o povo de Deus e tudo ocorra conforme a sua Vontade.<\/span><span data-ccp-props=\"{&quot;201341983&quot;:0,&quot;335551550&quot;:6,&quot;335551620&quot;:6,&quot;335559739&quot;:200,&quot;335559740&quot;:276}\">\u00a0<\/span><\/p>\n<p><span data-ccp-props=\"{&quot;201341983&quot;:0,&quot;335559739&quot;:200,&quot;335559740&quot;:276}\">\u00a0<\/span><\/p>\n","protected":false},"excerpt":{"rendered":"<p>Dom Vital Corbellini Bispo de Marab\u00e1 (PA) \u00a0 Datada em 15 de agosto de 2022, na Solenidade da Assun\u00e7\u00e3o da Virgem Santa Maria, em Roma, o Papa Francisco enviou uma bonita mensagem para a Jornada Mundial da Juventude (JMJ) 2023, que se realizar\u00e1 em Lisboa, Portugal, de 01 a 06 de agosto tendo como tema: &hellip;<\/p>\n<p class=\"read-more\"> <a class=\"\" href=\"https:\/\/www.cnbb.org.br\/a-importante-mensagem-do-papa-francisco-para-a-jornada-mundial-da-juventude-e-a-maria-santissima\/\"> <span class=\"screen-reader-text\">A importante mensagem do Papa Francisco para a Jornada Mundial da Juventude e a Maria Sant\u00edssima<\/span> Leia mais &raquo;<\/a><\/p>\n","protected":false},"author":16,"featured_media":0,"comment_status":"closed","ping_status":"closed","sticky":false,"template":"","format":"standard","meta":{"site-sidebar-layout":"default","site-content-layout":"default","ast-global-header-display":"","ast-banner-title-visibility":"","ast-main-header-display":"","ast-hfb-above-header-display":"","ast-hfb-below-header-display":"","ast-hfb-mobile-header-display":"","site-post-title":"","ast-breadcrumbs-content":"","ast-featured-img":"","footer-sml-layout":"","theme-transparent-header-meta":"default","adv-header-id-meta":"","stick-header-meta":"","header-above-stick-meta":"","header-main-stick-meta":"","header-below-stick-meta":""},"categories":[758,1837],"tags":[],"acf":[],"_links":{"self":[{"href":"https:\/\/www.cnbb.org.br\/cnbb-app\/wp\/v2\/posts\/948892"}],"collection":[{"href":"https:\/\/www.cnbb.org.br\/cnbb-app\/wp\/v2\/posts"}],"about":[{"href":"https:\/\/www.cnbb.org.br\/cnbb-app\/wp\/v2\/types\/post"}],"author":[{"embeddable":true,"href":"https:\/\/www.cnbb.org.br\/cnbb-app\/wp\/v2\/users\/16"}],"replies":[{"embeddable":true,"href":"https:\/\/www.cnbb.org.br\/cnbb-app\/wp\/v2\/comments?post=948892"}],"version-history":[{"count":1,"href":"https:\/\/www.cnbb.org.br\/cnbb-app\/wp\/v2\/posts\/948892\/revisions"}],"predecessor-version":[{"id":948893,"href":"https:\/\/www.cnbb.org.br\/cnbb-app\/wp\/v2\/posts\/948892\/revisions\/948893"}],"wp:attachment":[{"href":"https:\/\/www.cnbb.org.br\/cnbb-app\/wp\/v2\/media?parent=948892"}],"wp:term":[{"taxonomy":"category","embeddable":true,"href":"https:\/\/www.cnbb.org.br\/cnbb-app\/wp\/v2\/categories?post=948892"},{"taxonomy":"post_tag","embeddable":true,"href":"https:\/\/www.cnbb.org.br\/cnbb-app\/wp\/v2\/tags?post=948892"}],"curies":[{"name":"wp","href":"https:\/\/api.w.org\/{rel}","templated":true}]}}