{"id":9494,"date":"2012-07-14T00:00:00","date_gmt":"2012-07-14T03:00:00","guid":{"rendered":"https:\/\/www.cnbb.org.br\/discipulado-missionario-debate-no-3-congresso-missionario-nacional\/"},"modified":"2020-03-11T20:04:16","modified_gmt":"2020-03-11T23:04:16","slug":"discipulado-missionario-debate-no-3-congresso-missionario-nacional","status":"publish","type":"post","link":"https:\/\/www.cnbb.org.br\/discipulado-missionario-debate-no-3-congresso-missionario-nacional\/","title":{"rendered":"Discipulado mission\u00e1rio: debate no 3. Congresso Mission\u00e1rio Nacional"},"content":{"rendered":"<p style=\"padding-top: 5px;padding-right: 0px;padding-bottom: 5px;padding-left: 0px;text-align: justify;margin: 0px\"><span style=\"line-height: 19px;font-size: xx-small\"><span style=\"font-size: 10pt\">O 3. Congresso Mission\u00e1rio Brasileiro tem continuidade neste s\u00e1bado, 14 de julho, e o tema central \u00e9 aprofundado pelos v\u00e1rios grupos presentes no encontro que se realiza at\u00e9 amanh\u00e3, domingo, 15 de julho, na cidade de Palmas (TO). A assessoria de imprensa do evento envia informa\u00e7\u00f5es sobre o debate do tema central na perspectiva dos leigos.<\/span><\/span><\/p>\n<p style=\"padding-top: 5px;padding-right: 0px;padding-bottom: 5px;padding-left: 0px;text-align: justify;margin: 0px\"><span style=\"padding: 0px;margin: 0px\"><span style=\"font-size: 10pt\"> <\/span><\/span><\/p>\n<p>  <!--more-->  <\/p>\n<p style=\"padding-top: 5px;padding-right: 0px;padding-bottom: 5px;padding-left: 0px;text-align: justify;margin: 0px\">O tema do 3\u00ba Congresso Mission\u00e1rio Nacional \u00e9 uma continuidade, um prolongamento das preocupa\u00e7\u00f5es apresentadas pela Confer\u00eancia de Aparecida, em maio de 2007, que trouxe entre suas propostas a realiza\u00e7\u00e3o da miss\u00e3o, mantendo a Igreja em estado permanente de miss\u00e3o. Nesse sentido, o mutir\u00e3o dos leigos buscou associar o tema do Congresso com o da miss\u00e3o continental, que \u00e9 o grande legado da Confer\u00eancia, visando contribuir para a reflex\u00e3o mission\u00e1ria a partir da perspectiva do leigo.<\/p>\n<p style=\"padding-top: 5px;padding-right: 0px;padding-bottom: 5px;padding-left: 0px;text-align: justify;margin: 0px\"><span style=\"font-size: small;padding: 0px;margin: 0px\">Na Confer\u00eancia de Aparecida a miss\u00e3o continental surge como resposta \u00e0s preocupa\u00e7\u00f5es da Igreja com a forma\u00e7\u00e3o de uma sociedade secularizada e pluricultural, diante da percep\u00e7\u00e3o de uma mudan\u00e7a de \u00e9poca que sinaliza a forma\u00e7\u00e3o de uma nova sociedade. Essa sociedade tem como caracter\u00edstica o distanciamento do per\u00edodo chamado cristandade, onde se acentuava o religioso e suas express\u00f5es, e preserva-se, sobretudo, os valores da f\u00e9 cat\u00f3lica.<br style=\"padding: 0px;margin: 0px\" \/><br style=\"padding: 0px;margin: 0px\" \/>Tamb\u00e9m na sociedade secularizada e pluricultural, al\u00e9m da crise de sentido das tradi\u00e7\u00f5es religiosas, tudo passa a ser relativo. A seculariza\u00e7\u00e3o traz uma autonomia das coisas do mundo e uma certa relativiza\u00e7\u00e3o da autoridade religiosa e tende cada vez mais a falar do secularismo, que \u00e9 a rejei\u00e7\u00e3o da express\u00e3o da religi\u00e3o no espa\u00e7o p\u00fablico, ou seja, os valores da modernidade se acham superiores e negam o espa\u00e7o de manifesta\u00e7\u00e3o da religi\u00e3o.\u00a0<br style=\"padding: 0px;margin: 0px\" \/><br style=\"padding: 0px;margin: 0px\" \/>A crise das institui\u00e7\u00f5es pode ser explicada por causa desse relativismo. De certa forma tudo vale. E quando tudo vale as coisas perdem o seu valor. Come\u00e7a-se uma relativiza\u00e7\u00e3o dos valores morais, onde o importante \u00e9 ser feliz, levando cada um a fazer o que quer. Esse relativismo cria a sociedade dos descolados, dos que vivem segundo seus pr\u00f3prios princ\u00edpios e ningu\u00e9m tem nada a ver com isso. E isso \u00e9 perigoso. <\/span><span style=\"font-size: small;padding: 0px;margin: 0px\"><br style=\"padding: 0px;margin: 0px\" \/><br style=\"padding: 0px;margin: 0px\" \/>Podemos sentir como \u00e9 disseminada a pr\u00e1tica da corrup\u00e7\u00e3o atrav\u00e9s do cinismo na pol\u00edtica. Por mais que se fale em valores \u00e9ticos, as pessoas maquiam as situa\u00e7\u00f5es, tirando proveito. Nessa sociedade os pobres s\u00e3o cada vez mais descartados e se antigamente existia uma moralidade na pobreza hoje ser pobre passa a ser sin\u00f4nimo de vergonha.<br style=\"padding: 0px;margin: 0px\" \/><br style=\"padding: 0px;margin: 0px\" \/>O laicismo surge como uma das express\u00f5es do secularismo, estabelecendo-se que o Estado tem que ser laico, sem qualquer interfer\u00eancia da religi\u00e3o, tornando-se quase um dogma, uma outra forma de religi\u00e3o. Uma certa forma de fundamentalismo, uma radicaliza\u00e7\u00e3o da laicidade e do secularismo que nega e tende a erradicar qualquer forma de manifesta\u00e7\u00e3o religiosa.\u00a0<br style=\"padding: 0px;margin: 0px\" \/><br style=\"padding: 0px;margin: 0px\" \/>O fundamentalismo \u00e9 o contr\u00e1rio do relativismo, ou seja, quando tudo \u00e9 relativo, cresce a inseguran\u00e7a das pessoas; quando est\u00e3o inseguras, procuram algum tipo de t\u00e1bua de salva\u00e7\u00e3o, surgindo, assim o fundamentalismo, que pode ser explicado com o exemplo de quando se pega um texto e o aplica ao p\u00e9 da letra.\u00a0<br style=\"padding: 0px;margin: 0px\" \/><br style=\"padding: 0px;margin: 0px\" \/>A globaliza\u00e7\u00e3o pode ser citada como um dos respons\u00e1veis pela acelera\u00e7\u00e3o da sociedade secularizada, uma vez que as informa\u00e7\u00f5es circulam mais rapidamente, assim como tamb\u00e9m aceleraram-se os contatos interculturais, com a presen\u00e7a cada vez maior do mundo moderno na vida das pessoas.<br style=\"padding: 0px;margin: 0px\" \/><br style=\"padding: 0px;margin: 0px\" \/>Nessa sociedade existe um retorno \u00e0 sacralidade, mas a grande preocupa\u00e7\u00e3o consiste em saber que tipo de religi\u00e3o as pessoas est\u00e3o procurando.<br style=\"padding: 0px;margin: 0px\" \/><br style=\"padding: 0px;margin: 0px\" \/><em>Por Jaqueline de Freitas, da Assessoria de Imprensa do 3\u00ba CMN<\/em><br style=\"padding: 0px;margin: 0px\" \/><\/span><\/p>\n","protected":false},"excerpt":{"rendered":"<p>O 3. Congresso Mission\u00e1rio Brasileiro tem continuidade neste s\u00e1bado, 14 de julho, e o tema central \u00e9 aprofundado pelos v\u00e1rios grupos presentes no encontro que se realiza at\u00e9 amanh\u00e3, domingo, 15 de julho, na cidade de Palmas (TO). A assessoria de imprensa do evento envia informa\u00e7\u00f5es sobre o debate do tema central na perspectiva dos &hellip;<\/p>\n<p class=\"read-more\"> <a class=\"\" href=\"https:\/\/www.cnbb.org.br\/discipulado-missionario-debate-no-3-congresso-missionario-nacional\/\"> <span class=\"screen-reader-text\">Discipulado mission\u00e1rio: debate no 3. Congresso Mission\u00e1rio Nacional<\/span> Leia mais &raquo;<\/a><\/p>\n","protected":false},"author":83,"featured_media":9495,"comment_status":"open","ping_status":"open","sticky":false,"template":"","format":"standard","meta":{"site-sidebar-layout":"default","site-content-layout":"default","ast-global-header-display":"","ast-banner-title-visibility":"","ast-main-header-display":"","ast-hfb-above-header-display":"","ast-hfb-below-header-display":"","ast-hfb-mobile-header-display":"","site-post-title":"","ast-breadcrumbs-content":"","ast-featured-img":"","footer-sml-layout":"","theme-transparent-header-meta":"","adv-header-id-meta":"","stick-header-meta":"","header-above-stick-meta":"","header-main-stick-meta":"","header-below-stick-meta":""},"categories":[854,878],"tags":[],"acf":[],"_links":{"self":[{"href":"https:\/\/www.cnbb.org.br\/cnbb-app\/wp\/v2\/posts\/9494"}],"collection":[{"href":"https:\/\/www.cnbb.org.br\/cnbb-app\/wp\/v2\/posts"}],"about":[{"href":"https:\/\/www.cnbb.org.br\/cnbb-app\/wp\/v2\/types\/post"}],"author":[{"embeddable":true,"href":"https:\/\/www.cnbb.org.br\/cnbb-app\/wp\/v2\/users\/83"}],"replies":[{"embeddable":true,"href":"https:\/\/www.cnbb.org.br\/cnbb-app\/wp\/v2\/comments?post=9494"}],"version-history":[{"count":0,"href":"https:\/\/www.cnbb.org.br\/cnbb-app\/wp\/v2\/posts\/9494\/revisions"}],"wp:featuredmedia":[{"embeddable":true,"href":"https:\/\/www.cnbb.org.br\/cnbb-app\/wp\/v2\/media\/9495"}],"wp:attachment":[{"href":"https:\/\/www.cnbb.org.br\/cnbb-app\/wp\/v2\/media?parent=9494"}],"wp:term":[{"taxonomy":"category","embeddable":true,"href":"https:\/\/www.cnbb.org.br\/cnbb-app\/wp\/v2\/categories?post=9494"},{"taxonomy":"post_tag","embeddable":true,"href":"https:\/\/www.cnbb.org.br\/cnbb-app\/wp\/v2\/tags?post=9494"}],"curies":[{"name":"wp","href":"https:\/\/api.w.org\/{rel}","templated":true}]}}