{"id":949496,"date":"2023-08-08T16:40:57","date_gmt":"2023-08-08T19:40:57","guid":{"rendered":"https:\/\/www.cnbb.org.br\/?p=949496"},"modified":"2023-08-08T16:41:25","modified_gmt":"2023-08-08T19:41:25","slug":"ano-vocacional-10","status":"publish","type":"post","link":"https:\/\/www.cnbb.org.br\/ano-vocacional-10\/","title":{"rendered":"Ano vocacional"},"content":{"rendered":"<p style=\"text-align: right;\"><strong>Dom Alo\u00edsio Alberto Dilli<br \/>\nBispo de Santa Cruz do Sul (RS)<\/strong><\/p>\n<p>&nbsp;<\/p>\n<p><b><span data-contrast=\"auto\">ANO VOCACIONAL &#8211; 02<\/span><\/b><span data-ccp-props=\"{&quot;201341983&quot;:0,&quot;335551550&quot;:2,&quot;335551620&quot;:2,&quot;335559739&quot;:0,&quot;335559740&quot;:240}\">\u00a0<\/span><\/p>\n<p style=\"text-align: justify;\"><span data-contrast=\"auto\">Caros diocesanos. Estamos no Ano Vocacional e continuaremos hoje nossa reflex\u00e3o, a partir de seu respectivo Texto-Base (TB), destacando a voca\u00e7\u00e3o a partir do Conc\u00edlio Vaticano II, o Documento de Aparecida e do Magist\u00e9rio do Papa Francisco. J\u00e1 o Conc\u00edlio, ao abordar o tema da identidade da pr\u00f3pria Igreja, como Povo de Deus, afirmava que, a partir do batismo, todos t\u00eam a mesma dignidade, todos s\u00e3o vocacionados \u00e0 santidade e chamados a participar da miss\u00e3o evangelizadora (cf. LG 39). Por isso afirma o Texto-Base: \u201c<\/span><i><span data-contrast=\"auto\">A voca\u00e7\u00e3o, no Conc\u00edlio, \u00e9 entendida como um chamado a todos e est\u00e1 diretamente ligada \u00e0 consci\u00eancia mission\u00e1ria, sendo ela uma resposta que conduz \u00e0 santidade<\/span><\/i><span data-contrast=\"auto\">\u201d (TB, n. 24). Assim, cada um de n\u00f3s \u00e9 convidado a viver a santidade como uma resposta ao chamado que Deus nos faz. E a voca\u00e7\u00e3o \u00e9 entendida como dom, como gra\u00e7a, que se torna compromisso de coopera\u00e7\u00e3o com a vontade divina. Esta voca\u00e7\u00e3o da pessoa humana n\u00e3o pode ser vivida de maneira isolada, mas em comunh\u00e3o com os outros. Por isso afirma o Texto-Base: \u201c<\/span><i><span data-contrast=\"auto\">O ser humano torna-se capaz de responder \u00e0 sua pr\u00f3pria voca\u00e7\u00e3o, gra\u00e7as ao contato com os demais, ao m\u00fatuo servi\u00e7o e ao di\u00e1logo com os seus irm\u00e3os (GS, n. 25)<\/span><\/i><span data-contrast=\"auto\">\u201d (TB, n. 29).<\/span><span data-ccp-props=\"{&quot;201341983&quot;:0,&quot;335551550&quot;:6,&quot;335551620&quot;:6,&quot;335559731&quot;:708,&quot;335559739&quot;:0,&quot;335559740&quot;:240}\">\u00a0<\/span><\/p>\n<p style=\"text-align: justify;\"><span data-contrast=\"auto\">O Documento de Aparecida nos revela que o chamado de Deus Trindade sempre se manifesta como uma antecipa\u00e7\u00e3o no amor e que acompanha os disc\u00edpulos mission\u00e1rios\/as em sua miss\u00e3o evangelizadora no mundo. Como modelo de pessoa vocacionada foi apresentada a Virgem Maria: M\u00e3e de Deus e nossa, a disc\u00edpula mais perfeita do Senhor (cf. LG, n. 53), a mission\u00e1ria que acolheu a Palavra e abra\u00e7ou o projeto de Deus para a salva\u00e7\u00e3o de toda humanidade (cf. TB, n. 36). O amor de Deus est\u00e1 no in\u00edcio e no fim de todo chamado, tamb\u00e9m do nosso: \u201c<\/span><i><span data-contrast=\"auto\">O chamado dirigido \u00e0 criatura tem sua origem no Amor Trinit\u00e1rio, que toma a frente na decis\u00e3o de vir ao nosso encontro e nos convidar a participar de sua Vida<\/span><\/i><span data-contrast=\"auto\">\u201d (TB, n. 38). Diante deste amor primeiro de quem chama, espera-se a resposta de quem \u00e9 vocacionado para ser disc\u00edpulo mission\u00e1rio em meio \u00e0 humanidade. Essa resposta se identifica como um entregar a vida pela salva\u00e7\u00e3o do pr\u00f3ximo, pois n\u00e3o se pode guardar para si tal gra\u00e7a, sem faz\u00ea-la resplandecer em todas as dimens\u00f5es da vida. Esta resposta do disc\u00edpulo mission\u00e1rio\/a vai cristificando homens e mulheres que semeiam esperan\u00e7a e vida para a humanidade, anunciando o Reino de Deus (TB, n. 49 e 54).<\/span><span data-ccp-props=\"{&quot;201341983&quot;:0,&quot;335551550&quot;:6,&quot;335551620&quot;:6,&quot;335559731&quot;:708,&quot;335559739&quot;:0,&quot;335559740&quot;:240}\">\u00a0<\/span><\/p>\n<p style=\"text-align: justify;\"><span data-contrast=\"auto\">O Papa Francisco segue e renova o esp\u00edrito mission\u00e1rio do Vaticano II e tornou-se profundo propagador das conclus\u00f5es da Quinta Confer\u00eancia Latino-Americana de Aparecida. Sua valoriza\u00e7\u00e3o dos minist\u00e9rios confirma uma Igreja vocacionada, inserida no mundo, que n\u00e3o exclui, mas congrega na unidade, na alegria, no amor e no servi\u00e7o ao pr\u00f3ximo. O chamado vocacional nos coloca no seguimento e na amizade com Jesus Cristo e busca a cultura do encontro, da constru\u00e7\u00e3o de pontes e n\u00e3o da separa\u00e7\u00e3o; ela \u00e9 misericordiosa e nos impulsiona ao encontro do outro. Neste sentido, o Texto-Base afirma: \u201c<\/span><i><span data-contrast=\"auto\">Uma comunidade vocacionada \u00e9 uma casa de portas abertas, que acolhe a todos com o b\u00e1lsamo da miseric\u00f3rdia do Pai e que vai ao encontro dos mais necessitados<\/span><\/i><span data-contrast=\"auto\">\u201d (TB, n. 65). Nosso Papa Francisco, como pudemos ouvir e perceber vivamente em nossa Visita ad Limina, destaca-se por atitudes de alegria no servir. \u00c9 uma alegria que se vive em comunh\u00e3o, que se partilha e se comunica: \u201c<\/span><i><span data-contrast=\"auto\">\u00c9 um servi\u00e7o que gera uma proximidade fiel a Deus e ao pr\u00f3ximo, e esse testemunho de fidelidade \u00e9 o segredo da alegria<\/span><\/i><span data-contrast=\"auto\">\u201d (TB, n.68). Para o Santo Padre, o acompanhamento vocacional caracteriza-se como ajuda para discernir o chamado de Deus na vida de cada pessoa: \u201c<\/span><i><span data-contrast=\"auto\">N\u00e3o h\u00e1 alegria maior do que arriscar a vida pelo Senhor<\/span><\/i><span data-contrast=\"auto\">\u201d (TB, n. 81).\u00a0<\/span><span data-ccp-props=\"{&quot;201341983&quot;:0,&quot;335551550&quot;:6,&quot;335551620&quot;:6,&quot;335559731&quot;:708,&quot;335559739&quot;:0,&quot;335559740&quot;:240}\">\u00a0<\/span><\/p>\n<p>&nbsp;<\/p>\n","protected":false},"excerpt":{"rendered":"<p>Dom Alo\u00edsio Alberto Dilli Bispo de Santa Cruz do Sul (RS) &nbsp; ANO VOCACIONAL &#8211; 02\u00a0 Caros diocesanos. Estamos no Ano Vocacional e continuaremos hoje nossa reflex\u00e3o, a partir de seu respectivo Texto-Base (TB), destacando a voca\u00e7\u00e3o a partir do Conc\u00edlio Vaticano II, o Documento de Aparecida e do Magist\u00e9rio do Papa Francisco. J\u00e1 o &hellip;<\/p>\n<p class=\"read-more\"> <a class=\"\" href=\"https:\/\/www.cnbb.org.br\/ano-vocacional-10\/\"> <span class=\"screen-reader-text\">Ano vocacional<\/span> Leia mais &raquo;<\/a><\/p>\n","protected":false},"author":33,"featured_media":0,"comment_status":"closed","ping_status":"closed","sticky":false,"template":"","format":"standard","meta":{"site-sidebar-layout":"default","site-content-layout":"default","ast-global-header-display":"","ast-banner-title-visibility":"","ast-main-header-display":"","ast-hfb-above-header-display":"","ast-hfb-below-header-display":"","ast-hfb-mobile-header-display":"","site-post-title":"","ast-breadcrumbs-content":"","ast-featured-img":"","footer-sml-layout":"","theme-transparent-header-meta":"default","adv-header-id-meta":"","stick-header-meta":"","header-above-stick-meta":"","header-main-stick-meta":"","header-below-stick-meta":""},"categories":[758],"tags":[],"acf":[],"_links":{"self":[{"href":"https:\/\/www.cnbb.org.br\/cnbb-app\/wp\/v2\/posts\/949496"}],"collection":[{"href":"https:\/\/www.cnbb.org.br\/cnbb-app\/wp\/v2\/posts"}],"about":[{"href":"https:\/\/www.cnbb.org.br\/cnbb-app\/wp\/v2\/types\/post"}],"author":[{"embeddable":true,"href":"https:\/\/www.cnbb.org.br\/cnbb-app\/wp\/v2\/users\/33"}],"replies":[{"embeddable":true,"href":"https:\/\/www.cnbb.org.br\/cnbb-app\/wp\/v2\/comments?post=949496"}],"version-history":[{"count":1,"href":"https:\/\/www.cnbb.org.br\/cnbb-app\/wp\/v2\/posts\/949496\/revisions"}],"predecessor-version":[{"id":949497,"href":"https:\/\/www.cnbb.org.br\/cnbb-app\/wp\/v2\/posts\/949496\/revisions\/949497"}],"wp:attachment":[{"href":"https:\/\/www.cnbb.org.br\/cnbb-app\/wp\/v2\/media?parent=949496"}],"wp:term":[{"taxonomy":"category","embeddable":true,"href":"https:\/\/www.cnbb.org.br\/cnbb-app\/wp\/v2\/categories?post=949496"},{"taxonomy":"post_tag","embeddable":true,"href":"https:\/\/www.cnbb.org.br\/cnbb-app\/wp\/v2\/tags?post=949496"}],"curies":[{"name":"wp","href":"https:\/\/api.w.org\/{rel}","templated":true}]}}