{"id":9496,"date":"2012-07-14T00:00:00","date_gmt":"2012-07-14T03:00:00","guid":{"rendered":"https:\/\/www.cnbb.org.br\/mutiroes-de-reflexao-no-3-congresso-missionario-nacional\/"},"modified":"2020-03-11T20:04:16","modified_gmt":"2020-03-11T23:04:16","slug":"mutiroes-de-reflexao-no-3-congresso-missionario-nacional","status":"publish","type":"post","link":"https:\/\/www.cnbb.org.br\/mutiroes-de-reflexao-no-3-congresso-missionario-nacional\/","title":{"rendered":"Mutir\u00f5es de reflex\u00e3o no 3. Congresso Mission\u00e1rio Nacional"},"content":{"rendered":"<p style=\"text-align: justify;margin: 0px;padding: 5px 0px 5px 0px\"><span style=\"font-size: small;padding: 0px;margin: 0px\">Na tarde desta sexta-feira, 13 de julho, a vida e as experi\u00eancias mission\u00e1rias invadiram as salas do Col\u00e9gio Marista de Palmas (TO), no 3\u00ba Congresso Mission\u00e1rio Nacional. Os congressistas participaram de quatro mutir\u00f5es de reflex\u00e3o: Inf\u00e2ncia, adolesc\u00eancia e juventude Mission\u00e1ria; Leigos e leigas; Religiosos e religiosas; Minist\u00e9rios Ordenados.<\/span><\/p>\n<p style=\"text-align: justify;margin: 0px;padding: 5px 0px 5px 0px\">\n<p><!--more--><\/p>\n<p style=\"text-align: justify;margin: 0px;padding: 5px 0px 5px 0px\"><span style=\"font-size: small;padding: 0px;margin: 0px\">Padre S\u00e1vio Corinaldesi, Secret\u00e1rio Nacional das Pontif\u00edcias Obras Mission\u00e1rias, coordenou o mutir\u00e3o sobre os Minist\u00e9rios Ordenados. O objetivo desse encontro foi discutir o significado do tema \u201cDiscipulado Mission\u00e1rio do Brasil para um mundo secularizado e pluricultural, \u00e0 Luz do Vaticano II\u201d, para o clero. Cerca de 50 participantes entre di\u00e1conos, sacerdotes e bispos, discutiram os desafios de um mundo secularizado. O Mutir\u00e3o teve contou com a assessoria de padre Lu\u00eds Sartorel, mission\u00e1rio Fidei Donum, atuante em Fortaleza \u2013 CE, padre Guido Labont\u00e9, mission\u00e1rio canadense que exerce o seu minist\u00e9rio em Manaus -AM e dom Esmeraldo Barreto de Farias, arcebispo de Porto Velho.<\/span><\/p>\n<p style=\"text-align: justify;margin: 0px;padding: 5px 0px 5px 0px\"><span style=\"font-size: small;padding: 0px;margin: 0px\">\u201cO mundo endoidou?\u201d, perguntou padre Lu\u00eds. \u201cNingu\u00e9m entende mais nada, estamos em uma mudan\u00e7a de \u00e9poca ou \u00e9poca de mudan\u00e7a?\u201d. Para o sacerdote, os valores est\u00e3o mudando. \u00c9 dif\u00edcil encontrar respostas concretas. \u201cH\u00e1 uma Hist\u00f3ria da Salva\u00e7\u00e3o que \u00e9 a hist\u00f3ria da humanidade onde Deus se revela e n\u00f3s estamos inseridos nela; isso n\u00e3o deve ser esquecido\u201d.<\/span><\/p>\n<p style=\"text-align: justify;margin: 0px;padding: 5px 0px 5px 0px\"><span style=\"font-size: small;padding: 0px;margin: 0px\">\u201cAo passar dos anos, como Igreja fizemos algumas escolhas e optamos pelo capitalismo e como consequ\u00eancia ganhamos o ate\u00edsmo. Muitas vezes, a Igreja toma posi\u00e7\u00f5es pol\u00edticas. Para evangelizar, \u00e9 necess\u00e1rio se despojar do poder. Gostamos do poder, n\u00e3o pela pol\u00edtica, mas, pela consci\u00eancia das pessoas, precisamos nos despojar disso\u201d, completou padre Sartorel.<\/span><\/p>\n<p style=\"text-align: justify;margin: 0px;padding: 5px 0px 5px 0px\"><span style=\"font-size: small;padding: 0px;margin: 0px\">Segundo o padre Guido, dentre tantas discuss\u00f5es, surge com muita for\u00e7a a teologia da prosperidade. Ela est\u00e1 presente na Igreja, nos grupos, nos movimentos. Para o mission\u00e1rio, \u00e9 preciso abandonar a vis\u00e3o de um Deus que est\u00e1 ao nosso servi\u00e7o.<\/span><\/p>\n<p style=\"text-align: justify;margin: 0px;padding: 5px 0px 5px 0px\"><span style=\"font-size: small;padding: 0px;margin: 0px\">O grupo foi dividido em doze equipes e, em plen\u00e1ria, partilharam as seguintes quest\u00f5es: O que identifica o minist\u00e9rio ordenado hoje, o que define essa realidade? Onde est\u00e1 o Cristo?<\/span><\/p>\n<p style=\"text-align: justify;margin: 0px;padding: 5px 0px 5px 0px\"><span style=\"font-size: small;padding: 0px;margin: 0px\">Percebeu-se que \u00e9 necess\u00e1rio repensar as estruturas, o encontro pessoal e, depois, com o encontro com Cristo. Que tipo de apostolado deve-se viver o Verbo encarnado? A partir de que e de quem vamos viver? A miss\u00e3o n\u00e3o deve ser vista como um desgaste e sim como fonte, sen\u00e3o ela perde o sentido. O ministro ordenado precisa encontrar a fonte que o sustenta e o ilumina. Para exercer bem o minist\u00e9rio \u00e9 preciso abrir-se ao exerc\u00edcio do saber escutar. Hoje, a miss\u00e3o nos pede a viv\u00eancia da pobreza e da humildade.<\/span><\/p>\n<p style=\"text-align: justify;margin: 0px;padding: 5px 0px 5px 0px\"><span style=\"font-size: small;padding: 0px;margin: 0px\">\u00c9 necess\u00e1rio trabalhar a autonomia das pastorais sociais, dando mais espa\u00e7o aos leigos, pois, s\u00e3o eles que est\u00e3o nas periferias, nos centros urbanos. \u00c9 necess\u00e1rio estar por perto, ver as experi\u00eancias concretas que os leigos est\u00e3o fazendo. Para o padre Jos\u00e9 Geraldo, de Itabira- MG, n\u00e3o devemos ter medo do protagonismo dos leigos, pois somos cordeiros enviados no meio do povo e, ao mesmo tempo, devemos acreditar que todos podem ser mission\u00e1rios e viver a experi\u00eancia de ser uma Igreja de crist\u00e3os verdadeiros.<\/span><\/p>\n<p style=\"text-align: justify;margin: 0px;padding: 5px 0px 5px 0px\"><span style=\"font-size: small;padding: 0px;margin: 0px\">Para converter as estruturas pastorais, eclesiais, \u00e9 necess\u00e1rio se perguntar: qual \u00e9 a forma\u00e7\u00e3o que os seminaristas est\u00e3o recebendo? Qual \u00e9 a imagem da Igreja que se quer? O modelo deve ser da Igreja que \u00e9 mission\u00e1ria, por isso \u00e9 aberta, sai de si, deve se alargar, mas n\u00e3o esquecer que \u00e9 preciso ter boas estruturas, disse dom Esmeraldo.<\/span><\/p>\n<p style=\"text-align: justify;margin: 0px;padding: 5px 0px 5px 0px\"><span style=\"font-size: small;padding: 0px;margin: 0px\">Dom Esmeraldo tamb\u00e9m questionou o Clero: como Jesus vivia e fazia? Jesus rezava, encontrava-se com o Pai. Ser\u00e1 que n\u00f3s fazemos isso? Esse \u00e9 o desafio: estar ao redor da mesa, para falar, para se conhecer; a rela\u00e7\u00e3o que voc\u00ea tem com o outro reflete em sua rela\u00e7\u00e3o com Deus. E a miss\u00e3o? Um outro elemento importante \u00e9 ir al\u00e9m de suas pr\u00f3prias experi\u00eancias. Tamb\u00e9m lan\u00e7ou uma quest\u00e3o para reflex\u00e3o: Como podemos ter uma consci\u00eancia mission\u00e1ria na sua ess\u00eancia (universal)? Que m\u00edstica que nos levar\u00e1 a entender, passar do conhecimento te\u00f3rico que temos para algo concreto?<\/span><\/p>\n<p style=\"text-align: justify;margin: 0px;padding: 5px 0px 5px 0px\"><span style=\"font-size: small;padding: 0px;margin: 0px\">Neste s\u00e1bado, os grupos se encontram novamente para outras discuss\u00f5es. A tarde foi encerrada com a celebra\u00e7\u00e3o da Santa Missa nos Mutir\u00f5es.<br style=\"padding: 0px;margin: 0px\" \/><\/span><\/p>\n<p style=\"text-align: justify;margin: 0px;padding: 5px 0px 5px 0px\"><span style=\"font-size: small;padding: 0px;margin: 0px\"><em>Por Valesca Montenegro, da Assessoria de Comunica\u00e7\u00e3o do 3\u00ba CMN <\/em><br style=\"padding: 0px;margin: 0px\" \/><\/span><\/p>\n","protected":false},"excerpt":{"rendered":"<p>Na tarde desta sexta-feira, 13 de julho, a vida e as experi\u00eancias mission\u00e1rias invadiram as salas do Col\u00e9gio Marista de Palmas (TO), no 3\u00ba Congresso Mission\u00e1rio Nacional. Os congressistas participaram de quatro mutir\u00f5es de reflex\u00e3o: Inf\u00e2ncia, adolesc\u00eancia e juventude Mission\u00e1ria; Leigos e leigas; Religiosos e religiosas; Minist\u00e9rios Ordenados.<\/p>\n","protected":false},"author":83,"featured_media":9497,"comment_status":"open","ping_status":"open","sticky":false,"template":"","format":"standard","meta":{"site-sidebar-layout":"default","site-content-layout":"default","ast-global-header-display":"","ast-banner-title-visibility":"","ast-main-header-display":"","ast-hfb-above-header-display":"","ast-hfb-below-header-display":"","ast-hfb-mobile-header-display":"","site-post-title":"","ast-breadcrumbs-content":"","ast-featured-img":"","footer-sml-layout":"","theme-transparent-header-meta":"","adv-header-id-meta":"","stick-header-meta":"","header-above-stick-meta":"","header-main-stick-meta":"","header-below-stick-meta":""},"categories":[854,878],"tags":[],"acf":[],"_links":{"self":[{"href":"https:\/\/www.cnbb.org.br\/cnbb-app\/wp\/v2\/posts\/9496"}],"collection":[{"href":"https:\/\/www.cnbb.org.br\/cnbb-app\/wp\/v2\/posts"}],"about":[{"href":"https:\/\/www.cnbb.org.br\/cnbb-app\/wp\/v2\/types\/post"}],"author":[{"embeddable":true,"href":"https:\/\/www.cnbb.org.br\/cnbb-app\/wp\/v2\/users\/83"}],"replies":[{"embeddable":true,"href":"https:\/\/www.cnbb.org.br\/cnbb-app\/wp\/v2\/comments?post=9496"}],"version-history":[{"count":0,"href":"https:\/\/www.cnbb.org.br\/cnbb-app\/wp\/v2\/posts\/9496\/revisions"}],"wp:featuredmedia":[{"embeddable":true,"href":"https:\/\/www.cnbb.org.br\/cnbb-app\/wp\/v2\/media\/9497"}],"wp:attachment":[{"href":"https:\/\/www.cnbb.org.br\/cnbb-app\/wp\/v2\/media?parent=9496"}],"wp:term":[{"taxonomy":"category","embeddable":true,"href":"https:\/\/www.cnbb.org.br\/cnbb-app\/wp\/v2\/categories?post=9496"},{"taxonomy":"post_tag","embeddable":true,"href":"https:\/\/www.cnbb.org.br\/cnbb-app\/wp\/v2\/tags?post=9496"}],"curies":[{"name":"wp","href":"https:\/\/api.w.org\/{rel}","templated":true}]}}