{"id":949674,"date":"2023-08-11T11:44:48","date_gmt":"2023-08-11T14:44:48","guid":{"rendered":"https:\/\/www.cnbb.org.br\/?p=949674"},"modified":"2023-08-11T11:46:46","modified_gmt":"2023-08-11T14:46:46","slug":"mostra-nos-o-pai-e-isso-nos-basta-2","status":"publish","type":"post","link":"https:\/\/www.cnbb.org.br\/mostra-nos-o-pai-e-isso-nos-basta-2\/","title":{"rendered":"Mostra-nos o Pai, e isso nos basta"},"content":{"rendered":"<p style=\"text-align: right;\"><strong>Dom Alberto Taveira Corr\u00eaa\u00a0<\/strong><br \/>\n<strong>Arcebispo de Bel\u00e9m do Par\u00e1 (PA)<\/strong><\/p>\n<p style=\"text-align: justify;\"><span data-ccp-props=\"{&quot;201341983&quot;:0,&quot;335551550&quot;:2,&quot;335551620&quot;:2,&quot;335559739&quot;:0,&quot;335559740&quot;:240}\">\u00a0<\/span><\/p>\n<p style=\"text-align: justify;\"><span data-contrast=\"auto\">O pedido de Filipe, um dos Ap\u00f3stolos de Jesus, como alguns chamam de \u201csanta ingenuidade\u201d, tornou-se oportunidade privilegiada da revela\u00e7\u00e3o da face do Pai, vista em Jesus, com quem os disc\u00edpulos de todos os tempos t\u00eam acesso \u00e0 plena comunh\u00e3o com Deus. Em Jesus, caminho, verdade e vida entramos na vida da Trindade, nas limita\u00e7\u00f5es de nossa vida nesta terra e na plenitude da eternidade (Cf. Jo 14,1-11). E agora a comemora\u00e7\u00e3o do Dia dos Pais e a abertura da Semana Nacional da Fam\u00edlia oferece-nos a oportunidade para pedirmos a plena comunh\u00e3o com a vida da Sant\u00edssima Trindade, envolvendo a Sagrada Fam\u00edlia e nossas pr\u00f3prias fam\u00edlias, lugares privilegiados para o cultivo e amadurecimento de todas as voca\u00e7\u00f5es na Igreja.<\/span><span data-ccp-props=\"{&quot;201341983&quot;:0,&quot;335551550&quot;:6,&quot;335551620&quot;:6,&quot;335559731&quot;:708,&quot;335559737&quot;:-1,&quot;335559739&quot;:160,&quot;335559740&quot;:276}\">\u00a0<\/span><\/p>\n<p style=\"text-align: justify;\"><span data-contrast=\"auto\">Pai eterno, Deus todo-poderoso e misericordioso, d\u00e1-nos a gra\u00e7a de viver voltados para ti, olhando para a frente e para o alto. Faze-nos descobrir cada dia, ao rezar o Pai nosso, o caminho para a plena comunh\u00e3o contigo. Ajuda-nos a compreender que \u00e9s Pai nosso, de todos os irm\u00e3os e irm\u00e3s. Aprendemos nestes dias com o Papa Francisco a repetir \u201ctodos, todos, todos\u201d! Arranca de nosso cora\u00e7\u00e3o os preconceitos e as defesas diante de quem quer que seja, para que todos se sintam membros da mesma fam\u00edlia. Pai nosso, que est\u00e1s nos C\u00e9us! Pedimos a gra\u00e7a de levantar a cabe\u00e7a, olhando para o que existe de melhor na Igreja, na humanidade inteira e em cada pessoa. Com tua gra\u00e7a e teu amor pensemos na eternidade e nos valores que nos conduzem a ela, para termos a certeza de que fomos feitos para glorificar-te e louvar-te. Pai nosso, santificado e reconhecido seja o teu nome santo. Que todas as pessoas venham a reconhecer-te como a fonte da vida e da felicidade plena nesta terra e na eternidade! Venha a n\u00f3s o teu Reino, Reino de Paz, de justi\u00e7a, de amor e de alegria. Que saibamos buscar este reino com todas as nossas for\u00e7as, pois todo o resto ser\u00e1 dado por acr\u00e9scimo, como nos revelou teu filho amado. E seja feita a tua vontade, pois s\u00f3 ela purifica e realiza o que existe de melhor para a humanidade. D\u00e1-nos a coragem e a ousadia de viver na Terra como se vive no C\u00e9u, para prepararmos e anteciparmos a vinda gloriosa de Jesus Cristo!<\/span><span data-ccp-props=\"{&quot;201341983&quot;:0,&quot;335551550&quot;:6,&quot;335551620&quot;:6,&quot;335559731&quot;:708,&quot;335559737&quot;:-1,&quot;335559739&quot;:160,&quot;335559740&quot;:276}\">\u00a0<\/span><\/p>\n<p style=\"text-align: justify;\"><span data-contrast=\"auto\">Ao invocar-te como Pai, d\u00e1-nos a gra\u00e7a e acolher o magn\u00edfico mist\u00e9rio da paternidade, realizado nesta terra, nos pais que geraram nossa vida e pelos quais rezamos nestes dias. Acolhemos com alegria ensinamentos de um pai vis\u00edvel nesta terra, o Papa Francisco, dirigido aos jovens: \u201cTalvez a experi\u00eancia de paternidade que tiveste n\u00e3o seja a melhor: o teu pai terreno talvez se tenha mostrado distante e ausente ou, pelo contr\u00e1rio, dominador e possessivo; ou simplesmente n\u00e3o foi o pai que precisavas. N\u00e3o sei! Mas o que posso dizer-te com certeza \u00e9 que podes lan\u00e7ar-te, com seguran\u00e7a, nos bra\u00e7os do teu Pai divino, do Deus que te deu a vida e continua a d\u00e1-la a cada momento\u201d (Christus vivit 113). Tira de todos n\u00f3s a incapacidade de ver tua paternidade nos pais de hoje em nossa terra. E d\u00e1 a todos eles a capacidade de olhar para o alto, encontrando em ti, Pai de amor, o modelo da paternidade nesta terra. E concede a muitos jovens a gra\u00e7a da voca\u00e7\u00e3o de esposo e pai, para que a vida se multiplique e a fecundidade seja acolhida como alegria e responsabilidade!<\/span><span data-ccp-props=\"{&quot;201341983&quot;:0,&quot;335551550&quot;:6,&quot;335551620&quot;:6,&quot;335559731&quot;:708,&quot;335559737&quot;:-1,&quot;335559739&quot;:160,&quot;335559740&quot;:276}\">\u00a0<\/span><\/p>\n<p style=\"text-align: justify;\"><span data-contrast=\"auto\">Pai nosso! D\u00e1-nos hoje o p\u00e3o de cada dia, o p\u00e3o do corpo, e junto com ele a sa\u00fade e as for\u00e7as necess\u00e1rias para viver nesta terra. D\u00e1-nos hoje o p\u00e3o da vida eterna, a Eucaristia! Faze-nos redescobrir a cada dia o valor da Santa Missa, a fam\u00edlia reunida em torno da palavra e do P\u00e3o Vivo, que \u00e9 Jesus, no dia que te pertence e \u00e9 tamb\u00e9m o dia dos filhos de Deus, o Domingo!<\/span><span data-ccp-props=\"{&quot;201341983&quot;:0,&quot;335551550&quot;:6,&quot;335551620&quot;:6,&quot;335559731&quot;:708,&quot;335559737&quot;:-1,&quot;335559739&quot;:160,&quot;335559740&quot;:276}\">\u00a0<\/span><\/p>\n<p style=\"text-align: justify;\"><span data-contrast=\"auto\">Perdoa-nos as nossas ofensas, como n\u00f3s perdoamos a quem nos tem ofendido! Diante de ti, sabendo que somos pecadores, pedimos perd\u00e3o, com toda a confian\u00e7a, diante de teu amor misericordioso! Aqui, queremos tamb\u00e9m pedir a purifica\u00e7\u00e3o da mem\u00f3ria, com todas as eventuais lembran\u00e7as negativas de nossas experi\u00eancias com os pais da terra! Reveste-nos totalmente da miseric\u00f3rdia e do perd\u00e3o, para alcan\u00e7ar as pequenas ou grandes falhas que cometeram! Faze-nos agradecidos pela vida, quando teu amor infinito e eterno nos deu uma alma que viver\u00e1 por toda a eternidade, no momento do encontro de c\u00e9lulas humanas, vindas do pai e da m\u00e3e que nos geraram. Diante de ti, queremos enxergar na plena luz este encontro que supera todas as dificuldades da vida, porque naquele instante tu fizeste entrar nesta terra uma nova vida, cada um de n\u00f3s que hoje se coloca em ora\u00e7\u00e3o!<\/span><span data-ccp-props=\"{&quot;201341983&quot;:0,&quot;335551550&quot;:6,&quot;335551620&quot;:6,&quot;335559731&quot;:708,&quot;335559737&quot;:-1,&quot;335559739&quot;:160,&quot;335559740&quot;:276}\">\u00a0<\/span><\/p>\n<p style=\"text-align: justify;\"><span data-contrast=\"auto\">N\u00e3o nos deixes cair em tenta\u00e7\u00e3o, quando o maligno quer conduzir-nos a nos imaginar como seres soltos, sem la\u00e7os, individualistas e ego\u00edstas, muitas vezes desejosos de uma falsa e frustrante autonomia, quando nos fizeste envolvendo-nos de amor e para amar. Faze-nos entender que as separa\u00e7\u00f5es e o isolamento nunca podem ser a melhor solu\u00e7\u00e3o para as muitas crises familiares. Que estas sejam, mais do que perigo, oportunidades de novos passos em vista da felicidade e da realiza\u00e7\u00e3o das fam\u00edlias! Estabelece, \u00f3 Pai, novos v\u00ednculos entre n\u00f3s, come\u00e7ando por nossas fam\u00edlias. Cura, \u00f3 Pai, as feridas das divis\u00f5es entre esposo e esposa, pais e filhos, irm\u00e3os e irm\u00e3s. Livra-nos, sim, de todo mal que ruge em torno das fam\u00edlias, desejando destru\u00ed-las!<\/span><span data-ccp-props=\"{&quot;201341983&quot;:0,&quot;335551550&quot;:6,&quot;335551620&quot;:6,&quot;335559731&quot;:708,&quot;335559737&quot;:-1,&quot;335559739&quot;:160,&quot;335559740&quot;:276}\">\u00a0<\/span><\/p>\n<p style=\"text-align: justify;\"><span data-contrast=\"auto\">Se nos dirigimos a ti, \u00f3 Pai, foi com as palavras e os sentimentos de Jesus Cristo, teu Filho amado, e conduzidos pelo Esp\u00edrito Santo, que nos fez clamar \u201cAba, Pai\u201d (Rm 8,15). Trindade Santa e Eterna, fonte de amor e vida, pedimos a gra\u00e7a de passar pela porta, que \u00e9 Jesus, o Filho amado, que nos conduz \u00e0 eternidade feliz, passando pelos caminhos da terra! D\u00e1-nos a gra\u00e7a de que em nossas fam\u00edlias, os pais sejam parecidos com o Pai do C\u00e9u e com aquele que recebeu a miss\u00e3o de cuidar da Sagrada Fam\u00edlia da Terra, S\u00e3o Jos\u00e9. Que todos os que somos filhos sejamos parecidos com Jesus de Nazar\u00e9. Que as m\u00e3es encontrem em Maria, a Virgem M\u00e3e de Nazar\u00e9, seu modelo de vida e santidade.<\/span><span data-ccp-props=\"{&quot;201341983&quot;:0,&quot;335551550&quot;:6,&quot;335551620&quot;:6,&quot;335559731&quot;:708,&quot;335559737&quot;:-1,&quot;335559739&quot;:160,&quot;335559740&quot;:276}\">\u00a0<\/span><\/p>\n<p style=\"text-align: justify;\"><span data-contrast=\"auto\">Enfim, Trindade Santa, Pai e Filho e Esp\u00edrito Santo, com Maria e Jos\u00e9 n\u00f3s pedimos que nossas fam\u00edlias sejam celeiros de santas voca\u00e7\u00f5es para o matrim\u00f4nio, o sacerd\u00f3cio, o diaconato, a vida religiosa e mission\u00e1ria, para as novas formas de dedica\u00e7\u00e3o a Deus e para a presen\u00e7a laical e apost\u00f3lica no mundo. Com todas as fam\u00edlias possamos dizer: \u201cGl\u00f3ria ao Pai e ao Filho e ao Esp\u00edrito Santo, como era no princ\u00edpio, agora e sempre. Am\u00e9m!<\/span><span data-ccp-props=\"{&quot;201341983&quot;:0,&quot;335551550&quot;:6,&quot;335551620&quot;:6,&quot;335559731&quot;:708,&quot;335559737&quot;:-1,&quot;335559739&quot;:160,&quot;335559740&quot;:276}\">\u00a0<\/span><\/p>\n","protected":false},"excerpt":{"rendered":"<p>Dom Alberto Taveira Corr\u00eaa\u00a0 Arcebispo de Bel\u00e9m do Par\u00e1 (PA) \u00a0 O pedido de Filipe, um dos Ap\u00f3stolos de Jesus, como alguns chamam de \u201csanta ingenuidade\u201d, tornou-se oportunidade privilegiada da revela\u00e7\u00e3o da face do Pai, vista em Jesus, com quem os disc\u00edpulos de todos os tempos t\u00eam acesso \u00e0 plena comunh\u00e3o com Deus. Em Jesus, &hellip;<\/p>\n<p class=\"read-more\"> <a class=\"\" href=\"https:\/\/www.cnbb.org.br\/mostra-nos-o-pai-e-isso-nos-basta-2\/\"> <span class=\"screen-reader-text\">Mostra-nos o Pai, e isso nos basta<\/span> Leia mais &raquo;<\/a><\/p>\n","protected":false},"author":21,"featured_media":0,"comment_status":"closed","ping_status":"closed","sticky":false,"template":"","format":"standard","meta":{"site-sidebar-layout":"default","site-content-layout":"default","ast-global-header-display":"","ast-banner-title-visibility":"","ast-main-header-display":"","ast-hfb-above-header-display":"","ast-hfb-below-header-display":"","ast-hfb-mobile-header-display":"","site-post-title":"","ast-breadcrumbs-content":"","ast-featured-img":"","footer-sml-layout":"","theme-transparent-header-meta":"default","adv-header-id-meta":"","stick-header-meta":"","header-above-stick-meta":"","header-main-stick-meta":"","header-below-stick-meta":""},"categories":[758],"tags":[],"acf":[],"_links":{"self":[{"href":"https:\/\/www.cnbb.org.br\/cnbb-app\/wp\/v2\/posts\/949674"}],"collection":[{"href":"https:\/\/www.cnbb.org.br\/cnbb-app\/wp\/v2\/posts"}],"about":[{"href":"https:\/\/www.cnbb.org.br\/cnbb-app\/wp\/v2\/types\/post"}],"author":[{"embeddable":true,"href":"https:\/\/www.cnbb.org.br\/cnbb-app\/wp\/v2\/users\/21"}],"replies":[{"embeddable":true,"href":"https:\/\/www.cnbb.org.br\/cnbb-app\/wp\/v2\/comments?post=949674"}],"version-history":[{"count":2,"href":"https:\/\/www.cnbb.org.br\/cnbb-app\/wp\/v2\/posts\/949674\/revisions"}],"predecessor-version":[{"id":949676,"href":"https:\/\/www.cnbb.org.br\/cnbb-app\/wp\/v2\/posts\/949674\/revisions\/949676"}],"wp:attachment":[{"href":"https:\/\/www.cnbb.org.br\/cnbb-app\/wp\/v2\/media?parent=949674"}],"wp:term":[{"taxonomy":"category","embeddable":true,"href":"https:\/\/www.cnbb.org.br\/cnbb-app\/wp\/v2\/categories?post=949674"},{"taxonomy":"post_tag","embeddable":true,"href":"https:\/\/www.cnbb.org.br\/cnbb-app\/wp\/v2\/tags?post=949674"}],"curies":[{"name":"wp","href":"https:\/\/api.w.org\/{rel}","templated":true}]}}