{"id":949677,"date":"2023-08-11T15:29:38","date_gmt":"2023-08-11T18:29:38","guid":{"rendered":"https:\/\/www.cnbb.org.br\/?p=949677"},"modified":"2023-08-14T10:03:18","modified_gmt":"2023-08-14T13:03:18","slug":"semana-nacional-da-familia-comeca-domingo-prece-nascituros","status":"publish","type":"post","link":"https:\/\/www.cnbb.org.br\/semana-nacional-da-familia-comeca-domingo-prece-nascituros\/","title":{"rendered":"Semana Nacional da Fam\u00edlia teve in\u00edcio neste domingo com prece pela vida dos nascituros"},"content":{"rendered":"<p>A Igreja no Brasil segue na celebra\u00e7\u00e3o do M\u00eas Vocacional e, neste domingo, dia 13 de agosto, deu in\u00edcio \u00e0 Semana Nacional da Fam\u00edlia. Iniciada no Dia dos Pais, essa semana \u00e9 oportunidade de refletir sobre a voca\u00e7\u00e3o \u00e0 vida matrimonial e familiar. Neste ano, a data foi marcada tamb\u00e9m pelo convite \u00e0 ora\u00e7\u00e3o pelos nascituros. A Comiss\u00e3o Episcopal para a Vida e a Fam\u00edlia da CNBB motiva toda a Igreja no Brasil a rezar pela n\u00e3o aprova\u00e7\u00e3o da ADPF 442 pelo Supremo Tribunal Federal (STF), que pede a descriminaliza\u00e7\u00e3o do aborto no Brasil.<\/p>\n<h3>Fam\u00edlia, fonte de voca\u00e7\u00f5es<\/h3>\n<p>A Semana Nacional da Fam\u00edlia deste ano est\u00e1 em sintonia com o 3\u00ba Ano Vocacional do Brasil e prop\u00f5e o tema &#8220;Fam\u00edlia, fonte de voca\u00e7\u00f5es&#8221; e lema &#8220;Cora\u00e7\u00f5es ardentes, p\u00e9s a caminho&#8221;. Na abertura da semana, os bispos da Comiss\u00e3o ir\u00e3o celebrar missas em suas dioceses, com duas transmiss\u00f5es ao vivo.<\/p>\n<p dir=\"auto\">O bispo de Campo Mour\u00e3o (PR) e presidente da Comiss\u00e3o, dom Bruno Elizeu Versari, presidiu a celebra\u00e7\u00e3o na catedral de Campo Mour\u00e3o, no domingo, 13 de agosto, \u00e0s 19h. A Eucaristia foi transmitida no canal da <a href=\"http:\/\/www.youtube.com\/pastoralfamiliarcnbb\" data-rel=\"lightbox-video-0\" target=\"_blank\" rel=\"noopener\">Pastoral Familiar no Youtube<\/a>.<\/p>\n<p dir=\"auto\">J\u00e1 dom Reginei Modolo (dom Zico), presidiu a missa \u00e0s 11h de domingo, com transmiss\u00e3o pela TV Evangelizar. Dom Moacir Arantes presidiu a missa na catedral da diocese de Barreiras (BA), \u00e0s 8h.<\/p>\n<h3>Prece pela Vida<\/h3>\n<p>Em todo o Brasil, durante as celebra\u00e7\u00f5es que abrem a Semana Nacional da Fam\u00edlia 2023, foi reservado um momento de ora\u00e7\u00e3o pelos nascituros, amea\u00e7ados por propostas de descriminaliza\u00e7\u00e3o do aborto no Brasil. A Comiss\u00e3o para a Vida e a Fam\u00edlia da CNBB fez um convite a toda a Igreja para que fa\u00e7a uma prece durante as missas e que seja rezada tamb\u00e9m a Ora\u00e7\u00e3o do Nascituro.<\/p>\n<p><em><strong><a href=\"https:\/\/www.cnbb.org.br\/adpf-442-comissao-vida-e-familia-prece-em-favor-da-vida\/\">ADPF 442: COMISS\u00c3O PARA A VIDA E A FAM\u00cdLIA PEDE \u00c0 IGREJA NO BRASIL UMA PRECE EM FAVOR DA VIDA<\/a><\/strong><\/em><\/p>\n<p>Em todo o Brasil, v\u00e1rias Igrejas particulares aderiram \u00e0 iniciativa.\u00a0Na arquidiocese de Londrina, o arcebispo, dom Geremias Steinmetz, gravou um v\u00eddeo em comunh\u00e3o com a CNBB:<\/p>\n<div class=\"ast-oembed-container\" style=\"height: 100%;\"><iframe loading=\"lazy\" title=\"N\u00c3O APROVA\u00c7\u00c3O DA ADPF 442\" width=\"500\" height=\"281\" src=\"https:\/\/www.youtube.com\/embed\/O8NoKXhJ1VE?feature=oembed\" frameborder=\"0\" allow=\"accelerometer; autoplay; clipboard-write; encrypted-media; gyroscope; picture-in-picture; web-share\" allowfullscreen><\/iframe><\/div>\n<p>&nbsp;<\/p>\n<p>&nbsp;<\/p>\n<p>&nbsp;<\/p>\n","protected":false},"excerpt":{"rendered":"<p>Celebra\u00e7\u00e3o \u00e9 oportunidade de refletir sobre a voca\u00e7\u00e3o \u00e0 vida matrimonial e familiar. Neste ano, a data ser\u00e1 marcada tamb\u00e9m pelo convite \u00e0 ora\u00e7\u00e3o pelos nascituros motivada pela Comiss\u00e3o para a Vida e a Fam\u00edlia. Arcebispo de Londrina (PR), dom Geremias Steinmetz, gravou um v\u00eddeo em comunh\u00e3o com a CNBB<\/p>\n","protected":false},"author":38,"featured_media":949695,"comment_status":"closed","ping_status":"closed","sticky":false,"template":"","format":"standard","meta":{"site-sidebar-layout":"default","site-content-layout":"default","ast-global-header-display":"","ast-banner-title-visibility":"","ast-main-header-display":"","ast-hfb-above-header-display":"","ast-hfb-below-header-display":"","ast-hfb-mobile-header-display":"","site-post-title":"","ast-breadcrumbs-content":"","ast-featured-img":"","footer-sml-layout":"","theme-transparent-header-meta":"default","adv-header-id-meta":"","stick-header-meta":"","header-above-stick-meta":"","header-main-stick-meta":"","header-below-stick-meta":""},"categories":[50,777],"tags":[5158,2669],"acf":[],"_links":{"self":[{"href":"https:\/\/www.cnbb.org.br\/cnbb-app\/wp\/v2\/posts\/949677"}],"collection":[{"href":"https:\/\/www.cnbb.org.br\/cnbb-app\/wp\/v2\/posts"}],"about":[{"href":"https:\/\/www.cnbb.org.br\/cnbb-app\/wp\/v2\/types\/post"}],"author":[{"embeddable":true,"href":"https:\/\/www.cnbb.org.br\/cnbb-app\/wp\/v2\/users\/38"}],"replies":[{"embeddable":true,"href":"https:\/\/www.cnbb.org.br\/cnbb-app\/wp\/v2\/comments?post=949677"}],"version-history":[{"count":6,"href":"https:\/\/www.cnbb.org.br\/cnbb-app\/wp\/v2\/posts\/949677\/revisions"}],"predecessor-version":[{"id":949728,"href":"https:\/\/www.cnbb.org.br\/cnbb-app\/wp\/v2\/posts\/949677\/revisions\/949728"}],"wp:featuredmedia":[{"embeddable":true,"href":"https:\/\/www.cnbb.org.br\/cnbb-app\/wp\/v2\/media\/949695"}],"wp:attachment":[{"href":"https:\/\/www.cnbb.org.br\/cnbb-app\/wp\/v2\/media?parent=949677"}],"wp:term":[{"taxonomy":"category","embeddable":true,"href":"https:\/\/www.cnbb.org.br\/cnbb-app\/wp\/v2\/categories?post=949677"},{"taxonomy":"post_tag","embeddable":true,"href":"https:\/\/www.cnbb.org.br\/cnbb-app\/wp\/v2\/tags?post=949677"}],"curies":[{"name":"wp","href":"https:\/\/api.w.org\/{rel}","templated":true}]}}