{"id":949749,"date":"2023-08-14T12:00:25","date_gmt":"2023-08-14T15:00:25","guid":{"rendered":"https:\/\/www.cnbb.org.br\/?p=949749"},"modified":"2023-08-14T12:01:27","modified_gmt":"2023-08-14T15:01:27","slug":"semana-nacional-da-familia-4","status":"publish","type":"post","link":"https:\/\/www.cnbb.org.br\/semana-nacional-da-familia-4\/","title":{"rendered":"Semana Nacional da Fam\u00edlia\u00a0"},"content":{"rendered":"<p style=\"text-align: right;\"><strong>Dom Gil Ant\u00f4nio Moreira<br \/>\nArcebispo de Juiz de Fora (MG)<\/strong><\/p>\n<p>&nbsp;<\/p>\n<p>&nbsp;<\/p>\n<p style=\"text-align: justify;\"><span data-contrast=\"auto\">No contexto do M\u00eas Vocacional, estamos celebrando a Semana Nacional da Fam\u00edlia. Em plena conson\u00e2ncia com o Ano Vocacional, a CNBB nos indica o lema: \u201cFam\u00edlia, fonte de voca\u00e7\u00f5es\u201d. \u00c9 tempo de renovar esfor\u00e7os para defender a verdade moral sobre a fam\u00edlia como a uni\u00e3o do homem e da mulher para, no amor, gerarem filhos e os educarem para Deus e para o pr\u00f3ximo.\u00a0<\/span><span data-ccp-props=\"{&quot;134233117&quot;:true,&quot;134233118&quot;:true,&quot;201341983&quot;:0,&quot;335551550&quot;:6,&quot;335551620&quot;:6,&quot;335559739&quot;:160,&quot;335559740&quot;:240}\">\u00a0<\/span><\/p>\n<p style=\"text-align: justify;\"><span data-contrast=\"auto\">No corrente ano, a CNBB, por meio de sua Comiss\u00e3o para a Vida e a Fam\u00edlia, se mostra mais uma vez preocupada com certos projetos pol\u00edticos que pretendem, equivocadamente, impor leis abortistas no pa\u00eds. Assomem-se tamb\u00e9m incompreens\u00edveis projetos de legaliza\u00e7\u00e3o do uso da maconha.\u00a0<\/span><span data-ccp-props=\"{&quot;134233117&quot;:true,&quot;134233118&quot;:true,&quot;201341983&quot;:0,&quot;335551550&quot;:6,&quot;335551620&quot;:6,&quot;335559739&quot;:160,&quot;335559740&quot;:240}\">\u00a0<\/span><\/p>\n<p style=\"text-align: justify;\"><span data-contrast=\"auto\">Toda a Igreja se une para defender a vida desde a fecunda\u00e7\u00e3o at\u00e9 o seu fim natural, a defesa de valores inalien\u00e1veis do n\u00facleo familiar. Aqui n\u00e3o estamos tratando de opini\u00f5es predominantes em partidos pol\u00edticos e nem de ideologias, mas sim no direito \u00e0 vida, \u00e0 prote\u00e7\u00e3o da dignidade humana e garantir a paz em fam\u00edlia.\u00a0<\/span><span data-ccp-props=\"{&quot;134233117&quot;:true,&quot;134233118&quot;:true,&quot;201341983&quot;:0,&quot;335551550&quot;:6,&quot;335551620&quot;:6,&quot;335559739&quot;:160,&quot;335559740&quot;:240}\">\u00a0<\/span><\/p>\n<p style=\"text-align: justify;\"><span data-contrast=\"auto\">Quem n\u00e3o percebe que matar inocentes \u00e9 um crime? Quem n\u00e3o conhece alguma fam\u00edlia lutando seriamente para tirar filhos das drogas? Quem nunca ouviu falar de pais e m\u00e3es, ou fam\u00edlias inteiras, destru\u00eddas por depend\u00eancia qu\u00edmica de algum de seus membros?\u00a0<\/span><span data-ccp-props=\"{&quot;134233117&quot;:true,&quot;134233118&quot;:true,&quot;201341983&quot;:0,&quot;335551550&quot;:6,&quot;335551620&quot;:6,&quot;335559739&quot;:160,&quot;335559740&quot;:240}\">\u00a0<\/span><\/p>\n<p style=\"text-align: justify;\"><span data-contrast=\"auto\">Erro \u00e9 erro, crime \u00e9 crime, independente de posi\u00e7\u00f5es partidaristas. Erros e crimes n\u00e3o podem se transformar em leis, pois seria um contrassenso e grave agress\u00e3o aos direitos da pessoa humana. N\u00e3o h\u00e1 argumentos s\u00e9rios que possam justificar tais legaliza\u00e7\u00f5es.\u00a0<\/span><span data-ccp-props=\"{&quot;134233117&quot;:true,&quot;134233118&quot;:true,&quot;201341983&quot;:0,&quot;335551550&quot;:6,&quot;335551620&quot;:6,&quot;335559739&quot;:160,&quot;335559740&quot;:240}\">\u00a0<\/span><\/p>\n<p style=\"text-align: justify;\"><span data-contrast=\"auto\">A partir do trecho do evangelho de Mateus lido no segundo domingo de agosto, que apresenta a tempestade acalmada por Jesus (Mt 4,22-33), n\u00e3o tenhamos medo de enfrentar as tempestades, as escurid\u00f5es e nem os terremotos do mundo de hoje com suas contradi\u00e7\u00f5es. Obst\u00e1culos para o bem sempre existir\u00e3o. Cristo n\u00e3o \u00e9 um fantasma. \u00c9 o nosso Salvador. Quando entra em nossa barca, nos d\u00e1 seguran\u00e7a e os ventos se acalmam. N\u00e3o tenhamos medo, mas tenhamos f\u00e9, pois foi esta a palavra de Jesus para Pedro e para todos n\u00f3s.<\/span><span data-ccp-props=\"{&quot;134233117&quot;:true,&quot;134233118&quot;:true,&quot;201341983&quot;:0,&quot;335551550&quot;:6,&quot;335551620&quot;:6,&quot;335559739&quot;:160,&quot;335559740&quot;:240}\">\u00a0<\/span><\/p>\n<p style=\"text-align: justify;\"><span data-contrast=\"auto\">A Semana Nacional da Fam\u00edlia foi fundada com o objetivo de propor os valores naturais a serem defendidos, difundidos e acolhidos. A fam\u00edlia \u00e9 feliz n\u00e3o quando lhe sejam ausentes problemas a serem resolvidos, mas quando encontram for\u00e7as para venc\u00ea-los, movidas pela f\u00e9 inabal\u00e1vel em Deus que est\u00e1 acima de quaisquer limites.\u00a0<\/span><span data-ccp-props=\"{&quot;134233117&quot;:true,&quot;134233118&quot;:true,&quot;201341983&quot;:0,&quot;335551550&quot;:6,&quot;335551620&quot;:6,&quot;335559739&quot;:160,&quot;335559740&quot;:240}\">\u00a0<\/span><\/p>\n<p style=\"text-align: justify;\">\n","protected":false},"excerpt":{"rendered":"<p>Dom Gil Ant\u00f4nio Moreira Arcebispo de Juiz de Fora (MG) &nbsp; &nbsp; No contexto do M\u00eas Vocacional, estamos celebrando a Semana Nacional da Fam\u00edlia. Em plena conson\u00e2ncia com o Ano Vocacional, a CNBB nos indica o lema: \u201cFam\u00edlia, fonte de voca\u00e7\u00f5es\u201d. \u00c9 tempo de renovar esfor\u00e7os para defender a verdade moral sobre a fam\u00edlia como &hellip;<\/p>\n<p class=\"read-more\"> <a class=\"\" href=\"https:\/\/www.cnbb.org.br\/semana-nacional-da-familia-4\/\"> <span class=\"screen-reader-text\">Semana Nacional da Fam\u00edlia\u00a0<\/span> Leia mais &raquo;<\/a><\/p>\n","protected":false},"author":12,"featured_media":0,"comment_status":"closed","ping_status":"closed","sticky":false,"template":"","format":"standard","meta":{"site-sidebar-layout":"default","site-content-layout":"default","ast-global-header-display":"","ast-banner-title-visibility":"","ast-main-header-display":"","ast-hfb-above-header-display":"","ast-hfb-below-header-display":"","ast-hfb-mobile-header-display":"","site-post-title":"","ast-breadcrumbs-content":"","ast-featured-img":"","footer-sml-layout":"","theme-transparent-header-meta":"default","adv-header-id-meta":"","stick-header-meta":"","header-above-stick-meta":"","header-main-stick-meta":"","header-below-stick-meta":""},"categories":[758,1837],"tags":[],"acf":[],"_links":{"self":[{"href":"https:\/\/www.cnbb.org.br\/cnbb-app\/wp\/v2\/posts\/949749"}],"collection":[{"href":"https:\/\/www.cnbb.org.br\/cnbb-app\/wp\/v2\/posts"}],"about":[{"href":"https:\/\/www.cnbb.org.br\/cnbb-app\/wp\/v2\/types\/post"}],"author":[{"embeddable":true,"href":"https:\/\/www.cnbb.org.br\/cnbb-app\/wp\/v2\/users\/12"}],"replies":[{"embeddable":true,"href":"https:\/\/www.cnbb.org.br\/cnbb-app\/wp\/v2\/comments?post=949749"}],"version-history":[{"count":1,"href":"https:\/\/www.cnbb.org.br\/cnbb-app\/wp\/v2\/posts\/949749\/revisions"}],"predecessor-version":[{"id":949750,"href":"https:\/\/www.cnbb.org.br\/cnbb-app\/wp\/v2\/posts\/949749\/revisions\/949750"}],"wp:attachment":[{"href":"https:\/\/www.cnbb.org.br\/cnbb-app\/wp\/v2\/media?parent=949749"}],"wp:term":[{"taxonomy":"category","embeddable":true,"href":"https:\/\/www.cnbb.org.br\/cnbb-app\/wp\/v2\/categories?post=949749"},{"taxonomy":"post_tag","embeddable":true,"href":"https:\/\/www.cnbb.org.br\/cnbb-app\/wp\/v2\/tags?post=949749"}],"curies":[{"name":"wp","href":"https:\/\/api.w.org\/{rel}","templated":true}]}}