{"id":950103,"date":"2023-08-17T14:56:30","date_gmt":"2023-08-17T17:56:30","guid":{"rendered":"https:\/\/www.cnbb.org.br\/?p=950103"},"modified":"2023-08-17T14:56:30","modified_gmt":"2023-08-17T17:56:30","slug":"reuniao-consep-cnbb-concluido-partilhas","status":"publish","type":"post","link":"https:\/\/www.cnbb.org.br\/reuniao-consep-cnbb-concluido-partilhas\/","title":{"rendered":"Reuni\u00e3o do Conselho Episcopal Pastoral da CNBB \u00e9 conclu\u00edda com partilhas dos presidentes das Comiss\u00f5es"},"content":{"rendered":"<p style=\"text-align: justify;\"><span data-contrast=\"auto\">A reuni\u00e3o do Conselho Episcopal Pastoral (Consep) da Confer\u00eancia Nacional dos Bispos do Brasil (CNBB) foi encerrada ao final da manh\u00e3 desta quinta-feira, 17 de agosto. As duas \u00faltimas sess\u00f5es do encontro foram marcadas pelas partilhas dos presidentes das Comiss\u00f5es Episcopais sobre as atividades e projetos pastorais.<\/span><span data-ccp-props=\"{&quot;201341983&quot;:0,&quot;335559739&quot;:160,&quot;335559740&quot;:259}\">\u00a0<\/span><\/p>\n<figure id=\"attachment_950112\" aria-describedby=\"caption-attachment-950112\" style=\"width: 300px\" class=\"wp-caption alignleft\"><img decoding=\"async\" loading=\"lazy\" class=\"size-medium wp-image-950112\" src=\"https:\/\/www.cnbb.org.br\/wp-content\/uploads\/2023\/08\/Consep-ago-2023-dom-Valdeci-300x193.jpg\" alt=\"\" width=\"300\" height=\"193\" srcset=\"https:\/\/www.cnbb.org.br\/wp-content\/uploads\/2023\/08\/Consep-ago-2023-dom-Valdeci-300x193.jpg 300w, https:\/\/www.cnbb.org.br\/wp-content\/uploads\/2023\/08\/Consep-ago-2023-dom-Valdeci-500x321.jpg 500w, https:\/\/www.cnbb.org.br\/wp-content\/uploads\/2023\/08\/Consep-ago-2023-dom-Valdeci.jpg 674w\" sizes=\"(max-width: 300px) 100vw, 300px\" \/><figcaption id=\"caption-attachment-950112\" class=\"wp-caption-text\">Dom Jos\u00e9 Valdeci | Foto: Luiz Lopes Jr\/CNBB<\/figcaption><\/figure>\n<p style=\"text-align: justify;\"><span data-contrast=\"auto\">O bispo de Brejo (MA) e presidente da Comiss\u00e3o para A\u00e7\u00e3o Sociotransformadora, dom Jos\u00e9 Valdeci dos Santos Mendes, partilhou sobre o trabalho realizado pela comiss\u00e3o junto \u00e0s Pastorais Sociais, com destaque \u00e0s escutas da 6\u00aa Semana Social Brasileira, as quais puderam identificar situa\u00e7\u00f5es de viola\u00e7\u00f5es aos direitos humanos, como as dificuldades de atua\u00e7\u00e3o da Pastoral Carcer\u00e1ria. Ele tamb\u00e9m partilhou sobre as reuni\u00f5es realizadas com coordena\u00e7\u00f5es regionais, bispos membros e assessores, momentos que favoreceram o planejamento do trabalho pastoral.\u00a0<\/span><span data-ccp-props=\"{&quot;134233117&quot;:false,&quot;134233118&quot;:false,&quot;201341983&quot;:0,&quot;335551550&quot;:1,&quot;335551620&quot;:1,&quot;335559685&quot;:0,&quot;335559737&quot;:0,&quot;335559738&quot;:0,&quot;335559739&quot;:160,&quot;335559740&quot;:259}\">\u00a0<\/span><\/p>\n<figure id=\"attachment_950111\" aria-describedby=\"caption-attachment-950111\" style=\"width: 300px\" class=\"wp-caption alignleft\"><img decoding=\"async\" loading=\"lazy\" class=\"size-medium wp-image-950111\" src=\"https:\/\/www.cnbb.org.br\/wp-content\/uploads\/2023\/08\/Consep-ago-2023-Dom-Hernaldo-300x200.jpg\" alt=\"\" width=\"300\" height=\"200\" srcset=\"https:\/\/www.cnbb.org.br\/wp-content\/uploads\/2023\/08\/Consep-ago-2023-Dom-Hernaldo-300x200.jpg 300w, https:\/\/www.cnbb.org.br\/wp-content\/uploads\/2023\/08\/Consep-ago-2023-Dom-Hernaldo-500x333.jpg 500w, https:\/\/www.cnbb.org.br\/wp-content\/uploads\/2023\/08\/Consep-ago-2023-Dom-Hernaldo.jpg 720w\" sizes=\"(max-width: 300px) 100vw, 300px\" \/><figcaption id=\"caption-attachment-950111\" class=\"wp-caption-text\">Dom Hernaldo Pinto Farias | Foto: Luiz Lopes Jr\/CNBB<\/figcaption><\/figure>\n<p style=\"text-align: justify;\"><span data-contrast=\"auto\">O bispo de Bonfim (BA) e presidente da Comiss\u00e3o Episcopal para a Liturgia da CNBB, dom Hernaldo Pinto Farias, falou sobre as atividades da comiss\u00e3o e tamb\u00e9m deu informes e orienta\u00e7\u00f5es sobre a terceira edi\u00e7\u00e3o do Missal Romano, cuja tradu\u00e7\u00e3o brasileira ser\u00e1 lan\u00e7ada na pr\u00f3xima reuni\u00e3o do Consep, em outubro. O bispo destacou alguns pontos que merecem aten\u00e7\u00e3o na recep\u00e7\u00e3o do novo livro lit\u00fargico e sugeriu iniciativas para forma\u00e7\u00e3o que podem ser oferecidas pela CNBB.\u00a0<\/span><span data-ccp-props=\"{&quot;134233117&quot;:false,&quot;134233118&quot;:false,&quot;201341983&quot;:0,&quot;335551550&quot;:1,&quot;335551620&quot;:1,&quot;335559685&quot;:0,&quot;335559737&quot;:0,&quot;335559738&quot;:0,&quot;335559739&quot;:160,&quot;335559740&quot;:259}\">\u00a0<\/span><\/p>\n<p style=\"text-align: justify;\"><span data-contrast=\"auto\">Alguns assessores tamb\u00e9m fizeram uso da palavra para informes. O diretor editorial da Edi\u00e7\u00f5es CNBB, monsenhor Jamil Alves de Sousa, ressaltou o trabalho da editora na oferta do missal a toda a Igreja no Brasil e contou da articula\u00e7\u00e3o junto \u00e0 Comiss\u00e3o para a Liturgia, de modo a oferecer as publica\u00e7\u00f5es que derivam da nova tradu\u00e7\u00e3o do missal.\u00a0<\/span><span data-ccp-props=\"{&quot;134233117&quot;:false,&quot;134233118&quot;:false,&quot;201341983&quot;:0,&quot;335551550&quot;:1,&quot;335551620&quot;:1,&quot;335559685&quot;:0,&quot;335559737&quot;:0,&quot;335559738&quot;:0,&quot;335559739&quot;:160,&quot;335559740&quot;:259}\">\u00a0<\/span><\/p>\n<p style=\"text-align: justify;\"><span data-contrast=\"auto\">O assessor de imprensa da CNBB, padre Arnaldo Rodrigues, apresentou as perspectivas que conduzir\u00e3o a constru\u00e7\u00e3o do plano de trabalho da Assessoria de Comunica\u00e7\u00e3o da Confer\u00eancia para os pr\u00f3ximos anos. Ele tamb\u00e9m explicou sobre as diferen\u00e7as entre Assessoria de Comunica\u00e7\u00e3o e Assessoria de Imprensa e a atua\u00e7\u00e3o da Assessoria de Comunica\u00e7\u00e3o e da Comiss\u00e3o Episcopal para a Comunica\u00e7\u00e3o. \u201cEm alguns momentos, ter\u00e3o distin\u00e7\u00f5es, mas ser\u00e1 um trabalho muito pr\u00f3ximo\u201d, afirmou.<\/span><span data-ccp-props=\"{&quot;134233117&quot;:false,&quot;134233118&quot;:false,&quot;201341983&quot;:0,&quot;335551550&quot;:1,&quot;335551620&quot;:1,&quot;335559685&quot;:0,&quot;335559737&quot;:0,&quot;335559738&quot;:0,&quot;335559739&quot;:160,&quot;335559740&quot;:259}\">\u00a0<\/span><\/p>\n<div id='gallery-1' class='gallery galleryid-950103 gallery-columns-2 gallery-size-medium'><figure class='gallery-item'>\n\t\t\t<div class='gallery-icon landscape'>\n\t\t\t\t<img width=\"300\" height=\"200\" src=\"https:\/\/www.cnbb.org.br\/wp-content\/uploads\/2023\/08\/Consep-ago-2023-Jamil-300x200.jpg\" class=\"attachment-medium size-medium\" alt=\"\" decoding=\"async\" loading=\"lazy\" srcset=\"https:\/\/www.cnbb.org.br\/wp-content\/uploads\/2023\/08\/Consep-ago-2023-Jamil-300x200.jpg 300w, https:\/\/www.cnbb.org.br\/wp-content\/uploads\/2023\/08\/Consep-ago-2023-Jamil-500x333.jpg 500w, https:\/\/www.cnbb.org.br\/wp-content\/uploads\/2023\/08\/Consep-ago-2023-Jamil.jpg 720w\" sizes=\"(max-width: 300px) 100vw, 300px\" \/>\n\t\t\t<\/div><\/figure><figure class='gallery-item'>\n\t\t\t<div class='gallery-icon landscape'>\n\t\t\t\t<img width=\"300\" height=\"200\" src=\"https:\/\/www.cnbb.org.br\/wp-content\/uploads\/2023\/08\/Consep-ago-2023-pe-Arnaldo-300x200.jpg\" class=\"attachment-medium size-medium\" alt=\"\" decoding=\"async\" loading=\"lazy\" srcset=\"https:\/\/www.cnbb.org.br\/wp-content\/uploads\/2023\/08\/Consep-ago-2023-pe-Arnaldo-300x200.jpg 300w, https:\/\/www.cnbb.org.br\/wp-content\/uploads\/2023\/08\/Consep-ago-2023-pe-Arnaldo-768x512.jpg 768w, https:\/\/www.cnbb.org.br\/wp-content\/uploads\/2023\/08\/Consep-ago-2023-pe-Arnaldo-500x333.jpg 500w, https:\/\/www.cnbb.org.br\/wp-content\/uploads\/2023\/08\/Consep-ago-2023-pe-Arnaldo.jpg 960w\" sizes=\"(max-width: 300px) 100vw, 300px\" \/>\n\t\t\t<\/div><\/figure>\n\t\t<\/div>\n\n<p style=\"text-align: justify;\"><span data-contrast=\"auto\">Tamb\u00e9m fizeram partilhas os presidentes das Comiss\u00f5es para a Comunica\u00e7\u00e3o, dom Valdir Jos\u00e9 de Castro; para o Ecumenismo e o Di\u00e1logo Inter-Religioso, dom Teodoro Mendes Tavares; para a A\u00e7\u00e3o Mission\u00e1ria e a Coopera\u00e7\u00e3o Intereclesial, dom Maur\u00edcio Silva Jardim; para a Doutrina da F\u00e9, dom Joel Portella Amado; para a Cultura e a Educa\u00e7\u00e3o, dom Greg\u00f3rio Paix\u00e3o; e para a Juventude, dom Vilsom Basso. Al\u00e9m do assessor da Comiss\u00e3o para o Laicato<\/span><span data-ccp-props=\"{&quot;134233117&quot;:false,&quot;134233118&quot;:false,&quot;201341983&quot;:0,&quot;335551550&quot;:1,&quot;335551620&quot;:1,&quot;335559685&quot;:0,&quot;335559737&quot;:0,&quot;335559738&quot;:0,&quot;335559739&quot;:160,&quot;335559740&quot;:259}\">\u00a0<\/span><\/p>\n<p style=\"text-align: justify;\"><span data-ccp-props=\"{&quot;134233117&quot;:false,&quot;134233118&quot;:false,&quot;201341983&quot;:0,&quot;335551550&quot;:1,&quot;335551620&quot;:1,&quot;335559685&quot;:0,&quot;335559737&quot;:0,&quot;335559738&quot;:0,&quot;335559739&quot;:160,&quot;335559740&quot;:259}\">\u00a0<\/span><\/p>\n<h3 style=\"text-align: justify;\"><span data-contrast=\"auto\">Pastoral e Diretrizes<\/span><\/h3>\n<p style=\"text-align: justify;\"><span data-contrast=\"auto\">Ao avaliar a reuni\u00e3o do Consep, o arcebispo de Porto Alegre e presidente da CNBB, dom Jaime Spengler, destacou a continuidade da reflex\u00e3o sobre a pastoral no contexto brasileiro, por meio do Instituto Nacional de Pastoral Padre Alberto Antoniazzi (Inapaz), e o tempo dedicado a pensar as Diretrizes Gerais da A\u00e7\u00e3o Evangelizadora da Igreja no Brasil (DGAE) enquanto s\u00e3o esperados os resultados do S\u00ednodo 2021-2024. <\/span><span data-ccp-props=\"{&quot;134233117&quot;:false,&quot;134233118&quot;:false,&quot;201341983&quot;:0,&quot;335551550&quot;:1,&quot;335551620&quot;:1,&quot;335559685&quot;:0,&quot;335559737&quot;:0,&quot;335559738&quot;:0,&quot;335559739&quot;:160,&quot;335559740&quot;:259}\">\u00a0<\/span><\/p>\n<blockquote>\n<p style=\"text-align: justify;\"><span data-contrast=\"auto\">\u201cDecidimos promover uma reflex\u00e3o em torno das poss\u00edveis novas diretrizes, mas, ao mesmo tempo, caminharmos em sintonia com aquilo que a caminhada sinodal est\u00e1 oferecendo para todos n\u00f3s. Provavelmente n\u00f3s teremos novas diretrizes, depois da conclus\u00e3o do s\u00ednodo\u201d, disse dom Jaime.\u00a0<\/span><span data-ccp-props=\"{&quot;134233117&quot;:false,&quot;134233118&quot;:false,&quot;201341983&quot;:0,&quot;335551550&quot;:1,&quot;335551620&quot;:1,&quot;335559685&quot;:0,&quot;335559737&quot;:0,&quot;335559738&quot;:0,&quot;335559739&quot;:160,&quot;335559740&quot;:259}\">\u00a0<\/span><\/p>\n<\/blockquote>\n<p style=\"text-align: justify;\"><span data-contrast=\"auto\">O presidente da CNBB tamb\u00e9m destacou a preocupa\u00e7\u00e3o dos bispos com a atua\u00e7\u00e3o da Pastoral Carcer\u00e1ria nos pres\u00eddios brasileiros, tema que tamb\u00e9m foi pauta durante a visita do ministro da Justi\u00e7a, Fl\u00e1vio Dino.\u00a0<\/span><span data-ccp-props=\"{&quot;134233117&quot;:false,&quot;134233118&quot;:false,&quot;201341983&quot;:0,&quot;335551550&quot;:1,&quot;335551620&quot;:1,&quot;335559685&quot;:0,&quot;335559737&quot;:0,&quot;335559738&quot;:0,&quot;335559739&quot;:160,&quot;335559740&quot;:259}\">\u00a0<\/span><\/p>\n","protected":false},"excerpt":{"rendered":"<p>As duas \u00faltimas sess\u00f5es do encontro foram marcadas pelas partilhas dos presidentes das Comiss\u00f5es Episcopais sobre as atividades e projetos pastorais.\u00a0Ao avaliar a reuni\u00e3o, o presidente da CNBB, dom Jaime Spengler, destacou a continuidade da reflex\u00e3o sobre a pastoral no contexto brasileiro e o tempo dedicado a pensar as DGAE<\/p>\n","protected":false},"author":38,"featured_media":950108,"comment_status":"closed","ping_status":"closed","sticky":false,"template":"","format":"standard","meta":{"site-sidebar-layout":"default","site-content-layout":"default","ast-global-header-display":"","ast-banner-title-visibility":"","ast-main-header-display":"","ast-hfb-above-header-display":"","ast-hfb-below-header-display":"","ast-hfb-mobile-header-display":"","site-post-title":"","ast-breadcrumbs-content":"","ast-featured-img":"","footer-sml-layout":"","theme-transparent-header-meta":"default","adv-header-id-meta":"","stick-header-meta":"","header-above-stick-meta":"","header-main-stick-meta":"","header-below-stick-meta":""},"categories":[824,50],"tags":[2509,1874],"acf":[],"_links":{"self":[{"href":"https:\/\/www.cnbb.org.br\/cnbb-app\/wp\/v2\/posts\/950103"}],"collection":[{"href":"https:\/\/www.cnbb.org.br\/cnbb-app\/wp\/v2\/posts"}],"about":[{"href":"https:\/\/www.cnbb.org.br\/cnbb-app\/wp\/v2\/types\/post"}],"author":[{"embeddable":true,"href":"https:\/\/www.cnbb.org.br\/cnbb-app\/wp\/v2\/users\/38"}],"replies":[{"embeddable":true,"href":"https:\/\/www.cnbb.org.br\/cnbb-app\/wp\/v2\/comments?post=950103"}],"version-history":[{"count":2,"href":"https:\/\/www.cnbb.org.br\/cnbb-app\/wp\/v2\/posts\/950103\/revisions"}],"predecessor-version":[{"id":950116,"href":"https:\/\/www.cnbb.org.br\/cnbb-app\/wp\/v2\/posts\/950103\/revisions\/950116"}],"wp:featuredmedia":[{"embeddable":true,"href":"https:\/\/www.cnbb.org.br\/cnbb-app\/wp\/v2\/media\/950108"}],"wp:attachment":[{"href":"https:\/\/www.cnbb.org.br\/cnbb-app\/wp\/v2\/media?parent=950103"}],"wp:term":[{"taxonomy":"category","embeddable":true,"href":"https:\/\/www.cnbb.org.br\/cnbb-app\/wp\/v2\/categories?post=950103"},{"taxonomy":"post_tag","embeddable":true,"href":"https:\/\/www.cnbb.org.br\/cnbb-app\/wp\/v2\/tags?post=950103"}],"curies":[{"name":"wp","href":"https:\/\/api.w.org\/{rel}","templated":true}]}}