{"id":950242,"date":"2023-08-21T12:02:10","date_gmt":"2023-08-21T15:02:10","guid":{"rendered":"https:\/\/www.cnbb.org.br\/?p=950242"},"modified":"2023-08-21T16:06:17","modified_gmt":"2023-08-21T19:06:17","slug":"o-papa-quem-ama-sabe-mudar-se-deixa-mover-e-se-comove","status":"publish","type":"post","link":"https:\/\/www.cnbb.org.br\/o-papa-quem-ama-sabe-mudar-se-deixa-mover-e-se-comove\/","title":{"rendered":"O Papa: \u201cquem ama sabe mudar, se deixa mover e se comove\u201d"},"content":{"rendered":"<div class=\"article__subTitle\" style=\"text-align: justify;\">O Papa Francisco rezou o Angelus deste domingo na Pra\u00e7a S\u00e3o Pedro, repleta de fi\u00e9is e peregrinos de todas as partes do mundo, apesar do forte calor europeu. Comentou o epis\u00f3dio evang\u00e9lico da mulher cananeia.<\/div>\n<div class=\"title__separator\" style=\"text-align: justify;\"><\/div>\n<div class=\"article__text\" style=\"text-align: justify;\">\n<p>&#8220;Quem ama n\u00e3o permanece nas pr\u00f3prias posi\u00e7\u00f5es, mas se deixa mover e comover; sabe como mudar seus programas. O amor \u00e9 criativo. E n\u00f3s, crist\u00e3os, se quisermos imitar Cristo, somos convidados \u00e0 disponibilidade da mudan\u00e7a\u201d. Foi o que disse o Papa Francisco no Angelus deste domingo na Pra\u00e7a S\u00e3o Pedro, repleta de fi\u00e9is e peregrinos de todas as partes do mundo, apesar do forte calor europeu. Na sua alocu\u00e7\u00e3o comentou o epis\u00f3dio evang\u00e9lico da mulher cananeia.<\/p>\n<div>\n<div class=\"article__embed article__embed--unwrap article__embed--dark\">\n<div class=\"article__innerTitle\"><span style=\"font-size: 16px;\">Como faz bem em nossos relacionamentos, &#8211; disse Francisco &#8211; mas tamb\u00e9m na vida de f\u00e9, ser d\u00f3cil, realmente ouvir, ser carinhoso em nome da compaix\u00e3o e do bem dos outros, como Jesus fez com a mulher cananeia. \u201cA docilidade para mudar&#8221;.<\/span><\/div>\n<div><\/div>\n<\/div>\n<\/div>\n<p>A esse respeito, o Pont\u00edfice enfatizou:\u00a0<i>&#8220;aqui est\u00e1 a concretude da f\u00e9, que n\u00e3o \u00e9 uma etiqueta religiosa, mas um relacionamento pessoal com o Senhor. Quantas vezes ca\u00edmos na tenta\u00e7\u00e3o de confundir a f\u00e9 com uma etiqueta. A f\u00e9 da mulher cananeia n\u00e3o \u00e9 feita de etiqueta teol\u00f3gica, mas de insist\u00eancia; n\u00e3o de palavras, mas de ora\u00e7\u00e3o. E Deus n\u00e3o resiste quando se reza a ele&#8221;.<\/i><\/p>\n<div>\n<div class=\"article__embed article__embed--unwrap article__embed--photo\">\n<h3 class=\"photo_embed--Title\">Angelus Pra\u00e7a S\u00e3o Pedro<\/h3>\n<\/div>\n<\/div>\n<p>Vemos que Jesus muda sua atitude, &#8211; disse o Papa &#8211; e o que o faz mudar \u00e9 a for\u00e7a da f\u00e9 da mulher. Francisco se det\u00e9m ent\u00e3o brevemente em dois aspectos:\u00a0<i>a mudan\u00e7a de Jesus<\/i>\u00a0e\u00a0<i>a f\u00e9 da mulher<\/i>.<\/p>\n<p><i>A mudan\u00e7a de Jesus.<\/i>\u00a0Ele estava dirigindo sua prega\u00e7\u00e3o ao povo eleito; depois, o Esp\u00edrito Santo levaria a Igreja at\u00e9 os confins da terra. Mas aqui, poder\u00edamos dizer, ocorre uma antecipa\u00e7\u00e3o, pela qual, no epis\u00f3dio da mulher cananeia, a universalidade da obra de Deus j\u00e1 se manifesta.<\/p>\n<p>E n\u00f3s, crist\u00e3os, se quisermos imitar Cristo, somos convidados a estar prontos para a mudan\u00e7a.<\/p>\n<p>Vejamos ent\u00e3o a\u00a0<i>f\u00e9 da mulher<\/i>, que o Senhor elogia, dizendo que \u00e9 &#8220;grande&#8221;. Para os disc\u00edpulos, apenas a insist\u00eancia dela parece grande; em vez disso, Jesus v\u00ea a f\u00e9. Se pensarmos bem,\u00a0 &#8211; disse ainda o Papa &#8211; aquela mulher estrangeira provavelmente sabia pouco, ou quase nada, sobre as leis e os preceitos religiosos de Israel. Em que, ent\u00e3o, consiste a sua f\u00e9? Ela\u00a0<i>n\u00e3o \u00e9 rica de conceitos, mas de fatos<\/i>: a mulher cananeia se aproxima, prostra-se, insiste, mant\u00e9m um di\u00e1logo \u00edntimo com Jesus, supera todos os obst\u00e1culos para falar com ele.<\/p>\n<p>&#8220;<i>\u00c0 luz de tudo isso, podemos nos fazer algumas perguntas&#8221;, acrescentou Francisco. Come\u00e7ando com a mudan\u00e7a de Jesus: sou capaz de mudar opini\u00e3o? Sou capaz de ser compreensivo e compassivo ou permane\u00e7o r\u00edgido em minhas posi\u00e7\u00f5es? E a partir da f\u00e9 da mulher, disse ainda o Papa: como est\u00e1 a minha f\u00e9? Ela se limita a conceitos e palavras, ou \u00e9 realmente vivida, com a ora\u00e7\u00e3o e as a\u00e7\u00f5es? Sei dialogar com o Senhor, insistir com Ele, ou me contento em recitar alguma f\u00f3rmula bonita?&#8221;.<\/i><\/p>\n<p>\u201cQue Nossa Senhora nos torne dispon\u00edveis ao bem e concretos na f\u00e9&#8221;, finalizou o Papa.<\/p>\n<div class=\"ast-oembed-container\" style=\"height: 100%;\"><iframe loading=\"lazy\" title=\"Angelus 20 de agosto de 2023 Papa Francisco\" width=\"500\" height=\"281\" src=\"https:\/\/www.youtube.com\/embed\/s4kVQUmKKlE?feature=oembed\" frameborder=\"0\" allow=\"accelerometer; autoplay; clipboard-write; encrypted-media; gyroscope; picture-in-picture; web-share\" allowfullscreen><\/iframe><\/div>\n<pre><em>Com informa\u00e7\u00f5es do Silvonei Jos\u00e9 - Vatican News<\/em><\/pre>\n<\/div>\n","protected":false},"excerpt":{"rendered":"<p>O Papa Francisco rezou o Angelus deste domingo na pra\u00e7a S\u00e3o Pedro, repleta de fi\u00e9is e peregrinos de todas as partes do mundo, apesar do forte calor europeu. Comentou o epis\u00f3dio evang\u00e9lico da mulher cananeia. &#8220;N\u00f3s, crist\u00e3os, se quisermos imitar Cristo, somos convidados \u00e0 disponibilidade da mudan\u00e7a\u201d, disse o Santo Padre<\/p>\n","protected":false},"author":83,"featured_media":950247,"comment_status":"closed","ping_status":"closed","sticky":false,"template":"","format":"standard","meta":{"site-sidebar-layout":"default","site-content-layout":"default","ast-global-header-display":"","ast-banner-title-visibility":"","ast-main-header-display":"","ast-hfb-above-header-display":"","ast-hfb-below-header-display":"","ast-hfb-mobile-header-display":"","site-post-title":"","ast-breadcrumbs-content":"","ast-featured-img":"","footer-sml-layout":"","theme-transparent-header-meta":"default","adv-header-id-meta":"","stick-header-meta":"","header-above-stick-meta":"","header-main-stick-meta":"","header-below-stick-meta":""},"categories":[50,784],"tags":[],"acf":[],"_links":{"self":[{"href":"https:\/\/www.cnbb.org.br\/cnbb-app\/wp\/v2\/posts\/950242"}],"collection":[{"href":"https:\/\/www.cnbb.org.br\/cnbb-app\/wp\/v2\/posts"}],"about":[{"href":"https:\/\/www.cnbb.org.br\/cnbb-app\/wp\/v2\/types\/post"}],"author":[{"embeddable":true,"href":"https:\/\/www.cnbb.org.br\/cnbb-app\/wp\/v2\/users\/83"}],"replies":[{"embeddable":true,"href":"https:\/\/www.cnbb.org.br\/cnbb-app\/wp\/v2\/comments?post=950242"}],"version-history":[{"count":3,"href":"https:\/\/www.cnbb.org.br\/cnbb-app\/wp\/v2\/posts\/950242\/revisions"}],"predecessor-version":[{"id":950308,"href":"https:\/\/www.cnbb.org.br\/cnbb-app\/wp\/v2\/posts\/950242\/revisions\/950308"}],"wp:featuredmedia":[{"embeddable":true,"href":"https:\/\/www.cnbb.org.br\/cnbb-app\/wp\/v2\/media\/950247"}],"wp:attachment":[{"href":"https:\/\/www.cnbb.org.br\/cnbb-app\/wp\/v2\/media?parent=950242"}],"wp:term":[{"taxonomy":"category","embeddable":true,"href":"https:\/\/www.cnbb.org.br\/cnbb-app\/wp\/v2\/categories?post=950242"},{"taxonomy":"post_tag","embeddable":true,"href":"https:\/\/www.cnbb.org.br\/cnbb-app\/wp\/v2\/tags?post=950242"}],"curies":[{"name":"wp","href":"https:\/\/api.w.org\/{rel}","templated":true}]}}