{"id":950258,"date":"2023-08-21T13:21:38","date_gmt":"2023-08-21T16:21:38","guid":{"rendered":"https:\/\/www.cnbb.org.br\/?p=950258"},"modified":"2023-08-21T13:21:38","modified_gmt":"2023-08-21T16:21:38","slug":"caminhada-com-maria-leva-mais-de-um-milhao-de-devotos-as-ruas-de-fortaleza","status":"publish","type":"post","link":"https:\/\/www.cnbb.org.br\/caminhada-com-maria-leva-mais-de-um-milhao-de-devotos-as-ruas-de-fortaleza\/","title":{"rendered":"Caminhada com Maria leva mais de um milh\u00e3o de devotos \u00e0s ruas de Fortaleza"},"content":{"rendered":"<p style=\"text-align: justify;\">A Caminhada com Maria 2023, ap\u00f3s tr\u00eas anos realizada no formato online, retornou \u00e0 modalidade presencial levando mais de um milh\u00e3o de fi\u00e9is \u00e0s ruas da capital cearense. O percurso da prociss\u00e3o partiu do Santu\u00e1rio Nossa Senhora da Assun\u00e7\u00e3o, Vila Velha, at\u00e9 a Catedral Metropolitana no Centro de Fortaleza.<\/p>\n<p style=\"text-align: justify;\">O itiner\u00e1rio de 12,5 km, sob o sol forte n\u00e3o desanimou os devotos, muitos deles caminhavam com alegria, rezando, aclamando, acenando, entre vivas e c\u00e2nticos agradeciam \u00e0 Senhora da Assun\u00e7\u00e3o por caminhar com eles. Os moradores das ruas e avenidas por onde passou o cortejo mariano expressaram a sua f\u00e9 de diversas formas preparando altares, distribuindo \u00e1gua e alimentos, cedendo banheiros, colaborando com as necessidades circunstanciais.<\/p>\n<p style=\"text-align: justify;\">Os caminhantes chegaram \u00e0 Igreja da S\u00e9 por volta das 18h30, depois de 4h30 de caminhada. A imagem da Virgem Maria foi coroada sob aplausos, l\u00e1grimas e gratid\u00e3o pelas gra\u00e7as derramadas nesse dia que ficou marcado na vida de muitas pessoas. Elevada aos c\u00e9us ela continua a interceder por seus filhos.<\/p>\n<p style=\"text-align: justify;\">A coordena\u00e7\u00e3o agradece \u00e0s centenas de volunt\u00e1rios que ajudaram nas equipes de servi\u00e7os, emissoras de r\u00e1dio e TV, aos \u00f3rg\u00e3os p\u00fablicos, Pol\u00edcia Militar, Corpo de Bombeiros, Autarquia Municipal de Tr\u00e2nsito, Pol\u00edcia Rodovi\u00e1ria Federal, socorristas e a todos os que somaram for\u00e7as para a realiza\u00e7\u00e3o da Caminhada com Maria 2023.<\/p>\n<p>&nbsp;<\/p>\n<p>Confira a not\u00edcia na \u00edntegra no site do <a href=\"https:\/\/www.cnbbne1.org.br\/caminhada-com-maria-leva-mais-de-um-milhao-de-devotos-as-ruas-de-fortaleza\/\" target=\"_blank\" rel=\"noopener\">regional Nordeste 1.<\/a><\/p>\n","protected":false},"excerpt":{"rendered":"<p>A Caminhada com Maria 2023, ap\u00f3s tr\u00eas anos realizada no formato online, retornou \u00e0 modalidade presencial levando mais de um milh\u00e3o de fi\u00e9is \u00e0s ruas da capital cearense. O percurso da prociss\u00e3o partiu do Santu\u00e1rio Nossa Senhora da Assun\u00e7\u00e3o, Vila Velha, at\u00e9 a Catedral Metropolitana no Centro de Fortaleza. O itiner\u00e1rio de 12,5 km, sob &hellip;<\/p>\n<p class=\"read-more\"> <a class=\"\" href=\"https:\/\/www.cnbb.org.br\/caminhada-com-maria-leva-mais-de-um-milhao-de-devotos-as-ruas-de-fortaleza\/\"> <span class=\"screen-reader-text\">Caminhada com Maria leva mais de um milh\u00e3o de devotos \u00e0s ruas de Fortaleza<\/span> Leia mais &raquo;<\/a><\/p>\n","protected":false},"author":141,"featured_media":950262,"comment_status":"closed","ping_status":"closed","sticky":false,"template":"","format":"standard","meta":{"site-sidebar-layout":"default","site-content-layout":"default","ast-global-header-display":"","ast-banner-title-visibility":"","ast-main-header-display":"","ast-hfb-above-header-display":"","ast-hfb-below-header-display":"","ast-hfb-mobile-header-display":"","site-post-title":"","ast-breadcrumbs-content":"","ast-featured-img":"","footer-sml-layout":"","theme-transparent-header-meta":"default","adv-header-id-meta":"","stick-header-meta":"","header-above-stick-meta":"","header-main-stick-meta":"","header-below-stick-meta":""},"categories":[867],"tags":[],"acf":[],"_links":{"self":[{"href":"https:\/\/www.cnbb.org.br\/cnbb-app\/wp\/v2\/posts\/950258"}],"collection":[{"href":"https:\/\/www.cnbb.org.br\/cnbb-app\/wp\/v2\/posts"}],"about":[{"href":"https:\/\/www.cnbb.org.br\/cnbb-app\/wp\/v2\/types\/post"}],"author":[{"embeddable":true,"href":"https:\/\/www.cnbb.org.br\/cnbb-app\/wp\/v2\/users\/141"}],"replies":[{"embeddable":true,"href":"https:\/\/www.cnbb.org.br\/cnbb-app\/wp\/v2\/comments?post=950258"}],"version-history":[{"count":3,"href":"https:\/\/www.cnbb.org.br\/cnbb-app\/wp\/v2\/posts\/950258\/revisions"}],"predecessor-version":[{"id":950261,"href":"https:\/\/www.cnbb.org.br\/cnbb-app\/wp\/v2\/posts\/950258\/revisions\/950261"}],"wp:featuredmedia":[{"embeddable":true,"href":"https:\/\/www.cnbb.org.br\/cnbb-app\/wp\/v2\/media\/950262"}],"wp:attachment":[{"href":"https:\/\/www.cnbb.org.br\/cnbb-app\/wp\/v2\/media?parent=950258"}],"wp:term":[{"taxonomy":"category","embeddable":true,"href":"https:\/\/www.cnbb.org.br\/cnbb-app\/wp\/v2\/categories?post=950258"},{"taxonomy":"post_tag","embeddable":true,"href":"https:\/\/www.cnbb.org.br\/cnbb-app\/wp\/v2\/tags?post=950258"}],"curies":[{"name":"wp","href":"https:\/\/api.w.org\/{rel}","templated":true}]}}