{"id":950381,"date":"2023-08-22T16:04:08","date_gmt":"2023-08-22T19:04:08","guid":{"rendered":"https:\/\/www.cnbb.org.br\/?p=950381"},"modified":"2023-08-22T16:04:08","modified_gmt":"2023-08-22T19:04:08","slug":"viii-encontro-regional-de-liturgia-do-nordeste-1-acontece-em-fortaleza","status":"publish","type":"post","link":"https:\/\/www.cnbb.org.br\/viii-encontro-regional-de-liturgia-do-nordeste-1-acontece-em-fortaleza\/","title":{"rendered":"VIII Encontro Regional de Liturgia do Nordeste 1 acontece em Fortaleza"},"content":{"rendered":"<p style=\"text-align: justify;\">Com o objetivo de\u00a0<em>\u201crefletir os fundamentos da forma\u00e7\u00e3o lit\u00fargica e a viv\u00eancia dos participantes do encontro, da partir da Carta Apost\u00f3lica Desirerio Desideravi e da Terceira Edi\u00e7\u00e3o T\u00edpica do Missal Romano, no Regional Nordeste 1\u201d<\/em>, a Comiss\u00e3o para Liturgia do regional Nordeste 1 realizou mais uma edi\u00e7\u00e3o do Encontro Regional da Liturgia. Esse momento \u00e9 o primeiro realizado ap\u00f3s a pandemia do Covid-19 e contou com a participa\u00e7\u00e3o de coordena\u00e7\u00f5es das dioceses, regi\u00f5es episcopais, novas comunidades e seminaristas.<\/p>\n<p style=\"text-align: justify;\">Confira a not\u00edcia na \u00edntegra (<a href=\"https:\/\/www.cnbbne1.org.br\/viii-encontro-regional-de-liturgia-do-ne-1-acontece-em-fortaleza\/\" target=\"_blank\" rel=\"noopener\">aqui<\/a>).<\/p>\n","protected":false},"excerpt":{"rendered":"<p>Com o objetivo de\u00a0\u201crefletir os fundamentos da forma\u00e7\u00e3o lit\u00fargica e a viv\u00eancia dos participantes do encontro, da partir da Carta Apost\u00f3lica Desirerio Desideravi e da Terceira Edi\u00e7\u00e3o T\u00edpica do Missal Romano, no Regional Nordeste 1\u201d, a Comiss\u00e3o para Liturgia do regional Nordeste 1 realizou mais uma edi\u00e7\u00e3o do Encontro Regional da Liturgia. Esse momento \u00e9 &hellip;<\/p>\n<p class=\"read-more\"> <a class=\"\" href=\"https:\/\/www.cnbb.org.br\/viii-encontro-regional-de-liturgia-do-nordeste-1-acontece-em-fortaleza\/\"> <span class=\"screen-reader-text\">VIII Encontro Regional de Liturgia do Nordeste 1 acontece em Fortaleza<\/span> Leia mais &raquo;<\/a><\/p>\n","protected":false},"author":141,"featured_media":950398,"comment_status":"closed","ping_status":"closed","sticky":false,"template":"","format":"standard","meta":{"site-sidebar-layout":"default","site-content-layout":"default","ast-global-header-display":"","ast-banner-title-visibility":"","ast-main-header-display":"","ast-hfb-above-header-display":"","ast-hfb-below-header-display":"","ast-hfb-mobile-header-display":"","site-post-title":"","ast-breadcrumbs-content":"","ast-featured-img":"","footer-sml-layout":"","theme-transparent-header-meta":"default","adv-header-id-meta":"","stick-header-meta":"","header-above-stick-meta":"","header-main-stick-meta":"","header-below-stick-meta":""},"categories":[867],"tags":[],"acf":[],"_links":{"self":[{"href":"https:\/\/www.cnbb.org.br\/cnbb-app\/wp\/v2\/posts\/950381"}],"collection":[{"href":"https:\/\/www.cnbb.org.br\/cnbb-app\/wp\/v2\/posts"}],"about":[{"href":"https:\/\/www.cnbb.org.br\/cnbb-app\/wp\/v2\/types\/post"}],"author":[{"embeddable":true,"href":"https:\/\/www.cnbb.org.br\/cnbb-app\/wp\/v2\/users\/141"}],"replies":[{"embeddable":true,"href":"https:\/\/www.cnbb.org.br\/cnbb-app\/wp\/v2\/comments?post=950381"}],"version-history":[{"count":4,"href":"https:\/\/www.cnbb.org.br\/cnbb-app\/wp\/v2\/posts\/950381\/revisions"}],"predecessor-version":[{"id":950405,"href":"https:\/\/www.cnbb.org.br\/cnbb-app\/wp\/v2\/posts\/950381\/revisions\/950405"}],"wp:featuredmedia":[{"embeddable":true,"href":"https:\/\/www.cnbb.org.br\/cnbb-app\/wp\/v2\/media\/950398"}],"wp:attachment":[{"href":"https:\/\/www.cnbb.org.br\/cnbb-app\/wp\/v2\/media?parent=950381"}],"wp:term":[{"taxonomy":"category","embeddable":true,"href":"https:\/\/www.cnbb.org.br\/cnbb-app\/wp\/v2\/categories?post=950381"},{"taxonomy":"post_tag","embeddable":true,"href":"https:\/\/www.cnbb.org.br\/cnbb-app\/wp\/v2\/tags?post=950381"}],"curies":[{"name":"wp","href":"https:\/\/api.w.org\/{rel}","templated":true}]}}