{"id":950519,"date":"2023-08-24T10:56:35","date_gmt":"2023-08-24T13:56:35","guid":{"rendered":"https:\/\/www.cnbb.org.br\/?p=950519"},"modified":"2023-08-24T10:57:23","modified_gmt":"2023-08-24T13:57:23","slug":"20o-domingo-do-tempo-comum-3","status":"publish","type":"post","link":"https:\/\/www.cnbb.org.br\/20o-domingo-do-tempo-comum-3\/","title":{"rendered":"20\u00ba Domingo do tempo comum"},"content":{"rendered":"<p style=\"text-align: right;\"><b><span data-contrast=\"auto\">Dom Carmo Jo\u00e3o Rhoden<\/span><\/b><span data-ccp-props=\"{&quot;201341983&quot;:0,&quot;335551550&quot;:2,&quot;335551620&quot;:2,&quot;335559740&quot;:360}\"><br \/>\n<\/span><b><span data-contrast=\"auto\">Bispo Em\u00e9rito de Taubat\u00e9 (SP)<\/span><\/b><span data-ccp-props=\"{&quot;201341983&quot;:0,&quot;335551550&quot;:2,&quot;335551620&quot;:2,&quot;335559740&quot;:360}\">\u00a0<\/span><\/p>\n<p>&nbsp;<\/p>\n<p>&nbsp;<\/p>\n<p style=\"text-align: justify;\"><b><span data-contrast=\"auto\">20\u00ba Domingo do tempo comum 20\/08\/23<\/span><\/b><span data-ccp-props=\"{&quot;201341983&quot;:0,&quot;335551550&quot;:2,&quot;335551620&quot;:2,&quot;335559740&quot;:360}\">\u00a0<\/span><\/p>\n<p style=\"text-align: justify;\"><span data-contrast=\"auto\">Texto a ser sublinhado: <\/span><b><span data-contrast=\"auto\">Lc 1,45<\/span><\/b> <i><span data-contrast=\"auto\">\u201cBendita aquela que acreditou\u201d<\/span><\/i><span data-ccp-props=\"{&quot;201341983&quot;:0,&quot;335551550&quot;:2,&quot;335551620&quot;:2,&quot;335559740&quot;:360}\">\u00a0<\/span><\/p>\n<p style=\"text-align: justify;\"><span data-contrast=\"auto\">O que lhe foi dito da parte do Senhor se cumprir\u00e1.<\/span><span data-ccp-props=\"{&quot;201341983&quot;:0,&quot;335551550&quot;:2,&quot;335551620&quot;:2,&quot;335559740&quot;:360}\">\u00a0<\/span><\/p>\n<p style=\"text-align: justify;\"><span data-contrast=\"auto\">1 \u2013 A assun\u00e7\u00e3o de Maria n\u00e3o consta claramente na Sagrada Escritura, mas desde muito cedo a Igreja celebrava esta verdade, que o papa Pio XII, em 1950, proclamou como dogma de f\u00e9. Qual o conte\u00fado? Maria foi elevada ao c\u00e9u de corpo e alma, aquela que na terra, sempre esteve junto ao filho Jesus Cristo. Ela \u00e9 a Arca da Nova Alian\u00e7a. Era boa? Conveniente? Justa? Sim. De junto do Filho intercede por n\u00f3s. Ela est\u00e1 junto do Pai que a criou e do Filho, que por nove meses trouxe em seu sagrado ventre, e tamb\u00e9m do Esp\u00edrito Santo, de quem recebeu a gra\u00e7a da maternidade.<\/span><span data-ccp-props=\"{&quot;201341983&quot;:0,&quot;335551550&quot;:6,&quot;335551620&quot;:6,&quot;335559740&quot;:360}\">\u00a0<\/span><\/p>\n<p style=\"text-align: justify;\"><span data-contrast=\"auto\">2 \u2013 Por que Maria foi \u00e0s pressas? Porque acreditou no projeto de Deus. Quis assim colaborar e foi servir a sua prima Isabel, j\u00e1 de idade, no entanto gr\u00e1vida do precursor, Jo\u00e3o Batista. Precisava de ajuda e recebeu ajuda pelas suas preocupa\u00e7\u00f5es, pois tamb\u00e9m estava gr\u00e1vida e somente ela sabia de quem, pela graciosa a\u00e7\u00e3o do Esp\u00edrito Santo.<\/span><span data-ccp-props=\"{&quot;201341983&quot;:0,&quot;335551550&quot;:6,&quot;335551620&quot;:6,&quot;335559740&quot;:360}\">\u00a0<\/span><\/p>\n<p style=\"text-align: justify;\"><span data-contrast=\"auto\">3 \u2013 Isabel a sa\u00fada dizendo: Bendita \u00e9s tu entre as mulheres e bendito \u00e9 o fruto do teu ventre. Como vem a mim a m\u00e3e do meu Senhor? Bendita \u00e9s tu que creste, pois ir\u00e3o cumprir-se as coisas que te foram ditas. O que Isabel descobriu que se estava realizando em Maria? A gesta\u00e7\u00e3o do Messias, do Salvador, prometido pelos profetas, esperado pelo povo fiel.<\/span><span data-ccp-props=\"{&quot;201341983&quot;:0,&quot;335551550&quot;:6,&quot;335551620&quot;:6,&quot;335559740&quot;:360}\">\u00a0<\/span><\/p>\n<p style=\"text-align: justify;\"><span data-ccp-props=\"{&quot;201341983&quot;:0,&quot;335551550&quot;:2,&quot;335551620&quot;:2,&quot;335559740&quot;:360}\">\u00a0<\/span><\/p>\n<p style=\"text-align: justify;\">\n","protected":false},"excerpt":{"rendered":"<p>Dom Carmo Jo\u00e3o Rhoden Bispo Em\u00e9rito de Taubat\u00e9 (SP)\u00a0 &nbsp; &nbsp; 20\u00ba Domingo do tempo comum 20\/08\/23\u00a0 Texto a ser sublinhado: Lc 1,45 \u201cBendita aquela que acreditou\u201d\u00a0 O que lhe foi dito da parte do Senhor se cumprir\u00e1.\u00a0 1 \u2013 A assun\u00e7\u00e3o de Maria n\u00e3o consta claramente na Sagrada Escritura, mas desde muito cedo a &hellip;<\/p>\n<p class=\"read-more\"> <a class=\"\" href=\"https:\/\/www.cnbb.org.br\/20o-domingo-do-tempo-comum-3\/\"> <span class=\"screen-reader-text\">20\u00ba Domingo do tempo comum<\/span> Leia mais &raquo;<\/a><\/p>\n","protected":false},"author":132,"featured_media":0,"comment_status":"closed","ping_status":"closed","sticky":false,"template":"","format":"standard","meta":{"site-sidebar-layout":"default","site-content-layout":"default","ast-global-header-display":"","ast-banner-title-visibility":"","ast-main-header-display":"","ast-hfb-above-header-display":"","ast-hfb-below-header-display":"","ast-hfb-mobile-header-display":"","site-post-title":"","ast-breadcrumbs-content":"","ast-featured-img":"","footer-sml-layout":"","theme-transparent-header-meta":"default","adv-header-id-meta":"","stick-header-meta":"","header-above-stick-meta":"","header-main-stick-meta":"","header-below-stick-meta":""},"categories":[758],"tags":[],"acf":[],"_links":{"self":[{"href":"https:\/\/www.cnbb.org.br\/cnbb-app\/wp\/v2\/posts\/950519"}],"collection":[{"href":"https:\/\/www.cnbb.org.br\/cnbb-app\/wp\/v2\/posts"}],"about":[{"href":"https:\/\/www.cnbb.org.br\/cnbb-app\/wp\/v2\/types\/post"}],"author":[{"embeddable":true,"href":"https:\/\/www.cnbb.org.br\/cnbb-app\/wp\/v2\/users\/132"}],"replies":[{"embeddable":true,"href":"https:\/\/www.cnbb.org.br\/cnbb-app\/wp\/v2\/comments?post=950519"}],"version-history":[{"count":3,"href":"https:\/\/www.cnbb.org.br\/cnbb-app\/wp\/v2\/posts\/950519\/revisions"}],"predecessor-version":[{"id":950522,"href":"https:\/\/www.cnbb.org.br\/cnbb-app\/wp\/v2\/posts\/950519\/revisions\/950522"}],"wp:attachment":[{"href":"https:\/\/www.cnbb.org.br\/cnbb-app\/wp\/v2\/media?parent=950519"}],"wp:term":[{"taxonomy":"category","embeddable":true,"href":"https:\/\/www.cnbb.org.br\/cnbb-app\/wp\/v2\/categories?post=950519"},{"taxonomy":"post_tag","embeddable":true,"href":"https:\/\/www.cnbb.org.br\/cnbb-app\/wp\/v2\/tags?post=950519"}],"curies":[{"name":"wp","href":"https:\/\/api.w.org\/{rel}","templated":true}]}}