{"id":950523,"date":"2023-08-24T11:01:29","date_gmt":"2023-08-24T14:01:29","guid":{"rendered":"https:\/\/www.cnbb.org.br\/?p=950523"},"modified":"2023-08-24T11:09:06","modified_gmt":"2023-08-24T14:09:06","slug":"ministerios-leigos-2","status":"publish","type":"post","link":"https:\/\/www.cnbb.org.br\/ministerios-leigos-2\/","title":{"rendered":"Minist\u00e9rios leigos\u00a0"},"content":{"rendered":"<p style=\"text-align: right;\"><strong>Dom Rodolfo Lu\u00eds Weber<br \/>\nArcebispo de Passo Fundo (RS)\u00a0<\/strong><\/p>\n<p>&nbsp;<\/p>\n<p>&nbsp;<\/p>\n<p style=\"text-align: justify;\"><span data-contrast=\"auto\">\u00a0\u201cVoca\u00e7\u00e3o: gra\u00e7a e miss\u00e3o\u201d<\/span><span data-ccp-props=\"{&quot;201341983&quot;:0,&quot;335551550&quot;:2,&quot;335551620&quot;:2,&quot;335559739&quot;:0,&quot;335559740&quot;:259}\">\u00a0<\/span><\/p>\n<p style=\"text-align: justify;\"><span data-contrast=\"auto\">\u201cCora\u00e7\u00f5es ardentes, p\u00e9s a caminho\u201d<\/span><span data-ccp-props=\"{&quot;201341983&quot;:0,&quot;335551550&quot;:2,&quot;335551620&quot;:2,&quot;335559739&quot;:0,&quot;335559740&quot;:259}\">\u00a0<\/span><\/p>\n<p style=\"text-align: justify;\"><span data-contrast=\"auto\">No quarto domingo do m\u00eas vocacional a Igreja Cat\u00f3lica convida para refletir e aprofundar a compreens\u00e3o dos minist\u00e9rios leigos na Igreja. \u00c9 dia para louvar e bendizer a Deus por todos estes fi\u00e9is batizados que dedicam parte de seu tempo para a evangeliza\u00e7\u00e3o. O seu exemplo \u00e9 um convite para despertar e convidar mais pessoas para abra\u00e7arem algum servi\u00e7o na comunidade crist\u00e3.\u00a0 O Ano Vocacional, que tem por tema: \u201cVoca\u00e7\u00e3o: gra\u00e7a e miss\u00e3o\u201d e por lema \u201cCora\u00e7\u00f5es ardentes, p\u00e9s a caminho\u201d, \u00e9 um chamado de Deus a todos os batizados.\u00a0<\/span><span data-ccp-props=\"{&quot;201341983&quot;:0,&quot;335551550&quot;:6,&quot;335551620&quot;:6,&quot;335559731&quot;:708,&quot;335559739&quot;:120,&quot;335559740&quot;:259}\">\u00a0<\/span><\/p>\n<p style=\"text-align: justify;\"><span data-contrast=\"auto\">Todas as institui\u00e7\u00f5es para realizarem sua miss\u00e3o requerem muitas pessoas com habilidades e qualidades diferentes para realizarem fun\u00e7\u00f5es diferentes. O mesmo acontece com a Igreja que tem a sua origem na vontade de Deus, por isso \u00e9 divina; mas \u00e9 simultaneamente humana, destinada para humanos e tamb\u00e9m constru\u00edda por m\u00e3os humanas. A Igreja sendo humana e divina precisa conjugar estas duas realidades. Nem sempre \u00e9 f\u00e1cil distinguir o que \u00e9 de Deus e o que \u00e9 humano. A Igreja ensina que desde o dia do Batismo, cada batizado participa e \u00e9 respons\u00e1vel pela Igreja. Deus concede a cada fiel dons diferentes em vista da edifica\u00e7\u00e3o da Igreja e para realizar a miss\u00e3o de anunciar o Evangelho.<\/span><span data-ccp-props=\"{&quot;201341983&quot;:0,&quot;335551550&quot;:6,&quot;335551620&quot;:6,&quot;335559731&quot;:708,&quot;335559739&quot;:120,&quot;335559740&quot;:259}\">\u00a0<\/span><\/p>\n<p style=\"text-align: justify;\"><span data-contrast=\"auto\">Por ser humana a Igreja precisa se organizar, distribuir tarefas, normatizar o seu funcionamento. Rendemos gra\u00e7as a Deus porque em todas as comunidades temos batizados que colaboram generosamente. A t\u00edtulo de exemplo citamos: as pessoas que zelam pelo patrim\u00f4nio material e a organiza\u00e7\u00e3o das festas, as que se dedicam \u00e0 liturgia, as que visitam os doentes, os que participam e coordenam grupos, movimentos e pastorais, os Ministros extraordin\u00e1rios da Sagrada Comunh\u00e3o eucar\u00edstica e os catequistas.\u00a0<\/span><span data-ccp-props=\"{&quot;201341983&quot;:0,&quot;335551550&quot;:6,&quot;335551620&quot;:6,&quot;335559731&quot;:708,&quot;335559739&quot;:120,&quot;335559740&quot;:259}\">\u00a0<\/span><\/p>\n<p style=\"text-align: justify;\"><span data-contrast=\"auto\">O \u00faltimo domingo agosto tamb\u00e9m \u00e9 dedicado a quem se dedica \u00e0 catequese. O \u201cDiret\u00f3rio para a Catequese\u201d, publicado em 23 de mar\u00e7o de 2020, falando sobre a identidade e a voca\u00e7\u00e3o do catequista, nos n\u00fameros 110 a 113 ensina: \u201cs\u00e3o testemunhas do an\u00fancio do Evangelho com a Palavra e com o exemplo de vida crist\u00e3. (&#8230;) No conjunto dos minist\u00e9rios e servi\u00e7os, com os quais a Igreja cumpre a sua miss\u00e3o evangelizadora, o minist\u00e9rio da catequese ocupa um lugar significativo, indispens\u00e1vel para o crescimento da f\u00e9. (&#8230;) A voca\u00e7\u00e3o espec\u00edfica do catequista, portanto, tem sua raiz na voca\u00e7\u00e3o comum do povo de Deus, chamado a servir o des\u00edgnio salv\u00edfico de Deus em favor da humanidade. (&#8230;) O catequista pertence a uma comunidade crist\u00e3 e dela \u00e9 express\u00e3o. (&#8230;) O catequista \u00e9 um crist\u00e3o que recebe o chamado particular de Deus que, acolhido na f\u00e9, o capacita ao servi\u00e7o da transmiss\u00e3o da f\u00e9 e \u00e0 miss\u00e3o de iniciar \u00e0 vida crist\u00e3\u201d.<\/span><span data-ccp-props=\"{&quot;201341983&quot;:0,&quot;335551550&quot;:6,&quot;335551620&quot;:6,&quot;335559731&quot;:708,&quot;335559739&quot;:120,&quot;335559740&quot;:259}\">\u00a0<\/span><\/p>\n<p style=\"text-align: justify;\"><span data-contrast=\"auto\">O Papa Francisco na <\/span><i><span data-contrast=\"auto\">Evangelii Gaudium \u2013 Na alegria do Evangelho \u2013 <\/span><\/i><span data-contrast=\"auto\">dirigindo-se a todos crist\u00e3os cat\u00f3licos envolvidos mais diretamente na miss\u00e3o evangelizadora da Igreja afirma que devem ser \u201cevangelizadores com Esp\u00edrito\u201d. O lema do Ano Vocacional \u201ccora\u00e7\u00f5es ardentes e p\u00e9s a caminho\u201d vai ao encontro do que o Papa ensinou sobre evangelizadores com esp\u00edrito, pois o cora\u00e7\u00e3o come\u00e7a arder quando a pessoa se encontra com Jesus Cristo ou se deixa encontrar por Ele. Pois a miss\u00e3o do evangelizador \u00e9 realizar o que Jesus confiou, isto \u00e9 levar o Evangelho a todas as criaturas. Toda a\u00e7\u00e3o evangelizadora \u00e9 sempre \u201cnova\u201d, pois a vida do evangelizador sempre est\u00e1 em movimento e sempre novas pessoas e situa\u00e7\u00f5es v\u00e3o aparecendo.<\/span><span data-ccp-props=\"{&quot;201341983&quot;:0,&quot;335551550&quot;:6,&quot;335551620&quot;:6,&quot;335559731&quot;:708,&quot;335559739&quot;:120,&quot;335559740&quot;:259}\">\u00a0<\/span><\/p>\n<p style=\"text-align: justify;\"><span data-contrast=\"auto\">Novamente agradecemos a Deus e a cada fiel leigo por dedicar parte da sua vida na nobre miss\u00e3o de anunciar Jesus Cristo. Voc\u00eas fazem isso, porque t\u00eam uma paix\u00e3o por Jesus Cristo e paix\u00e3o pelo povo de Deus.\u00a0<\/span><span data-ccp-props=\"{&quot;201341983&quot;:0,&quot;335551550&quot;:6,&quot;335551620&quot;:6,&quot;335559731&quot;:708,&quot;335559739&quot;:120,&quot;335559740&quot;:259}\">\u00a0<\/span><\/p>\n<p style=\"text-align: justify;\">\n","protected":false},"excerpt":{"rendered":"<p>Dom Rodolfo Lu\u00eds Weber Arcebispo de Passo Fundo (RS)\u00a0 &nbsp; &nbsp; \u00a0\u201cVoca\u00e7\u00e3o: gra\u00e7a e miss\u00e3o\u201d\u00a0 \u201cCora\u00e7\u00f5es ardentes, p\u00e9s a caminho\u201d\u00a0 No quarto domingo do m\u00eas vocacional a Igreja Cat\u00f3lica convida para refletir e aprofundar a compreens\u00e3o dos minist\u00e9rios leigos na Igreja. \u00c9 dia para louvar e bendizer a Deus por todos estes fi\u00e9is batizados que &hellip;<\/p>\n<p class=\"read-more\"> <a class=\"\" href=\"https:\/\/www.cnbb.org.br\/ministerios-leigos-2\/\"> <span class=\"screen-reader-text\">Minist\u00e9rios leigos\u00a0<\/span> Leia mais &raquo;<\/a><\/p>\n","protected":false},"author":27,"featured_media":0,"comment_status":"closed","ping_status":"closed","sticky":false,"template":"","format":"standard","meta":{"site-sidebar-layout":"default","site-content-layout":"default","ast-global-header-display":"","ast-banner-title-visibility":"","ast-main-header-display":"","ast-hfb-above-header-display":"","ast-hfb-below-header-display":"","ast-hfb-mobile-header-display":"","site-post-title":"","ast-breadcrumbs-content":"","ast-featured-img":"","footer-sml-layout":"","theme-transparent-header-meta":"default","adv-header-id-meta":"","stick-header-meta":"","header-above-stick-meta":"","header-main-stick-meta":"","header-below-stick-meta":""},"categories":[758,1837],"tags":[],"acf":[],"_links":{"self":[{"href":"https:\/\/www.cnbb.org.br\/cnbb-app\/wp\/v2\/posts\/950523"}],"collection":[{"href":"https:\/\/www.cnbb.org.br\/cnbb-app\/wp\/v2\/posts"}],"about":[{"href":"https:\/\/www.cnbb.org.br\/cnbb-app\/wp\/v2\/types\/post"}],"author":[{"embeddable":true,"href":"https:\/\/www.cnbb.org.br\/cnbb-app\/wp\/v2\/users\/27"}],"replies":[{"embeddable":true,"href":"https:\/\/www.cnbb.org.br\/cnbb-app\/wp\/v2\/comments?post=950523"}],"version-history":[{"count":2,"href":"https:\/\/www.cnbb.org.br\/cnbb-app\/wp\/v2\/posts\/950523\/revisions"}],"predecessor-version":[{"id":950525,"href":"https:\/\/www.cnbb.org.br\/cnbb-app\/wp\/v2\/posts\/950523\/revisions\/950525"}],"wp:attachment":[{"href":"https:\/\/www.cnbb.org.br\/cnbb-app\/wp\/v2\/media?parent=950523"}],"wp:term":[{"taxonomy":"category","embeddable":true,"href":"https:\/\/www.cnbb.org.br\/cnbb-app\/wp\/v2\/categories?post=950523"},{"taxonomy":"post_tag","embeddable":true,"href":"https:\/\/www.cnbb.org.br\/cnbb-app\/wp\/v2\/tags?post=950523"}],"curies":[{"name":"wp","href":"https:\/\/api.w.org\/{rel}","templated":true}]}}