{"id":950527,"date":"2023-08-24T11:07:28","date_gmt":"2023-08-24T14:07:28","guid":{"rendered":"https:\/\/www.cnbb.org.br\/?p=950527"},"modified":"2023-08-24T11:08:33","modified_gmt":"2023-08-24T14:08:33","slug":"professar-a-fe-com-sao-pedro-e-o-papa","status":"publish","type":"post","link":"https:\/\/www.cnbb.org.br\/professar-a-fe-com-sao-pedro-e-o-papa\/","title":{"rendered":"Professar a f\u00e9 com S\u00e3o Pedro e o Papa"},"content":{"rendered":"<p style=\"text-align: right;\"><strong>Dom Alberto Taveira Corr\u00eaa\u00a0<\/strong><br \/>\n<strong>Arcebispo de Bel\u00e9m do Par\u00e1 (PA)<\/strong><\/p>\n<p>&nbsp;<\/p>\n<p>&nbsp;<\/p>\n<p style=\"text-align: justify;\"><span data-contrast=\"auto\">Mais uma vez a Liturgia nos apresenta as figuras de S\u00e3o Pedro e da Casa, a grande casa da Igreja, em cuja edifica\u00e7\u00e3o todos n\u00f3s entramos. A imagem da constru\u00e7\u00e3o ocorre muitas vezes na Sagrada Escritura, apontando, ora para a dignidade dos edif\u00edcios, ora para o material utilizado ou as pessoas envolvidas nas edifica\u00e7\u00f5es. S\u00e3o compara\u00e7\u00f5es nas quais podem ser como que dependuradas as v\u00e1rias atitudes diante do mist\u00e9rio de Deus e a aventura da f\u00e9, a que todos s\u00e3o chamados. S\u00e3o Pedro absorveu de forma interessante esta imagem: &#8220;Como pedras vivas, formai um edif\u00edcio espiritual, um sacerd\u00f3cio santo, a fim de oferecerdes sacrif\u00edcios espirituais, agrad\u00e1veis a Deus, por Jesus Cristo. Com efeito, nas Escrituras se l\u00ea: &#8216;Eis que ponho em Si\u00e3o uma pedra angular, escolhida, honrosa; quem nela confiar, n\u00e3o ser\u00e1 confundido&#8217;. De v\u00f3s, que credes, ela \u00e9 a honra! Mas para os que n\u00e3o creem, &#8216;a pedra que os construtores rejeitaram tornou-se a pedra angular&#8217; (Sl 117, 22-23), pedra que faz cair&#8217;: nela trope\u00e7am os que n\u00e3o acolhem a Palavra; esse \u00e9 o destino deles. Mas v\u00f3s sois a gente escolhida, o sacerd\u00f3cio r\u00e9gio, a na\u00e7\u00e3o santa, o povo que ele adquiriu, a fim de que proclameis os grandes feitos daquele que vos chamou das trevas para a sua luz maravilhosa.&#8221; (Cf. 1 Pd 2, 5-10).<\/span><span data-ccp-props=\"{&quot;201341983&quot;:0,&quot;335551550&quot;:6,&quot;335551620&quot;:6,&quot;335559731&quot;:708,&quot;335559737&quot;:-1,&quot;335559739&quot;:160,&quot;335559740&quot;:276}\">\u00a0<\/span><\/p>\n<p style=\"text-align: justify;\"><span data-contrast=\"auto\">Ele mesmo teve que se confrontar com aquela pedra angular da constru\u00e7\u00e3o, sem a qual tudo vem abaixo. E Jesus Cristo, que \u00e9 a porta necess\u00e1ria (Cf. Jo 10, 7-9), veio ao seu encontro, talhando pouco a pouco aquele que veio a ser tamb\u00e9m chamado com o nome Pedro, que vem de Pedra. Na regi\u00e3o de Cesareia de Filipe, como nos narra o Evangelista S\u00e3o Mateus (Cf. Mt 6, 13-20), aconteceu um di\u00e1logo fundamental na compreens\u00e3o da voca\u00e7\u00e3o de Pedro. At\u00e9 \u00e0quela altura da narrativa evang\u00e9lica, eram muitas as multid\u00f5es que se acercavam de Jesus. Delas emerge, pouco a pouco, o grupo dos disc\u00edpulos e entre eles os doze, que foram depois chamados ap\u00f3stolos. \u00c9 um processo de forma\u00e7\u00e3o, com o qual o Senhor prepara aqueles que deveriam continuar o an\u00fancio do Reino de Deus e a constitui\u00e7\u00e3o da Igreja. Chega um momento decisivo, os disc\u00edpulos pr\u00f3ximos de Jesus, uma pergunta sobre a opini\u00e3o corrente a seu respeito, seguida da mais importante quest\u00e3o para qualquer disc\u00edpulo de todos os tempos: &#8220;E v\u00f3s, quem dizeis que eu sou?&#8221; (Mt 16, 15). \u00c9 a virada radical para aqueles homens simples! O dono da resposta e da responsabilidade se chama Sim\u00e3o: &#8220;Tu \u00e9s o Messias, o Filho do Deus vivo&#8221; (Mt 16, 16).<\/span><span data-ccp-props=\"{&quot;201341983&quot;:0,&quot;335551550&quot;:6,&quot;335551620&quot;:6,&quot;335559731&quot;:708,&quot;335559737&quot;:-1,&quot;335559739&quot;:160,&quot;335559740&quot;:276}\">\u00a0<\/span><\/p>\n<p style=\"text-align: justify;\"><span data-contrast=\"auto\">Sim\u00e3o era pescador, homem de um temperamento rico de defeitos e qualidades, generosidade e inseguran\u00e7a. Tudo o que era humano nele estava presente. Veio do mundo do trabalho, tinha fam\u00edlia e sogra, barco e rede. Certamente n\u00e3o lhe faltava nada no horizonte que se abria em torno do Lago de Nazar\u00e9, Mar da Galileia.\u00a0 Foi cultivado pelo Senhor Jesus com a paci\u00eancia que s\u00f3 Deus tem, e Ele \u00e9 Deus! Agora, aquele que humanamente talvez n\u00e3o fosse o melhor de todos, d\u00e1 a resposta da f\u00e9, conduzido interiormente pelo Pai que est\u00e1 no C\u00e9u. E o Senhor muda seu nome. Sim\u00e3o se torna Pedro, o pescador de Peixes se transforma em Pescador de Homens (Cf. Lc 5, 1-11). Sobre a sua profiss\u00e3o de f\u00e9 h\u00e1 de se edificar a Igreja. Ao Pescador s\u00e3o entregues as chaves do Reino, donde a devo\u00e7\u00e3o cultivada \u00e0quele que sempre \u00e9 visto de plant\u00e3o \u00e0 porta do C\u00e9u!<\/span><span data-ccp-props=\"{&quot;201341983&quot;:0,&quot;335551550&quot;:6,&quot;335551620&quot;:6,&quot;335559731&quot;:708,&quot;335559737&quot;:-1,&quot;335559739&quot;:160,&quot;335559740&quot;:276}\">\u00a0<\/span><\/p>\n<p style=\"text-align: justify;\"><span data-contrast=\"auto\">S\u00e3o atribui\u00e7\u00f5es desproporcionais \u00e0 pequenez do homem simples da Galileia: &#8220;Tudo o que ligares na terra ser\u00e1 ligado nos c\u00e9us, e tudo o que desligares na terra ser\u00e1 desligado nos c\u00e9us\u201d (Mt 16, 19). O C\u00e9u se compromete com a Terra, para agrad\u00e1vel surpresa da humanidade ansiosa pela eternidade! O n\u00f3 que ata os homens e mulheres aos seus pr\u00f3prios defeitos e pecados pode ser desfeito pelo minist\u00e9rio do perd\u00e3o e da miseric\u00f3rdia, \u00e0 disposi\u00e7\u00e3o de quem se abre \u00e0 gra\u00e7a! Generosidade eterna que se p\u00f5e \u00e0 disposi\u00e7\u00e3o no dia a dia dos crist\u00e3os.<\/span><span data-ccp-props=\"{&quot;201341983&quot;:0,&quot;335551550&quot;:6,&quot;335551620&quot;:6,&quot;335559731&quot;:708,&quot;335559737&quot;:-1,&quot;335559739&quot;:160,&quot;335559740&quot;:276}\">\u00a0<\/span><\/p>\n<p style=\"text-align: justify;\"><span data-contrast=\"auto\">Ap\u00f3s a confiss\u00e3o de f\u00e9 proferida por Pedro, em nome de todo o grupo de disc\u00edpulos, o processo formativo continua. Sim\u00e3o Pedro dever\u00e1 entender, a duras penas, a realidade da Cruz, cujo an\u00fancio escandaliza! \u201cJesus come\u00e7ou a mostrar aos disc\u00edpulos que era necess\u00e1rio ele ir a Jerusal\u00e9m, sofrer muito da parte dos anci\u00e3os, sumos sacerdotes e escribas, ser morto e, no terceiro dia, ressuscitar. Ent\u00e3o Pedro o chamou de lado e come\u00e7ou a censur\u00e1-lo: \u2018Deus n\u00e3o permita tal coisa, Senhor! Que isto nunca te aconte\u00e7a!\u2019 Jesus, por\u00e9m, voltou-se para Pedro e disse: \u2018Vai para tr\u00e1s de mim, satan\u00e1s! Tu est\u00e1s sendo para mim uma pedra de trope\u00e7o, pois n\u00e3o tens em mente as coisas de Deus, e sim, as dos homens!\u2019\u201d precisou ouvir do Senhor palavras exigentes, marcadas com o timbre da verdade, que o conduziu ao cumprimento da exigente miss\u00e3o de ser \u201cPedra\u201d: \u2018\u201cSim\u00e3o, Sim\u00e3o! Satan\u00e1s pediu permiss\u00e3o para peneirar-vos, como se faz com o trigo. Eu, por\u00e9m, orei por ti, para que tua f\u00e9 n\u00e3o desfale\u00e7a. E tu, uma vez convertido, confirma os teus irm\u00e3os\u2019. Sim\u00e3o disse: \u2018Senhor, eu estou pronto para ir contigo at\u00e9 mesmo \u00e0 pris\u00e3o e \u00e0 morte!\u2019 Jesus, por\u00e9m, respondeu: \u2018Pedro, eu te digo que hoje, antes que o galo cante, tr\u00eas vezes negar\u00e1s que me conheces\u2019\u201d (Lc 22, 31-34).<\/span><span data-ccp-props=\"{&quot;201341983&quot;:0,&quot;335551550&quot;:6,&quot;335551620&quot;:6,&quot;335559731&quot;:708,&quot;335559737&quot;:-1,&quot;335559739&quot;:160,&quot;335559740&quot;:276}\">\u00a0<\/span><\/p>\n<p style=\"text-align: justify;\"><span data-contrast=\"auto\">Passados os anos, veio efetivamente a confirmar os irm\u00e3os com o derramamento de seu sangue, na cidade de Roma. Seu minist\u00e9rio permanece nos sucessores que vieram. O of\u00edcio pastoral de Pedro se realiza no Papa, Bispo de Roma, princ\u00edpio e fundamento da unidade da Igreja (Cf. Catecismo da Igreja Cat\u00f3lica, 880-882). Por um costume secular, que liga nome e miss\u00e3o, hoje o sucessor de Pedro se chama Francisco, um nome escolhido para n\u00e3o se esquecer dos pobres, onde encontrou o eixo de seu minist\u00e9rio. Realiza-se nele o que um ap\u00f3stolo, antes chamado Saulo e que veio a ser Paulo, afirmou de forma t\u00e3o bonita: \u201cO que nos recomendaram foi somente que nos lembr\u00e1ssemos dos pobres. E isso procurei fazer sempre, com toda a solicitude\u201d (Gl 2, 10).<\/span><span data-ccp-props=\"{&quot;201341983&quot;:0,&quot;335551550&quot;:6,&quot;335551620&quot;:6,&quot;335559731&quot;:708,&quot;335559737&quot;:-1,&quot;335559739&quot;:160,&quot;335559740&quot;:276}\">\u00a0<\/span><\/p>\n<p style=\"text-align: justify;\"><span data-contrast=\"auto\">O pontificado do Papa Francisco, homem chamado a ser \u201cponte\u201d para unir as pessoas, tem se caracterizado pela clareza de rumos, t\u00e3o necess\u00e1ria a nossos tempos. Gestos surpreendentes, aten\u00e7\u00e3o aos mais sofredores, palavras fortes e cheias de ternura, com as quais a Igreja \u00e9 impulsionada a sair de si mesma, com um olhar mission\u00e1rio e evangelizador, aliado a uma not\u00e1vel firmeza doutrinal. N\u00e3o h\u00e1 situa\u00e7\u00f5es humanas em qualquer parte do mundo que fiquem sem um sinal de presen\u00e7a da Igreja, a partir de iniciativa sua. A cada momento as pessoas se encantam com suas atitudes. Sabe ser profundamente humano, diz claramente ser homem limitado como todos os outros, pergunta, escuta com aten\u00e7\u00e3o, quer ajuda, olha nos olhos das pessoas, \u00e9 gente!\u00a0<\/span><span data-ccp-props=\"{&quot;201341983&quot;:0,&quot;335551550&quot;:6,&quot;335551620&quot;:6,&quot;335559731&quot;:708,&quot;335559737&quot;:-1,&quot;335559739&quot;:160,&quot;335559740&quot;:276}\">\u00a0<\/span><\/p>\n<p style=\"text-align: justify;\"><span data-contrast=\"auto\">H\u00e1 poucos dias, teve a delicadeza de enviar-me uma encorajadora mensagem autografa: \u201cAo celebrar o teu jubileu de ouro de ordena\u00e7\u00e3o sacerdotal, expressamos nosso apoio espiritual e, levando em conta teu trabalho pastoral de longo prazo exercido para a vida do mundo, em v\u00e1rias comunidades eclesiais, pedimos a Deus para ti as for\u00e7as necess\u00e1rias ao minist\u00e9rio, solicitando para tanto a intercess\u00e3o da bem-aventurada Virgem Maria, Assunta ao C\u00e9u. De bom grado concedemos a b\u00ean\u00e7\u00e3o para teu clero, os fi\u00e9is e teus familiares, pedindo ora\u00e7\u00f5es pelo nosso Minist\u00e9rio Petrino\u201d.<\/span><span data-ccp-props=\"{&quot;201341983&quot;:0,&quot;335551550&quot;:6,&quot;335551620&quot;:6,&quot;335559731&quot;:708,&quot;335559737&quot;:-1,&quot;335559739&quot;:160,&quot;335559740&quot;:276}\">\u00a0<\/span><\/p>\n<p style=\"text-align: justify;\"><span data-contrast=\"auto\">Acompanhamos recentemente sua presen\u00e7a carism\u00e1tica impressionante na Jornada Mundial da Juventude, em Lisboa. Agora, vai \u00e0 distante Mong\u00f3lia, visitando as periferias geogr\u00e1ficas e existenciais. Este \u00e9 o Sucessor de Pedro que a Provid\u00eancia nos deu. Longa vida, sa\u00fade e for\u00e7a ao Papa!<\/span><span data-ccp-props=\"{&quot;201341983&quot;:0,&quot;335551550&quot;:6,&quot;335551620&quot;:6,&quot;335559731&quot;:708,&quot;335559737&quot;:-1,&quot;335559739&quot;:160,&quot;335559740&quot;:276}\">\u00a0<\/span><\/p>\n","protected":false},"excerpt":{"rendered":"<p>Dom Alberto Taveira Corr\u00eaa\u00a0 Arcebispo de Bel\u00e9m do Par\u00e1 (PA) &nbsp; &nbsp; Mais uma vez a Liturgia nos apresenta as figuras de S\u00e3o Pedro e da Casa, a grande casa da Igreja, em cuja edifica\u00e7\u00e3o todos n\u00f3s entramos. A imagem da constru\u00e7\u00e3o ocorre muitas vezes na Sagrada Escritura, apontando, ora para a dignidade dos edif\u00edcios, &hellip;<\/p>\n<p class=\"read-more\"> <a class=\"\" href=\"https:\/\/www.cnbb.org.br\/professar-a-fe-com-sao-pedro-e-o-papa\/\"> <span class=\"screen-reader-text\">Professar a f\u00e9 com S\u00e3o Pedro e o Papa<\/span> Leia mais &raquo;<\/a><\/p>\n","protected":false},"author":21,"featured_media":0,"comment_status":"closed","ping_status":"closed","sticky":false,"template":"","format":"standard","meta":{"site-sidebar-layout":"default","site-content-layout":"default","ast-global-header-display":"","ast-banner-title-visibility":"","ast-main-header-display":"","ast-hfb-above-header-display":"","ast-hfb-below-header-display":"","ast-hfb-mobile-header-display":"","site-post-title":"","ast-breadcrumbs-content":"","ast-featured-img":"","footer-sml-layout":"","theme-transparent-header-meta":"default","adv-header-id-meta":"","stick-header-meta":"","header-above-stick-meta":"","header-main-stick-meta":"","header-below-stick-meta":""},"categories":[758],"tags":[],"acf":[],"_links":{"self":[{"href":"https:\/\/www.cnbb.org.br\/cnbb-app\/wp\/v2\/posts\/950527"}],"collection":[{"href":"https:\/\/www.cnbb.org.br\/cnbb-app\/wp\/v2\/posts"}],"about":[{"href":"https:\/\/www.cnbb.org.br\/cnbb-app\/wp\/v2\/types\/post"}],"author":[{"embeddable":true,"href":"https:\/\/www.cnbb.org.br\/cnbb-app\/wp\/v2\/users\/21"}],"replies":[{"embeddable":true,"href":"https:\/\/www.cnbb.org.br\/cnbb-app\/wp\/v2\/comments?post=950527"}],"version-history":[{"count":3,"href":"https:\/\/www.cnbb.org.br\/cnbb-app\/wp\/v2\/posts\/950527\/revisions"}],"predecessor-version":[{"id":950530,"href":"https:\/\/www.cnbb.org.br\/cnbb-app\/wp\/v2\/posts\/950527\/revisions\/950530"}],"wp:attachment":[{"href":"https:\/\/www.cnbb.org.br\/cnbb-app\/wp\/v2\/media?parent=950527"}],"wp:term":[{"taxonomy":"category","embeddable":true,"href":"https:\/\/www.cnbb.org.br\/cnbb-app\/wp\/v2\/categories?post=950527"},{"taxonomy":"post_tag","embeddable":true,"href":"https:\/\/www.cnbb.org.br\/cnbb-app\/wp\/v2\/tags?post=950527"}],"curies":[{"name":"wp","href":"https:\/\/api.w.org\/{rel}","templated":true}]}}