{"id":950785,"date":"2023-08-28T15:04:52","date_gmt":"2023-08-28T18:04:52","guid":{"rendered":"https:\/\/www.cnbb.org.br\/?p=950785"},"modified":"2023-08-28T15:04:52","modified_gmt":"2023-08-28T18:04:52","slug":"cnbb-se-despede-de-dom-geraldo-majella-agnelo","status":"publish","type":"post","link":"https:\/\/www.cnbb.org.br\/cnbb-se-despede-de-dom-geraldo-majella-agnelo\/","title":{"rendered":"CNBB se despede de dom Geraldo Majella Agnelo: as manifesta\u00e7\u00f5es de pesar e gratid\u00e3o da Igreja no Brasil"},"content":{"rendered":"<p style=\"text-align: justify;\">Bispos de diversas regi\u00f5es do Brasil uniram-se em preces e gratid\u00e3o na despedida do cardeal Geraldo Majella Agnelo, falecido no \u00faltimo s\u00e1bado, 26 de agosto. Arquidioceses e dioceses brasileiras e tamb\u00e9m os regionais da Confer\u00eancia Nacional dos Bispos do Brasil (CNBB) manifestaram seu pesar pela P\u00e1scoa do arcebispo em\u00e9rito de Salvador.<\/p>\n<p style=\"text-align: justify;\">Da terra natal de dom Geraldo, o arcebispo de Juiz de Fora (MG), d<span data-contrast=\"auto\">om Gil Ant\u00f4nio Moreira, escreveu o texto\u00a0 &#8220;<\/span><span data-contrast=\"auto\">Dom Geraldo: juiz-forano que honrou a Igreja&#8221;. Em suas palavras, recordou que o cardeal &#8220;t<\/span><span data-contrast=\"auto\">eve uma longa e importante folha de servi\u00e7os \u00e0 Igreja no Brasil, na Am\u00e9rica Latina e em Roma&#8221;. Ele pediu que o cardeal interceda, &#8220;na Casa eterna do Pai, pela nossa Arquidiocese, onde Deus o chamou \u00e0 vida e \u00e0 voca\u00e7\u00e3o sacerdotal para servir t\u00e3o bem \u00e0 Igreja&#8221;.<\/span><\/p>\n<p style=\"text-align: justify;\"><span data-ccp-props=\"{&quot;201341983&quot;:0,&quot;335559739&quot;:160,&quot;335559740&quot;:259}\">Da arquidiocese de S\u00e3o Paulo (SP), onde foi ordenado presb\u00edtero, o arcebispo metropolitano, cardeal Odilo Pedro Scherer, destacou que &#8220;q<\/span><span data-contrast=\"auto\">uem teve a oportunidade de conhecer e conviver de perto com Dom Geraldo conheceu sua afabilidade e bondade e a capacidade de criar la\u00e7os de amizade e comunh\u00e3o entre as pessoas. <\/span><span data-contrast=\"auto\">Por onde passou, deixou amigos que lhe queriam muito bem&#8221;.<\/span><\/p>\n<p><img decoding=\"async\" loading=\"lazy\" class=\"aligncenter wp-image-950803 size-full\" src=\"https:\/\/www.cnbb.org.br\/wp-content\/uploads\/2023\/08\/Cardeal-Geraldo-Majella-Agnello-V-Conferencia-portal.jpg\" alt=\"\" width=\"720\" height=\"405\" srcset=\"https:\/\/www.cnbb.org.br\/wp-content\/uploads\/2023\/08\/Cardeal-Geraldo-Majella-Agnello-V-Conferencia-portal.jpg 720w, https:\/\/www.cnbb.org.br\/wp-content\/uploads\/2023\/08\/Cardeal-Geraldo-Majella-Agnello-V-Conferencia-portal-300x169.jpg 300w, https:\/\/www.cnbb.org.br\/wp-content\/uploads\/2023\/08\/Cardeal-Geraldo-Majella-Agnello-V-Conferencia-portal-500x281.jpg 500w\" sizes=\"(max-width: 720px) 100vw, 720px\" \/><\/p>\n<p style=\"text-align: justify;\"><span data-contrast=\"auto\">Dom Odilo tamb\u00e9m destacou o zelo pela Liturgia, pela boa forma\u00e7\u00e3o dos sacerdotes e do povo cat\u00f3lico e pela irrestrita fidelidade ao Papa e \u00e0 Igreja. <\/span><span data-ccp-props=\"{&quot;201341983&quot;:0,&quot;335559739&quot;:160,&quot;335559740&quot;:259}\">\u00a0<\/span><\/p>\n<blockquote><p><span data-contrast=\"auto\">&#8220;A Arquidiocese de S\u00e3o Paulo oferece suas ora\u00e7\u00f5es e s\u00faplicas pelo Cardeal Geraldo Majella Agnelo, pedindo a Deus que conceda o pr\u00eamio da vida eterna a esse seu bom e fiel servidor&#8221;.<\/span><\/p><\/blockquote>\n<p style=\"text-align: justify;\"><span data-contrast=\"auto\">Na arquidiocese da Para\u00edba, uma nota de pesar divulgada lembrou o &#8220;<\/span><span style=\"font-size: 16px;\" data-contrast=\"auto\">papel fundamental na forma\u00e7\u00e3o e orienta\u00e7\u00e3o espiritual de Dom Delson&#8221;, arcebispo metropolitano, que recebeu das m\u00e3os do cardeal a ordena\u00e7\u00e3o episcopal, <\/span><span style=\"font-size: 16px;\" data-contrast=\"auto\">em 5 de julho de 2006. <\/span><\/p>\n<p style=\"text-align: justify;\"><span style=\"font-size: 16px;\" data-contrast=\"auto\">&#8220;Enquanto Bispo, sua dedica\u00e7\u00e3o \u00e0 f\u00e9 e ao servi\u00e7o pastoral \u00e9 um exemplo a ser seguido por todos n\u00f3s&#8221;, l\u00ea-se no texto.<\/span><span style=\"font-size: 16px;\" data-ccp-props=\"{&quot;201341983&quot;:0,&quot;335559739&quot;:160,&quot;335559740&quot;:259}\">\u00a0<\/span><\/p>\n<p style=\"text-align: justify;\">Da arquidiocese de Bras\u00edlia, a mensagem assinada pelo arcebispo metropolitano, cardeal Paulo Cezar Costa <span style=\"font-size: 16px;\" data-contrast=\"auto\">recorda, &#8220;com profunda gratid\u00e3o&#8221;, a dedica\u00e7\u00e3o do cardeal nas diversas fun\u00e7\u00f5es, mas com destaque \u00e0 atua\u00e7\u00e3o &#8220;na g\u00eanese da Pastoral da Crian\u00e7a, junto com diversos colaboradores, que se difundiu por grande n\u00famero de dioceses no pa\u00eds e fora dele, e que tanto bem tem feito aos pequenos&#8221;.<\/span><span style=\"font-size: 16px;\" data-ccp-props=\"{&quot;201341983&quot;:0,&quot;335559739&quot;:160,&quot;335559740&quot;:259}\">\u00a0<\/span><\/p>\n<p style=\"text-align: justify;\"><span data-contrast=\"auto\">\u00a0<\/span><span data-ccp-props=\"{&quot;201341983&quot;:0,&quot;335559739&quot;:160,&quot;335559740&quot;:259}\"> Os Regionais Leste 1 e Nordeste 1 da CNBB tamb\u00e9m manifestaram-se:\u00a0<\/span><\/p>\n<p style=\"text-align: justify;\"><span data-contrast=\"auto\">&#8220;A Igreja no Brasil guarda uma recorda\u00e7\u00e3o agradecida de Dom Geraldo. Ao longo de sua exist\u00eancia, procurou servir o Senhor e os irm\u00e3os e irm\u00e3s como Pastor discreto, colocando \u00e0 disposi\u00e7\u00e3o de todos sua f\u00e9, sua caridade e sua humanidade rica de tantos dons&#8221;, escreveu o bispo de Nova Igua\u00e7u (RJ) e presidente do Regional Leste 1, dom Gilson Andrade da Silva. <a href=\"https:\/\/cnbbleste1.org.br\/2023\/08\/nota-de-pesar-pelo-falecimento-do-em-mo-sr-cardeal-geraldo-majella-agnelo\/\" target=\"_blank\" rel=\"noopener\">Leia na \u00edntegra<\/a>.\u00a0<\/span><\/p>\n<p style=\"text-align: justify;\"><span data-ccp-props=\"{&quot;201341983&quot;:0,&quot;335559739&quot;:160,&quot;335559740&quot;:259}\">Do Regional Nordeste 1, os bispos<\/span><span style=\"font-size: 16px;\" data-contrast=\"auto\"> &#8220;louvam e agradecem a Deus por este irm\u00e3o que entregou a vida pela Igreja, pastoreou com muita simplicidade, serenidade e altivez. Reluziu em sua alma e em seu cora\u00e7\u00e3o a hombridade\u201d. <a href=\"https:\/\/www.cnbbne1.org.br\/presidencia-do-regional-ne-1-envia-nota-de-condolencia-cardeal-geraldo-majella-agnelo\/\" target=\"_blank\" rel=\"noopener\">Leia na \u00edntegra<\/a>.\u00a0<\/span><\/p>\n<p style=\"text-align: justify;\"><span style=\"font-size: 16px;\" data-ccp-props=\"{&quot;201341983&quot;:0,&quot;335559739&quot;:160,&quot;335559740&quot;:259}\">\u00a0<\/span><\/p>\n<p style=\"text-align: justify;\"><span data-ccp-props=\"{&quot;201341983&quot;:0,&quot;335559739&quot;:160,&quot;335559740&quot;:259}\">\u00a0<\/span><\/p>\n","protected":false},"excerpt":{"rendered":"<p>Bispos de diversas regi\u00f5es do Brasil uniram-se em preces e gratid\u00e3o na despedida do cardeal Geraldo Majella Agnelo, falecido no \u00faltimo s\u00e1bado, 26 de agosto. Arquidioceses e dioceses brasileiras e tamb\u00e9m regionais da CNBB manifestaram seu pesar pela P\u00e1scoa do arcebispo em\u00e9rito de Salvador<\/p>\n","protected":false},"author":38,"featured_media":950804,"comment_status":"closed","ping_status":"closed","sticky":false,"template":"","format":"standard","meta":{"site-sidebar-layout":"default","site-content-layout":"default","ast-global-header-display":"","ast-banner-title-visibility":"","ast-main-header-display":"","ast-hfb-above-header-display":"","ast-hfb-below-header-display":"","ast-hfb-mobile-header-display":"","site-post-title":"","ast-breadcrumbs-content":"","ast-featured-img":"","footer-sml-layout":"","theme-transparent-header-meta":"default","adv-header-id-meta":"","stick-header-meta":"","header-above-stick-meta":"","header-main-stick-meta":"","header-below-stick-meta":""},"categories":[50,1654],"tags":[5185],"acf":[],"_links":{"self":[{"href":"https:\/\/www.cnbb.org.br\/cnbb-app\/wp\/v2\/posts\/950785"}],"collection":[{"href":"https:\/\/www.cnbb.org.br\/cnbb-app\/wp\/v2\/posts"}],"about":[{"href":"https:\/\/www.cnbb.org.br\/cnbb-app\/wp\/v2\/types\/post"}],"author":[{"embeddable":true,"href":"https:\/\/www.cnbb.org.br\/cnbb-app\/wp\/v2\/users\/38"}],"replies":[{"embeddable":true,"href":"https:\/\/www.cnbb.org.br\/cnbb-app\/wp\/v2\/comments?post=950785"}],"version-history":[{"count":1,"href":"https:\/\/www.cnbb.org.br\/cnbb-app\/wp\/v2\/posts\/950785\/revisions"}],"predecessor-version":[{"id":950806,"href":"https:\/\/www.cnbb.org.br\/cnbb-app\/wp\/v2\/posts\/950785\/revisions\/950806"}],"wp:featuredmedia":[{"embeddable":true,"href":"https:\/\/www.cnbb.org.br\/cnbb-app\/wp\/v2\/media\/950804"}],"wp:attachment":[{"href":"https:\/\/www.cnbb.org.br\/cnbb-app\/wp\/v2\/media?parent=950785"}],"wp:term":[{"taxonomy":"category","embeddable":true,"href":"https:\/\/www.cnbb.org.br\/cnbb-app\/wp\/v2\/categories?post=950785"},{"taxonomy":"post_tag","embeddable":true,"href":"https:\/\/www.cnbb.org.br\/cnbb-app\/wp\/v2\/tags?post=950785"}],"curies":[{"name":"wp","href":"https:\/\/api.w.org\/{rel}","templated":true}]}}