{"id":950826,"date":"2023-08-26T09:20:24","date_gmt":"2023-08-26T12:20:24","guid":{"rendered":"https:\/\/www.cnbb.org.br\/?p=950826"},"modified":"2023-08-29T09:22:55","modified_gmt":"2023-08-29T12:22:55","slug":"nota-de-pesar-pelo-falecimento-do-cardeal-dom-geraldo-majella-agnelo","status":"publish","type":"post","link":"https:\/\/www.cnbb.org.br\/nota-de-pesar-pelo-falecimento-do-cardeal-dom-geraldo-majella-agnelo\/","title":{"rendered":"Nota de pesar pelo falecimento do Cardeal Dom Geraldo Majella Agnelo"},"content":{"rendered":"<p>Em comunh\u00e3o com a Arquidiocese de S\u00e3o Salvador da Bahia, os arcebispos e bispos do Regional Nordeste 3 (Bahia e Sergipe) manifestaram pesar pela morte do Cardeal Dom Geraldo Majella Agnelo, Arcebispo Em\u00e9rito da S\u00e9 Primacial da Igreja no Brasil, ocorrido hoje (26).<\/p>\n<p><a href=\"https:\/\/cnbbne3.org.br\/nota-de-pesar-pelo-falecimento-do-cardeal-dom-geraldo-majella-agnelo\/\" target=\"_blank\" rel=\"noopener\">A \u00edntegra da nota aqui no site do Regional Nordeste 3 da CNBB<\/a><\/p>\n","protected":false},"excerpt":{"rendered":"<p>Em comunh\u00e3o com a Arquidiocese de S\u00e3o Salvador da Bahia, os arcebispos e bispos do Regional Nordeste 3 (Bahia e Sergipe) manifestaram pesar pela morte do Cardeal Dom Geraldo Majella Agnelo, Arcebispo Em\u00e9rito da S\u00e9 Primacial da Igreja no Brasil, ocorrido hoje (26). A \u00edntegra da nota aqui no site do Regional Nordeste 3 da &hellip;<\/p>\n<p class=\"read-more\"> <a class=\"\" href=\"https:\/\/www.cnbb.org.br\/nota-de-pesar-pelo-falecimento-do-cardeal-dom-geraldo-majella-agnelo\/\"> <span class=\"screen-reader-text\">Nota de pesar pelo falecimento do Cardeal Dom Geraldo Majella Agnelo<\/span> Leia mais &raquo;<\/a><\/p>\n","protected":false},"author":83,"featured_media":950827,"comment_status":"closed","ping_status":"closed","sticky":false,"template":"","format":"standard","meta":{"site-sidebar-layout":"default","site-content-layout":"default","ast-global-header-display":"","ast-banner-title-visibility":"","ast-main-header-display":"","ast-hfb-above-header-display":"","ast-hfb-below-header-display":"","ast-hfb-mobile-header-display":"","site-post-title":"","ast-breadcrumbs-content":"","ast-featured-img":"","footer-sml-layout":"","theme-transparent-header-meta":"default","adv-header-id-meta":"","stick-header-meta":"","header-above-stick-meta":"","header-main-stick-meta":"","header-below-stick-meta":""},"categories":[789],"tags":[],"acf":[],"_links":{"self":[{"href":"https:\/\/www.cnbb.org.br\/cnbb-app\/wp\/v2\/posts\/950826"}],"collection":[{"href":"https:\/\/www.cnbb.org.br\/cnbb-app\/wp\/v2\/posts"}],"about":[{"href":"https:\/\/www.cnbb.org.br\/cnbb-app\/wp\/v2\/types\/post"}],"author":[{"embeddable":true,"href":"https:\/\/www.cnbb.org.br\/cnbb-app\/wp\/v2\/users\/83"}],"replies":[{"embeddable":true,"href":"https:\/\/www.cnbb.org.br\/cnbb-app\/wp\/v2\/comments?post=950826"}],"version-history":[{"count":1,"href":"https:\/\/www.cnbb.org.br\/cnbb-app\/wp\/v2\/posts\/950826\/revisions"}],"predecessor-version":[{"id":950828,"href":"https:\/\/www.cnbb.org.br\/cnbb-app\/wp\/v2\/posts\/950826\/revisions\/950828"}],"wp:featuredmedia":[{"embeddable":true,"href":"https:\/\/www.cnbb.org.br\/cnbb-app\/wp\/v2\/media\/950827"}],"wp:attachment":[{"href":"https:\/\/www.cnbb.org.br\/cnbb-app\/wp\/v2\/media?parent=950826"}],"wp:term":[{"taxonomy":"category","embeddable":true,"href":"https:\/\/www.cnbb.org.br\/cnbb-app\/wp\/v2\/categories?post=950826"},{"taxonomy":"post_tag","embeddable":true,"href":"https:\/\/www.cnbb.org.br\/cnbb-app\/wp\/v2\/tags?post=950826"}],"curies":[{"name":"wp","href":"https:\/\/api.w.org\/{rel}","templated":true}]}}