{"id":951011,"date":"2023-08-30T14:52:22","date_gmt":"2023-08-30T17:52:22","guid":{"rendered":"https:\/\/www.cnbb.org.br\/?p=951011"},"modified":"2023-08-30T14:55:19","modified_gmt":"2023-08-30T17:55:19","slug":"intencao-de-oracao-papa-pessoas-marginalizadas","status":"publish","type":"post","link":"https:\/\/www.cnbb.org.br\/intencao-de-oracao-papa-pessoas-marginalizadas\/","title":{"rendered":"Em setembro, inten\u00e7\u00e3o de ora\u00e7\u00e3o do Papa Francisco \u00e9 pelas pessoas marginalizadas"},"content":{"rendered":"<p style=\"text-align: justify;\">&#8220;Paremos de tornar invis\u00edveis aqueles que est\u00e3o \u00e0 margem da sociedade&#8221;, pede o Papa Francisco no v\u00eddeo divulgado nesta semana com a sua inten\u00e7\u00e3o de ora\u00e7\u00e3o para o m\u00eas de setembro. O chamado do pont\u00edfice \u00e9 para que &#8220;concentremo-nos no acolhimento&#8221;.<\/p>\n<p style=\"text-align: justify;\">A inten\u00e7\u00e3o de ora\u00e7\u00e3o da Rede Mundial de Ora\u00e7\u00e3o do Papa para o m\u00eas de setembro \u00e9 &#8220;para que as pessoas que vivem \u00e0 margem da sociedade, em condi\u00e7\u00f5es de vida desumanas, n\u00e3o sejam esquecidas pelas institui\u00e7\u00f5es e jamais sejam consideradas descart\u00e1veis&#8221;.<\/p>\n<p style=\"text-align: justify;\">Francisco questiona como a cultura do descarte, &#8220;na qual milh\u00f5es de homens e mulheres n\u00e3o valem nada em rela\u00e7\u00e3o aos benef\u00edcios econ\u00f4micos&#8221;, dominou o &#8220;nosso modo de vida&#8221;. &#8220;Vai-nos endurecer o pesco\u00e7o de tanto olhar para o outro lado para n\u00e3o ver esta situa\u00e7\u00e3o&#8221;, lamenta.<\/p>\n<blockquote>\n<p style=\"text-align: justify;\">&#8220;Por favor, paremos de tornar invis\u00edveis aqueles que est\u00e3o \u00e0 margem da sociedade, seja por motivos de pobreza, depend\u00eancia, doen\u00e7a mental ou defici\u00eancia. Concentremo-nos no acolhimento. Em acolher todas as pessoas que precisam. A \u2018cultura do acolhimento\u2019, de receber, de dar um teto, de dar um abrigo, de dar amor, de dar calor humano&#8221;, exorta o Papa.<\/p>\n<\/blockquote>\n<p style=\"text-align: justify;\">No v\u00eddeo, o Papa tamb\u00e9m lamenta que os marginalizados s\u00e3o esquecidos pelos meios de comunica\u00e7\u00e3o social. A Rede Mundial de Ora\u00e7\u00e3o do Papa preparou imagens que apresentam pessoas sem abrigo \u2013 sozinhas ou em pequenos grupos, \u00e0s vezes quase pisadas pelos transeuntes \u2013 nos passeios do Canad\u00e1, Estados Unidos, Qu\u00e9nia, Camar\u00f5es e \u00cdndia; crian\u00e7as da rua que passam o dia a lavar os vidros dos autom\u00f3veis parados nos sem\u00e1foros de San Salvador; pessoas com defici\u00eancias diversas, na Espanha, nas Filipinas ou na Am\u00e9rica Central; barracas junto dos arranha-c\u00e9us de Vancouver, de edif\u00edcios de Buenos Aires ou do Rio de Janeiro.<\/p>\n<p style=\"text-align: justify;\">Segundo as Na\u00e7\u00f5es Unidas, mais de 700 milh\u00f5es de pessoas, mais de tr\u00eas vezes a popula\u00e7\u00e3o brasileira, vivem em situa\u00e7\u00e3o de pobreza extrema, com dificuldade para satisfazer as necessidades mais b\u00e1sicas, como sa\u00fade, educa\u00e7\u00e3o e acesso a \u00e1gua e saneamento.<\/p>\n<p>&nbsp;<\/p>\n<div class=\"ast-oembed-container\" style=\"height: 100%;\"><iframe loading=\"lazy\" title=\"Pelas pessoas marginalizadas \u2013 O V\u00eddeo do Papa 9 \u2013 Setembro de 2023\" width=\"500\" height=\"281\" src=\"https:\/\/www.youtube.com\/embed\/N4bMQhYqk4g?feature=oembed\" frameborder=\"0\" allow=\"accelerometer; autoplay; clipboard-write; encrypted-media; gyroscope; picture-in-picture; web-share\" allowfullscreen><\/iframe><\/div>\n<p>&nbsp;<\/p>\n<p>&nbsp;<\/p>\n<p><img decoding=\"async\" loading=\"lazy\" class=\"aligncenter\" src=\"https:\/\/thepopevideo.org\/wp-content\/uploads\/2023\/08\/Infographic-TPV-9-2023-PT-Pelas-pessoas-marginalizadas.jpg\" alt=\"\" width=\"1112\" height=\"4338\" \/><\/p>\n","protected":false},"excerpt":{"rendered":"<p>A inten\u00e7\u00e3o de ora\u00e7\u00e3o da Rede Mundial de Ora\u00e7\u00e3o do Papa para o m\u00eas de setembro \u00e9 &#8220;para que as pessoas que vivem \u00e0 margem da sociedade, em condi\u00e7\u00f5es de vida desumanas, n\u00e3o sejam esquecidas pelas institui\u00e7\u00f5es e jamais sejam consideradas descart\u00e1veis&#8221;<\/p>\n","protected":false},"author":38,"featured_media":951016,"comment_status":"closed","ping_status":"closed","sticky":false,"template":"","format":"standard","meta":{"site-sidebar-layout":"default","site-content-layout":"default","ast-global-header-display":"","ast-banner-title-visibility":"","ast-main-header-display":"","ast-hfb-above-header-display":"","ast-hfb-below-header-display":"","ast-hfb-mobile-header-display":"","site-post-title":"","ast-breadcrumbs-content":"","ast-featured-img":"","footer-sml-layout":"","theme-transparent-header-meta":"default","adv-header-id-meta":"","stick-header-meta":"","header-above-stick-meta":"","header-main-stick-meta":"","header-below-stick-meta":""},"categories":[50,784],"tags":[3286,1199],"acf":[],"_links":{"self":[{"href":"https:\/\/www.cnbb.org.br\/cnbb-app\/wp\/v2\/posts\/951011"}],"collection":[{"href":"https:\/\/www.cnbb.org.br\/cnbb-app\/wp\/v2\/posts"}],"about":[{"href":"https:\/\/www.cnbb.org.br\/cnbb-app\/wp\/v2\/types\/post"}],"author":[{"embeddable":true,"href":"https:\/\/www.cnbb.org.br\/cnbb-app\/wp\/v2\/users\/38"}],"replies":[{"embeddable":true,"href":"https:\/\/www.cnbb.org.br\/cnbb-app\/wp\/v2\/comments?post=951011"}],"version-history":[{"count":3,"href":"https:\/\/www.cnbb.org.br\/cnbb-app\/wp\/v2\/posts\/951011\/revisions"}],"predecessor-version":[{"id":951021,"href":"https:\/\/www.cnbb.org.br\/cnbb-app\/wp\/v2\/posts\/951011\/revisions\/951021"}],"wp:featuredmedia":[{"embeddable":true,"href":"https:\/\/www.cnbb.org.br\/cnbb-app\/wp\/v2\/media\/951016"}],"wp:attachment":[{"href":"https:\/\/www.cnbb.org.br\/cnbb-app\/wp\/v2\/media?parent=951011"}],"wp:term":[{"taxonomy":"category","embeddable":true,"href":"https:\/\/www.cnbb.org.br\/cnbb-app\/wp\/v2\/categories?post=951011"},{"taxonomy":"post_tag","embeddable":true,"href":"https:\/\/www.cnbb.org.br\/cnbb-app\/wp\/v2\/tags?post=951011"}],"curies":[{"name":"wp","href":"https:\/\/api.w.org\/{rel}","templated":true}]}}