{"id":951974,"date":"2023-09-18T09:47:36","date_gmt":"2023-09-18T12:47:36","guid":{"rendered":"https:\/\/www.cnbb.org.br\/?p=951974"},"modified":"2023-09-21T18:42:05","modified_gmt":"2023-09-21T21:42:05","slug":"cnbb-nota-vida-direito-inviolavel-adpf-442","status":"publish","type":"post","link":"https:\/\/www.cnbb.org.br\/cnbb-nota-vida-direito-inviolavel-adpf-442\/","title":{"rendered":"CNBB sobre a tramita\u00e7\u00e3o da ADPF 442: \u201cjamais aceitaremos quaisquer iniciativas que pretendam apoiar e promover o aborto\u201d"},"content":{"rendered":"<p style=\"text-align: justify;\">A Presid\u00eancia da Confer\u00eancia Nacional dos Bispos do Brasil (CNBB) divulgou uma nota, na quinta-feira, 14 de setembro, sobre o pedido de inclus\u00e3o em pauta da Argui\u00e7\u00e3o de Descumprimento de Preceito Fundamental (ADPF) 442 no Supremo Tribunal Federal (STF).<\/p>\n<p style=\"text-align: justify;\">A a\u00e7\u00e3o pleiteia a possibilidade de descriminaliza\u00e7\u00e3o do aborto at\u00e9 a 12\u00aa semana de gesta\u00e7\u00e3o. No texto, os bispos reafirmam o posicionamento contr\u00e1rio ao pedido feito na ADPF: &#8220;jamais aceitaremos quaisquer iniciativas que pretendam apoiar e promover o aborto&#8221;.<\/p>\n<blockquote>\n<p style=\"text-align: justify;\">&#8220;Jamais um direito pode ser exigido \u00e0s custas de outro ser humano, mesmo estando apenas em forma\u00e7\u00e3o. O fundamento dos direitos humanos \u00e9 que o ser humano nunca seja tomado como meio, mas sempre como fim&#8221;, refor\u00e7am os bispos. Na nota, tamb\u00e9m recordam a posi\u00e7\u00e3o &#8220;em defesa da integralidade, inviolabilidade e dignidade da vida humana, desde a sua concep\u00e7\u00e3o at\u00e9 a morte natural&#8221;, diz um trecho do documento.<\/p>\n<\/blockquote>\n<p style=\"text-align: justify;\">Outro destaque \u00e9 o entendimento que os pedidos da ADPF 442 &#8220;foram conduzidos como pauta antidemocr\u00e1tica pois, atropelando o Congresso Nacional, exigem do Supremo Tribunal Federal (STF) uma fun\u00e7\u00e3o que n\u00e3o lhe cabe, que \u00e9 legislar diante de uma suposta e inexistente omiss\u00e3o do Congresso Nacional&#8221;.<\/p>\n<p style=\"text-align: justify;\">A Presid\u00eancia da CNBB salienta que &#8220;se at\u00e9 hoje o aborto n\u00e3o foi aprovado como querem os autores da ADPF n\u00e3o \u00e9 por omiss\u00e3o do Parlamento, sen\u00e3o por absoluta aus\u00eancia de interesse do Povo Brasileiro, de quem todo poder emana, conforme par\u00e1grafo \u00fanico do art. 1\u00ba da Constitui\u00e7\u00e3o Federal&#8221;.<\/p>\n<p style=\"text-align: justify;\">Abaixo, segue um v\u00eddeo no qual o bispo auxiliar de Bras\u00edlia e se secret\u00e1rio-geral da CNBB refor\u00e7a os trechos da nota. Confira:<\/p>\n<div class=\"ast-oembed-container\" style=\"height: 100%;\"><iframe loading=\"lazy\" title=\"CNBB sobre a tramita\u00e7\u00e3o da ADPF - Pronunciamento da Presid\u00eancia\" width=\"500\" height=\"281\" src=\"https:\/\/www.youtube.com\/embed\/abs7bLyeTTg?feature=oembed\" frameborder=\"0\" allow=\"accelerometer; autoplay; clipboard-write; encrypted-media; gyroscope; picture-in-picture; web-share\" allowfullscreen><\/iframe><\/div>\n<p style=\"text-align: justify;\"><strong>Confira a nota na \u00edntegra:<\/strong><\/p>\n<blockquote>\n<h3 style=\"text-align: justify;\">NOTA DA CNBB<br \/>\nVIDA: DIREITO INVIOL\u00c1VEL<\/h3>\n<p style=\"text-align: justify;\"><em>\u201cPropus a vida e a morte; escolhe, pois a vida\u201d (Dt 30,19).<\/em><\/p>\n<p style=\"text-align: justify;\">A Confer\u00eancia Nacional dos Bispos do Brasil (CNBB), por meio de sua Presid\u00eancia, reafirma sua posi\u00e7\u00e3o em favor da vida desde a concep\u00e7\u00e3o.<\/p>\n<p style=\"text-align: justify;\">Diante do pedido de inclus\u00e3o em pauta da ADPF 442 (2017), no Supremo Tribunal Federal (STF), que pleiteia a possibilidade de aborto legal at\u00e9 a 12\u00aa semana de gesta\u00e7\u00e3o, reafirmamos que \u201co aborto constitui a elimina\u00e7\u00e3o de uma vida humana, trata-se, pois, de uma a\u00e7\u00e3o intrinsecamente m\u00e1 e, portanto, n\u00e3o pode ser legitimada como um bem ou um direito\u201d (Vida: Dom e Compromisso II: f\u00e9 crist\u00e3 e aborto, Edi\u00e7\u00f5es CNBB, 2021, n.96).<\/p>\n<p style=\"text-align: justify;\">Jamais um direito pode ser exigido \u00e0s custas de outro ser humano, mesmo estando apenas em forma\u00e7\u00e3o. O fundamento dos direitos humanos \u00e9 que o ser humano nunca seja tomado como meio, mas sempre como fim. \u201cNingu\u00e9m nunca poder\u00e1 reivindicar o direito de escolher o que mais conv\u00e9m por meio de uma a\u00e7\u00e3o direta que elimine uma vida humana, pois nenhuma pessoa tem o direito de escolha sobre a vida dos outros\u201d (Vida: Dom e Compromisso II, n. 97).<\/p>\n<p style=\"text-align: justify;\">\u201cA decis\u00e3o deliberada de privar um ser humano inocente da sua vida \u00e9 sempre m\u00e1, do ponto de vista moral, e nunca pode ser l\u00edcita nem como fim, nem como meio para um fim bom\u201d (Evangelium Vitae, n. 57).<\/p>\n<p style=\"text-align: justify;\">Como j\u00e1 nos manifestamos em 2017, por meio de Nota \u201cPela vida, contra o aborto\u201d, reiteramos nossa posi\u00e7\u00e3o em defesa da integralidade, inviolabilidade e dignidade da vida humana, desde a sua concep\u00e7\u00e3o at\u00e9 a morte natural. Entendemos que os pedidos da ADPF 442 foram conduzidos como pauta antidemocr\u00e1tica pois, atropelando o Congresso Nacional, exigem do Supremo Tribunal Federal (STF) uma fun\u00e7\u00e3o que n\u00e3o lhe cabe, que \u00e9 legislar diante de uma suposta e inexistente omiss\u00e3o do Congresso Nacional, pois se at\u00e9 hoje o aborto n\u00e3o foi aprovado como querem os autores da ADPF n\u00e3o \u00e9 por omiss\u00e3o do Parlamento, sen\u00e3o por absoluta aus\u00eancia de interesse do Povo Brasileiro, de quem todo poder emana, conforme par\u00e1grafo \u00fanico do art. 1\u00ba da Constitui\u00e7\u00e3o Federal.<\/p>\n<p style=\"text-align: justify;\">De qualquer forma, jamais aceitaremos quaisquer iniciativas que pretendam apoiar e promover o aborto.<\/p>\n<p style=\"text-align: justify;\">Nossa Senhora Aparecida, Padroeira do Brasil, ajude-nos na miss\u00e3o de escolher a vida, como dom de Deus e compromisso de toda humanidade.<\/p>\n<p style=\"text-align: justify;\">Bras\u00edlia- DF, 13 de setembro de 2023<\/p>\n<p style=\"text-align: justify;\"><em><strong>Dom Jaime Spengler<\/strong><\/em><br \/>\nArcebispo de Porto Alegre &#8211; RS<br \/>\nPresidente da CNBB<\/p>\n<p style=\"text-align: justify;\"><em><strong>Dom Jo\u00e3o Justino de Medeiros da Silva<\/strong><\/em><br \/>\nArcebispo de Goi\u00e2nia &#8211; GO<br \/>\n1\u00ba Vice- Presidente da CNBB<\/p>\n<p style=\"text-align: justify;\"><em><strong>Dom Paulo Jackson N\u00f3brega de Sousa<\/strong><\/em><br \/>\nArcebispo de Olinda e Recife &#8211; PE<br \/>\n2\u00ba Vice-Presidente da CNBB<\/p>\n<p style=\"text-align: justify;\"><em><strong>Dom Ricardo Hoepers<\/strong><\/em><br \/>\nBispo Auxiliar da Arquidiocese de Bras\u00edlia &#8211; DF<br \/>\nSecret\u00e1rio-Geral da CNBB<\/p>\n<\/blockquote>\n","protected":false},"excerpt":{"rendered":"<p>A Presid\u00eancia da Confer\u00eancia Nacional dos Bispos do Brasil (CNBB), divulgou uma nota sobre o pedido de inclus\u00e3o em pauta da Argui\u00e7\u00e3o de Descumprimento de Preceito Fundamental (ADPF) 442 no Supremo Tribunal Federal (STF). A a\u00e7\u00e3o pleiteia a possibilidade de descriminaliza\u00e7\u00e3o do aborto at\u00e9 a 12\u00aa semana de gesta\u00e7\u00e3o<\/p>\n","protected":false},"author":38,"featured_media":951983,"comment_status":"closed","ping_status":"closed","sticky":false,"template":"","format":"standard","meta":{"site-sidebar-layout":"default","site-content-layout":"default","ast-global-header-display":"","ast-banner-title-visibility":"","ast-main-header-display":"","ast-hfb-above-header-display":"","ast-hfb-below-header-display":"","ast-hfb-mobile-header-display":"","site-post-title":"","ast-breadcrumbs-content":"","ast-featured-img":"","footer-sml-layout":"","theme-transparent-header-meta":"default","adv-header-id-meta":"","stick-header-meta":"","header-above-stick-meta":"","header-main-stick-meta":"","header-below-stick-meta":""},"categories":[1841,50,1191],"tags":[2716,5158,3772,2262],"acf":[],"_links":{"self":[{"href":"https:\/\/www.cnbb.org.br\/cnbb-app\/wp\/v2\/posts\/951974"}],"collection":[{"href":"https:\/\/www.cnbb.org.br\/cnbb-app\/wp\/v2\/posts"}],"about":[{"href":"https:\/\/www.cnbb.org.br\/cnbb-app\/wp\/v2\/types\/post"}],"author":[{"embeddable":true,"href":"https:\/\/www.cnbb.org.br\/cnbb-app\/wp\/v2\/users\/38"}],"replies":[{"embeddable":true,"href":"https:\/\/www.cnbb.org.br\/cnbb-app\/wp\/v2\/comments?post=951974"}],"version-history":[{"count":10,"href":"https:\/\/www.cnbb.org.br\/cnbb-app\/wp\/v2\/posts\/951974\/revisions"}],"predecessor-version":[{"id":952166,"href":"https:\/\/www.cnbb.org.br\/cnbb-app\/wp\/v2\/posts\/951974\/revisions\/952166"}],"wp:featuredmedia":[{"embeddable":true,"href":"https:\/\/www.cnbb.org.br\/cnbb-app\/wp\/v2\/media\/951983"}],"wp:attachment":[{"href":"https:\/\/www.cnbb.org.br\/cnbb-app\/wp\/v2\/media?parent=951974"}],"wp:term":[{"taxonomy":"category","embeddable":true,"href":"https:\/\/www.cnbb.org.br\/cnbb-app\/wp\/v2\/categories?post=951974"},{"taxonomy":"post_tag","embeddable":true,"href":"https:\/\/www.cnbb.org.br\/cnbb-app\/wp\/v2\/tags?post=951974"}],"curies":[{"name":"wp","href":"https:\/\/api.w.org\/{rel}","templated":true}]}}