{"id":9522,"date":"2012-10-17T00:00:00","date_gmt":"2012-10-17T03:00:00","guid":{"rendered":"https:\/\/www.cnbb.org.br\/igreja-celebra-o-dia-mundial-das-missoes-no-proximo-domingo\/"},"modified":"2020-03-11T20:04:12","modified_gmt":"2020-03-11T23:04:12","slug":"igreja-celebra-o-dia-mundial-das-missoes-no-proximo-domingo","status":"publish","type":"post","link":"https:\/\/www.cnbb.org.br\/igreja-celebra-o-dia-mundial-das-missoes-no-proximo-domingo\/","title":{"rendered":"Igreja celebra o Dia Mundial das Miss\u00f5es no pr\u00f3ximo domingo"},"content":{"rendered":"<p style=\"text-align: justify\">No pr\u00f3ximo domingo, 21, a Igreja no Brasil e no mundo celebra o Dia Mundial das Miss\u00f5es. Trata-se de um grande acontecimento e uma oportunidade de fazer sentir a voca\u00e7\u00e3o mission\u00e1ria da Igreja. O documento Redemptoris Missio, Enc\u00edclica do papa Jo\u00e3o Paulo II sobre a validade permanente do mandato mission\u00e1rio, exorta, \u201ctodas as Igrejas e os pastores, os sacerdotes, os religiosos e os fi\u00e9is, a se abrirem \u00e0 universalidade da Igreja, evitando toda a forma de particularismo, exclusivismo, ou qualquer sentimento de autossufici\u00eancia (RM 85)\u201d.<\/p>\n<p>  <!--more-->  <\/p>\n<p style=\"text-align: justify\">Em outras palavras, o documento faz um apelo a toda a Igreja: de se abrir para Miss\u00e3o al\u00e9m-fronteiras, conforme o mandato do pr\u00f3prio Jesus Cristo. A Igreja \u201cfoi enviada para manifestar e comunicar a caridade de Deus a todos os homens e povos (Jo 10, 10)\u201d, mandato que o Redemptoris Missio tamb\u00e9m frisa. \u201cEsta Miss\u00e3o \u00e9 \u00fanica, sendo a mesma a sua origem e fim; mas, na sua din\u00e2mica de realiza\u00e7\u00e3o, h\u00e1 diversas fun\u00e7\u00f5es e atividades. Antes de tudo est\u00e1 a a\u00e7\u00e3o mission\u00e1ria denominada \u2018miss\u00e3o ad gentes\u2019\u201d.<\/p>\n<p style=\"text-align: justify\">O Dia Mundial das Miss\u00f5es tem o objetivo de celebrar a unidade da Igreja atrav\u00e9s da partilha e da fraternidade. Os filhos de Deus, nesse dia, devem festejar a universalidade da Miss\u00e3o em colabora\u00e7\u00e3o intensa e espiritual de generosa ajuda. O ato do papa Pio XI na solenidade de Pentecostes de 1922 sintetiza o que deveria ser o Dia Mundial das Miss\u00f5es dali em diante. O pont\u00edfice interrompeu sua homilia e, em meio a impressionante sil\u00eancio, tomou seu solid\u00e9u, fazendo-o passar entre a multid\u00e3o de bispos, presb\u00edteros e fi\u00e9is na Bas\u00edlica de S\u00e3o Pedro, no Vaticano, enquanto pedia a toda a Igreja ajuda para as Miss\u00f5es.<\/p>\n<p style=\"text-align: justify\">O primeiro Dia Mundial das Miss\u00f5es foi celebrado em 1927 e, em 19 de outubro de 1985, o papa Jo\u00e3o Paulo II lembrou a origem do Dia, falando aos fi\u00e9is da Igreja de Sassari, durante sua viagem pastoral \u00e0 Sardenha. \u201cNunca venha a faltar o esp\u00edrito mission\u00e1rio que animou as testemunhas de Cristo nesta cidade. Todo mundo sabe que o Dia Mundial das Miss\u00f5es foi sugerido em uma reuni\u00e3o do C\u00edrculo Mission\u00e1rio do semin\u00e1rio provincial de Sassari em 1926, ent\u00e3o governado pelos padres vicentinos, entre os quais se destacava pelo zelo apost\u00f3lico o padre Giovanni Battista Manzella\u201d.<\/p>\n<p style=\"text-align: justify\">No Brasil, o Dia Mundial das Miss\u00f5es foi celebrado pela primeira vez j\u00e1 no come\u00e7o da d\u00e9cada de 1930, pela Pontif\u00edcia Obra da Propaga\u00e7\u00e3o da F\u00e9, implantada por dom Bento Aloisi Masella, ent\u00e3o N\u00fancio Apost\u00f3lico. O pr\u00f3prio dom Bento presidiu a Obra at\u00e9 o dia 10 de Agosto de 1934, data em que passou o cargo de Presidente Nacional da Obra ao padre Dictino de La Parte, da Congrega\u00e7\u00e3o dos Mission\u00e1rios Filhos do Cora\u00e7\u00e3o Imaculado de Maria, que vinha desempenhando, com muita profici\u00eancia e resultado, o cargo de Diretor Regional da 4\u00aa Regi\u00e3o.<\/p>\n<p style=\"text-align: justify\">J\u00e1 naquele tempo a Dire\u00e7\u00e3o Nacional da Obra fornecia subs\u00eddios (santinhos, folhetos) e sugeria \u2018palavras de ordem\u2019 para a anima\u00e7\u00e3o da Campanha Mission\u00e1ria. Em 1934 a Palavra de ordem foi: \u201cTodos os cat\u00f3licos por todos os infi\u00e9is!\u201d.<\/p>\n<p style=\"text-align: justify\"><strong>Campanha Mission\u00e1ria 2012<\/strong><\/p>\n<p style=\"text-align: justify\">Neste ano, a Campanha Mission\u00e1ria aborda o tema \u201cBrasil mission\u00e1rio, partilha a tua f\u00e9\u201d, em sintonia com o 3\u00ba Congresso Mission\u00e1rio Nacional, que aconteceu em Palmas (TO) de 12 a 15 de julho, e com o 4\u00ba Congresso Americano Mission\u00e1rio e 9\u00ba Congresso Mission\u00e1rio Latino-Americano (CAM4\/Comla9). No Dia Mundial das Miss\u00f5es, acontece a Coleta Nacional feita em todas as comunidades e institui\u00e7\u00f5es cat\u00f3licas. Este ano ser\u00e1 feita no s\u00e1bado e domingo, dias 20 e 21 de outubro. O valor arrecadado deve ser integralmente enviado ao Fundo Universal de Solidariedade, atrav\u00e9s das Pontif\u00edcias Obras Mission\u00e1rias. Essa contribui\u00e7\u00e3o econ\u00f4mica \u00e9 destinada a projetos mission\u00e1rios em todo o mundo, por meio da Pontif\u00edcia Obra da Propaga\u00e7\u00e3o da F\u00e9.<\/p>\n<p style=\"text-align: justify\">Outras informa\u00e7\u00f5es acesse o site das Pontif\u00edcias Obras Mission\u00e1rias, no endere\u00e7o: <a href=\"http:\/\/www.pom.org.br\" target=\"_blank\" rel=\"noopener\">www.pom.org.br<\/a>.<\/p>\n","protected":false},"excerpt":{"rendered":"<p>No pr\u00f3ximo domingo, 21, a Igreja no Brasil e no mundo celebra o Dia Mundial das Miss\u00f5es. Trata-se de um grande acontecimento e uma oportunidade de fazer sentir a voca\u00e7\u00e3o mission\u00e1ria da Igreja. O documento Redemptoris Missio, Enc\u00edclica do papa Jo\u00e3o Paulo II sobre a validade permanente do mandato mission\u00e1rio, exorta, \u201ctodas as Igrejas e &hellip;<\/p>\n<p class=\"read-more\"> <a class=\"\" href=\"https:\/\/www.cnbb.org.br\/igreja-celebra-o-dia-mundial-das-missoes-no-proximo-domingo\/\"> <span class=\"screen-reader-text\">Igreja celebra o Dia Mundial das Miss\u00f5es no pr\u00f3ximo domingo<\/span> Leia mais &raquo;<\/a><\/p>\n","protected":false},"author":83,"featured_media":9523,"comment_status":"open","ping_status":"open","sticky":false,"template":"","format":"standard","meta":{"site-sidebar-layout":"default","site-content-layout":"default","ast-global-header-display":"","ast-banner-title-visibility":"","ast-main-header-display":"","ast-hfb-above-header-display":"","ast-hfb-below-header-display":"","ast-hfb-mobile-header-display":"","site-post-title":"","ast-breadcrumbs-content":"","ast-featured-img":"","footer-sml-layout":"","theme-transparent-header-meta":"","adv-header-id-meta":"","stick-header-meta":"","header-above-stick-meta":"","header-main-stick-meta":"","header-below-stick-meta":""},"categories":[854,878],"tags":[],"acf":[],"_links":{"self":[{"href":"https:\/\/www.cnbb.org.br\/cnbb-app\/wp\/v2\/posts\/9522"}],"collection":[{"href":"https:\/\/www.cnbb.org.br\/cnbb-app\/wp\/v2\/posts"}],"about":[{"href":"https:\/\/www.cnbb.org.br\/cnbb-app\/wp\/v2\/types\/post"}],"author":[{"embeddable":true,"href":"https:\/\/www.cnbb.org.br\/cnbb-app\/wp\/v2\/users\/83"}],"replies":[{"embeddable":true,"href":"https:\/\/www.cnbb.org.br\/cnbb-app\/wp\/v2\/comments?post=9522"}],"version-history":[{"count":0,"href":"https:\/\/www.cnbb.org.br\/cnbb-app\/wp\/v2\/posts\/9522\/revisions"}],"wp:featuredmedia":[{"embeddable":true,"href":"https:\/\/www.cnbb.org.br\/cnbb-app\/wp\/v2\/media\/9523"}],"wp:attachment":[{"href":"https:\/\/www.cnbb.org.br\/cnbb-app\/wp\/v2\/media?parent=9522"}],"wp:term":[{"taxonomy":"category","embeddable":true,"href":"https:\/\/www.cnbb.org.br\/cnbb-app\/wp\/v2\/categories?post=9522"},{"taxonomy":"post_tag","embeddable":true,"href":"https:\/\/www.cnbb.org.br\/cnbb-app\/wp\/v2\/tags?post=9522"}],"curies":[{"name":"wp","href":"https:\/\/api.w.org\/{rel}","templated":true}]}}