{"id":952630,"date":"2023-09-25T14:29:25","date_gmt":"2023-09-25T17:29:25","guid":{"rendered":"https:\/\/www.cnbb.org.br\/?p=952630"},"modified":"2023-09-25T14:30:17","modified_gmt":"2023-09-25T17:30:17","slug":"beatificacao-do-padre-francisco-de-paula-victor-dia-14-11-23-2","status":"publish","type":"post","link":"https:\/\/www.cnbb.org.br\/beatificacao-do-padre-francisco-de-paula-victor-dia-14-11-23-2\/","title":{"rendered":"Beatifica\u00e7\u00e3o do Padre Francisco de Paula Victor: dia 14\/11\/23"},"content":{"rendered":"<p style=\"text-align: right;\"><strong>Dom Carmo Jo\u00e3o Rhoden, SCJ<\/strong><br \/>\n<strong>Bispo Em\u00e9rito de Taubat\u00e9- SP<\/strong><\/p>\n<p style=\"text-align: justify;\">1- Uns nasceram grandes, porque s\u00e3o procedentes de fam\u00edlias ricas, cultas, nobres ou politicamente importantes. Outros v\u00eam de lares, bem menos conhecidos, ou at\u00e9 descendentes de escravos, mas, protegidos pela gra\u00e7a de Deus, cresceram, tornaram-se grandes. Admir\u00e1veis. Imit\u00e1veis. Padre Victor, foi um deles. A Igreja se orgulha muito, recordando este seu filho, t\u00e3o ilustre.<\/p>\n<p style=\"text-align: justify;\">2- Padre Francisco de Paula Victor nasceu em Campanha-MG, em 14 de abril de 1827. Filho de escravos. \u00c9 preciso afirmar mais? N\u00e3o. De fato, os escravos n\u00e3o tinham cidadania. Eram, simplesmente, escravos: submissos ou for\u00e7ados a cumprir ordens, quando n\u00e3o, at\u00e9 torturados. Francisco de Paula Victor, tinha tudo, para ser apenas um n\u00famero, \u201cum z\u00e9\u201d. Mas n\u00e3o foi assim. Desejava ser padre. Padre? Ent\u00e3o deveria ir para o semin\u00e1rio. Mas como pagar os estudos? No entanto, ele foi. Muito determinado. Lutou e superou tudo: humilha\u00e7\u00f5es, pobreza, provoca\u00e7\u00f5es, etc. Venceu. \u00c9 claro: houve quem o ajudasse. Mas, ele fez sua parte, com nobreza. Seminaristas e colegas tiraram sarro. Negro? Padre? N\u00e3o. Nunca. Mas os pessimistas, ainda mais, os racistas haveriam de beijar-lhe as m\u00e3os, no futuro. Deus ajuda a quem se ajuda, afirma o povo. Foi o que aconteceu com padre Victor. N\u00e3o se tornou, um padre de sacristia. De fim de semana, pois trabalhar, ele sabia. Estudar, tamb\u00e9m. Assim, aprendeu a ser respeitado, amado e procurado. Com ora\u00e7\u00f5es, de c\u00e1 e de l\u00e1, e com a ben\u00e7\u00e3o de alguns prelados e seu insuper\u00e1vel esfor\u00e7o, venceu. Repito: venceu com a gra\u00e7a de Deus.<\/p>\n<p style=\"text-align: justify;\">3- Quando sacerdote, sabia o que fazer. Amava a Palavra de Deus. Orava, com f\u00e9. Atendia ao povo de Deus com amor e o servia, com esmero. Era perseverante: sua cor n\u00e3o mudou, mas sua reputa\u00e7\u00e3o crescia sempre mais e mais. Conseguiu, assim, admira\u00e7\u00e3o do povo, respeito das autoridades e estima dos colegas presb\u00edteros. Chegou a dar aulas. Ensinou a cantar. Valorizava os pobres. Distribu\u00eda muito do pouco que possu\u00eda. Quando, criticado pela sua administra\u00e7\u00e3o, um pouco fora dos padr\u00f5es oficiais, mas bastante correta e crist\u00e3, foi socorrido pelo povo: pagaram suas d\u00edvidas. Tornou-se, assim, um homem de Deus, um sacerdote admirado: um pastor santo, na opini\u00e3o de muitos.<\/p>\n<p style=\"text-align: justify;\">4- Agora, outros continuam a trabalhar por ele: pela sua beatifica\u00e7\u00e3o, que aconteceu no dia 14\/11\/15. O povo de Deus espera mais: sua canoniza\u00e7\u00e3o futura. Eu n\u00e3o cheguei a conhec\u00ea-lo, pessoalmente, mas pelo que percebi, posso esperar, e devo desejar que ele possa chegar \u00e0 honra dos altares, pois Deus n\u00e3o abandona os que o amam e o servem nos mais humildes e abandonados. Ser\u00e1 \u2013 eu o recordo mais uma vez \u2013 beatificado no dia 14\/11\/15. Tornar-se-\u00e1, ent\u00e3o, o primeiro padre negro, nascido no Brasil, esperando agora, a canoniza\u00e7\u00e3o. Assim, o povo de Deus o espera e n\u00f3s, sem querer, por isso, dar recado \u00e0 Roma e nem for\u00e7ar a bondade divina. Tr\u00eas Pontas conhecida, at\u00e9 agora, quase somente, em Minas Gerais, ser\u00e1, ent\u00e3o, reconhecida em todo Brasil e at\u00e9 no exterior. Valemo-nos do ensejo, para congratularmo-nos com seus parentes e saudarmos o feliz povo de Tr\u00eas Pontas. O Brasil precisa de santos, entre eles, esperamos que esteja o grande Padre Victor, de Tr\u00eas Pontas. Por fim, Deus seja sempre louvado.<\/p>\n","protected":false},"excerpt":{"rendered":"<p>Dom Carmo Jo\u00e3o Rhoden, SCJ Bispo Em\u00e9rito de Taubat\u00e9- SP 1- Uns nasceram grandes, porque s\u00e3o procedentes de fam\u00edlias ricas, cultas, nobres ou politicamente importantes. Outros v\u00eam de lares, bem menos conhecidos, ou at\u00e9 descendentes de escravos, mas, protegidos pela gra\u00e7a de Deus, cresceram, tornaram-se grandes. Admir\u00e1veis. Imit\u00e1veis. Padre Victor, foi um deles. A Igreja &hellip;<\/p>\n<p class=\"read-more\"> <a class=\"\" href=\"https:\/\/www.cnbb.org.br\/beatificacao-do-padre-francisco-de-paula-victor-dia-14-11-23-2\/\"> <span class=\"screen-reader-text\">Beatifica\u00e7\u00e3o do Padre Francisco de Paula Victor: dia 14\/11\/23<\/span> Leia mais &raquo;<\/a><\/p>\n","protected":false},"author":132,"featured_media":0,"comment_status":"closed","ping_status":"closed","sticky":false,"template":"","format":"standard","meta":{"site-sidebar-layout":"default","site-content-layout":"default","ast-global-header-display":"","ast-banner-title-visibility":"","ast-main-header-display":"","ast-hfb-above-header-display":"","ast-hfb-below-header-display":"","ast-hfb-mobile-header-display":"","site-post-title":"","ast-breadcrumbs-content":"","ast-featured-img":"","footer-sml-layout":"","theme-transparent-header-meta":"default","adv-header-id-meta":"","stick-header-meta":"","header-above-stick-meta":"","header-main-stick-meta":"","header-below-stick-meta":""},"categories":[758],"tags":[],"acf":[],"_links":{"self":[{"href":"https:\/\/www.cnbb.org.br\/cnbb-app\/wp\/v2\/posts\/952630"}],"collection":[{"href":"https:\/\/www.cnbb.org.br\/cnbb-app\/wp\/v2\/posts"}],"about":[{"href":"https:\/\/www.cnbb.org.br\/cnbb-app\/wp\/v2\/types\/post"}],"author":[{"embeddable":true,"href":"https:\/\/www.cnbb.org.br\/cnbb-app\/wp\/v2\/users\/132"}],"replies":[{"embeddable":true,"href":"https:\/\/www.cnbb.org.br\/cnbb-app\/wp\/v2\/comments?post=952630"}],"version-history":[{"count":1,"href":"https:\/\/www.cnbb.org.br\/cnbb-app\/wp\/v2\/posts\/952630\/revisions"}],"predecessor-version":[{"id":952631,"href":"https:\/\/www.cnbb.org.br\/cnbb-app\/wp\/v2\/posts\/952630\/revisions\/952631"}],"wp:attachment":[{"href":"https:\/\/www.cnbb.org.br\/cnbb-app\/wp\/v2\/media?parent=952630"}],"wp:term":[{"taxonomy":"category","embeddable":true,"href":"https:\/\/www.cnbb.org.br\/cnbb-app\/wp\/v2\/categories?post=952630"},{"taxonomy":"post_tag","embeddable":true,"href":"https:\/\/www.cnbb.org.br\/cnbb-app\/wp\/v2\/tags?post=952630"}],"curies":[{"name":"wp","href":"https:\/\/api.w.org\/{rel}","templated":true}]}}