{"id":952926,"date":"2023-10-02T07:01:54","date_gmt":"2023-10-02T10:01:54","guid":{"rendered":"https:\/\/www.cnbb.org.br\/?p=952926"},"modified":"2023-10-05T16:33:37","modified_gmt":"2023-10-05T19:33:37","slug":"o-tema-do-cirio-de-nossa-senhora-de-nazare-2023-em-maraba","status":"publish","type":"post","link":"https:\/\/www.cnbb.org.br\/o-tema-do-cirio-de-nossa-senhora-de-nazare-2023-em-maraba\/","title":{"rendered":"O tema do C\u00edrio de Nossa Senhora de Nazar\u00e9 2023 em Marab\u00e1"},"content":{"rendered":"<p style=\"text-align: right;\"><strong>Dom Vital Corbellini<\/strong><br \/>\n<strong>Bispo de Marab\u00e1 (PA)<\/strong><\/p>\n<p style=\"text-align: justify;\">O quadrag\u00e9simo terceiro C\u00edrio de Nossa Senhora de Nazar\u00e9 em Marab\u00e1, 2023, tem um tema muito importante para a vida crist\u00e3 e para todas as pessoas de boa vontade que seguem o Senhor Jesus, caminho, verdade e vida (Jo 14,6): \u201c\u00d3 Maria, ajudai-nos a partilhar a Palavra e o P\u00e3o\u201d. Ele est\u00e1 relacionado \u00e0 presen\u00e7a de Jesus, como a Palavra do Pai e da Campanha da Fraternidade 2023, cujo lema \u00e9: \u201cDai-lhes v\u00f3s mesmos de comer\u201d (Mt 14,16). O tema delineia a vida de todo o C\u00edrio, o sentido lit\u00fargico, o Simp\u00f3sio Mariano realizado, as visitas nas comunidades, nas par\u00f3quias, o C\u00edrio Mission\u00e1rio, o C\u00edrio Fluvial e os dias propriamente ditos como no s\u00e1bado e no domingo, 14 e 15 de Outubro.<\/p>\n<p style=\"text-align: justify;\">\u00d3 Maria, ajudai-nos a partilhar a Palavra.<\/p>\n<p style=\"text-align: justify;\">A vida de todo o seguidor e seguidora est\u00e1 ligada a Jesus Cristo, por intercess\u00e3o de Maria, a sua M\u00e3e. Maria leva os pedidos das pessoas at\u00e9 o seu Filho Jesus Cristo. Nesta primeira parte, o lema \u00e9 uma prece confiante que o fiel faz, pedindo a Maria para que ela ajude a todo o povo fiel crist\u00e3o, seguidor de Jesus Cristo, a partilhar a Palavra, entendida como uma Pessoa, Jesus Cristo. Ele \u00e9 o enviado do Pai, \u00e9 o Verbo feito carne (Jo 1,14) que assumiu a realidade humana em tudo menos o pecado. A Palavra n\u00e3o \u00e9 um balbuciar de coisas, mas \u00e9 a Pessoa de Jesus de Nazar\u00e9, como Salvador e Redentor. \u00c9 a Palavra eterna, gerada desde toda a eternidade pelo Pai e que se tornou Pessoa humana, entrando na realidade humana para a salva\u00e7\u00e3o de toda a humanidade.<\/p>\n<p style=\"text-align: justify;\">Maria, mulher meditativa.<\/p>\n<p style=\"text-align: justify;\">O evangelista S\u00e3o Lucas colocou um dado importante na vida de Maria sant\u00edssima, de mulher meditativa. No nascimento de Jesus \u00e0 humanidade, os anjos cantaram aos pastores: \u201cGl\u00f3ria a Deus no mais alto dos c\u00e9us, e na terra, paz a todos por ele amados\u201d(Lc 2, 14). Os pastores foram ver em Bel\u00e9m as maravilhas do Senhor que entrou na realidade humana, encontraram Maria e Jos\u00e9 e o rec\u00e9m-nascido deitado na manjedoura (Lc 2, 16). Eles relataram as manifesta\u00e7\u00f5es, as coisas divinas a respeito do menino Jesus, e, Maria guardava todos aqueles acontecimentos, meditando-os em seu cora\u00e7\u00e3o (Lc 2, 18-19). Maria foi uma pessoa que meditava as coisas de Deus na sua vida intima, em seu cora\u00e7\u00e3o. A palavra meditar vem do latim meditari, cujo significado \u00e9 curar, permanecer por um longo tempo e com intensa concentra\u00e7\u00e3o a mente sobre uma afirma\u00e7\u00e3o, palavra sagrada1. A medita\u00e7\u00e3o faz a pessoa viver o mist\u00e9rio do Senhor em seu cora\u00e7\u00e3o com maior vivacidade, em vista de uma atua\u00e7\u00e3o caritativa.<\/p>\n<p style=\"text-align: justify;\">Ouvir a Palavra de Deus e guard\u00e1-la.<\/p>\n<p style=\"text-align: justify;\">O evangelista S\u00e3o Lucas tamb\u00e9m disse que uma mulher no meio da multid\u00e3o levantou a voz para afirmar a Jesus que era bem-aventurado o ventre que o gerou e os seios que o amamentaram. Mas Jesus respondeu \u00e0quela mulher que eram bem-<\/p>\n<p style=\"text-align: justify;\">aventurados antes as pessoas que ouvem a Palavra de Deus e a guardam (Lc 11, 27-28). Esta bem-aventuran\u00e7a era dirigida sem d\u00favida \u00e0 sua m\u00e3e, Maria, como mulher que ouviu a Palavra de Deus e a guardou em seu cora\u00e7\u00e3o. Jesus real\u00e7ou a maternidade messi\u00e2nica que fez Maria uma ouvinte da Palavra e operadora da mesma, guardando-a em seu cora\u00e7\u00e3o.<\/p>\n<p style=\"text-align: justify;\">\u00d3 Maria, ajudai-nos a partilhar o P\u00e3o.<\/p>\n<p style=\"text-align: justify;\">Na segunda parte do tema, a pessoa suplica a Maria para que ela ajude a partilhar o P\u00e3o. O tema est\u00e1 ligado \u00e0 Campanha da Fraternidade 2023, da CNBB, que ressalta a fome e a partilha do P\u00e3o2. Jesus realizou a multiplica\u00e7\u00e3o dos p\u00e3es para a multid\u00e3o faminta. Diante da proposta dos disc\u00edpulos para que o Senhor Jesus despedisse a multid\u00e3o porque j\u00e1 era tarde e o lugar era deserto para que as multid\u00f5es fossem aos povoados comprar comida, Jesus disse aos disc\u00edpulos para que n\u00e3o fossem embora as multid\u00f5es e eles mesmos dessem de comer (Mt 14, 15-16). Como uma pessoa trazia cinco p\u00e3es e dois peixes, ele fez a multiplica\u00e7\u00e3o das poucas coisas de modo que todos se saciaram e ficaram felizes pela comida em abund\u00e2ncia(Mt 14, 17-20). Jesus fez a a\u00e7\u00e3o maravilhosa da multiplica\u00e7\u00e3o dos p\u00e3es, mas ele quer tamb\u00e9m que as pessoas fa\u00e7am o bem para os outros, sobretudo para todas aquelas que passam fome e necessidades.<\/p>\n<p style=\"text-align: justify;\">O P\u00e3o e a caridade.<\/p>\n<p style=\"text-align: justify;\">O C\u00edrio de Nossa Senhora de Nazar\u00e9 estimula a pr\u00e1ticas de caridade, porque \u00e9 pr\u00f3prio da pessoa fiel viver o amor aos outros. A rela\u00e7\u00e3o com Deus, para ser verdadeira passa pelo amor ao pr\u00f3ximo. O Senhor Jesus Cristo nos disse que somos chamados a amar-nos uns aos outros (Jo 13,34). Ainda o Ap\u00f3stolo S\u00e3o Jo\u00e3o diz que quem ama a Deus, mas n\u00e3o ama o pr\u00f3ximo, o seu amor \u00e9 mentiroso, porque se n\u00e3o ama o irm\u00e3o que v\u00ea como pode amar a Deus a quem n\u00e3o v\u00ea? (1 Jo 4,20). A caridade \u00e9 fundamental diante da realidade da fome. As pessoas passam por dificuldades de comer, de modo que a ajuda na comida ou em pol\u00edticas p\u00fablicas \u00e9 essencial. A indiferen\u00e7a ou a omiss\u00e3o seriam coisas que n\u00e3o ajudariam em nada diante da possibilidade da caridade a ser percebida pela realidade da fome.<\/p>\n<p style=\"text-align: justify;\">A caridade \u00e9 o distintivo do discipulado do Senhor.<\/p>\n<p style=\"text-align: justify;\">A caridade faz a pessoas seguir a Jesus Cristo. Ele deu a sua vida pela salva\u00e7\u00e3o da humanidade. Ele tamb\u00e9m disse que quem quiser salvar a sua vida vai perd\u00ea-la, mas quem a perde por causa de Jesus a encontrar\u00e1 (Mt 16,25). \u00c9 preciso perder algo de si mesmo para o bem das pessoas que passam fome. Quando se tem amor pelos pobres como Jesus teve na evangeliza\u00e7\u00e3o (Lc 4, 18), tudo tem sentido na ajuda aos famintos e famintas. \u00c9 o amor-caridade3 que faz a pessoa sair de si mesma para ir ao encontro de quem passa fome ou possui a necessidade para comer.<\/p>\n<p style=\"text-align: justify;\">\u00d3 Maria, ajudai-nos a partilhar a Palavra e o P\u00e3o.<\/p>\n<p style=\"text-align: justify;\">O tema do C\u00edrio de Nossa Senhora de Nazar\u00e9 2023 motiva a todos os fi\u00e9is a ler a Palavra de Deus e fazer obras boas de caridade, de amor. Com o pouco que se tem ser\u00e1 poss\u00edvel fazer muitas coisas, o que foi feito pelo Senhor pela multiplica\u00e7\u00e3o dos p\u00e3es e dos peixes. Ele saciou a multid\u00e3o faminta, com responsabilidade m\u00fatua. Maria seja a intercessora junto a Jesus para que todas as pessoas vivam a Palavra de Deus, que \u00e9 Jesus e a Palavra seja partilhada, assim como o P\u00e3o seja tamb\u00e9m partilhado para mais pessoas para uma vida digna conforme o Plano do Senhor.<\/p>\n","protected":false},"excerpt":{"rendered":"<p>Dom Vital Corbellini Bispo de Marab\u00e1 (PA) O quadrag\u00e9simo terceiro C\u00edrio de Nossa Senhora de Nazar\u00e9 em Marab\u00e1, 2023, tem um tema muito importante para a vida crist\u00e3 e para todas as pessoas de boa vontade que seguem o Senhor Jesus, caminho, verdade e vida (Jo 14,6): \u201c\u00d3 Maria, ajudai-nos a partilhar a Palavra e &hellip;<\/p>\n<p class=\"read-more\"> <a class=\"\" href=\"https:\/\/www.cnbb.org.br\/o-tema-do-cirio-de-nossa-senhora-de-nazare-2023-em-maraba\/\"> <span class=\"screen-reader-text\">O tema do C\u00edrio de Nossa Senhora de Nazar\u00e9 2023 em Marab\u00e1<\/span> Leia mais &raquo;<\/a><\/p>\n","protected":false},"author":16,"featured_media":0,"comment_status":"closed","ping_status":"closed","sticky":false,"template":"","format":"standard","meta":{"site-sidebar-layout":"default","site-content-layout":"default","ast-global-header-display":"","ast-banner-title-visibility":"","ast-main-header-display":"","ast-hfb-above-header-display":"","ast-hfb-below-header-display":"","ast-hfb-mobile-header-display":"","site-post-title":"","ast-breadcrumbs-content":"","ast-featured-img":"","footer-sml-layout":"","theme-transparent-header-meta":"default","adv-header-id-meta":"","stick-header-meta":"","header-above-stick-meta":"","header-main-stick-meta":"","header-below-stick-meta":""},"categories":[758,1837],"tags":[],"acf":[],"_links":{"self":[{"href":"https:\/\/www.cnbb.org.br\/cnbb-app\/wp\/v2\/posts\/952926"}],"collection":[{"href":"https:\/\/www.cnbb.org.br\/cnbb-app\/wp\/v2\/posts"}],"about":[{"href":"https:\/\/www.cnbb.org.br\/cnbb-app\/wp\/v2\/types\/post"}],"author":[{"embeddable":true,"href":"https:\/\/www.cnbb.org.br\/cnbb-app\/wp\/v2\/users\/16"}],"replies":[{"embeddable":true,"href":"https:\/\/www.cnbb.org.br\/cnbb-app\/wp\/v2\/comments?post=952926"}],"version-history":[{"count":3,"href":"https:\/\/www.cnbb.org.br\/cnbb-app\/wp\/v2\/posts\/952926\/revisions"}],"predecessor-version":[{"id":953162,"href":"https:\/\/www.cnbb.org.br\/cnbb-app\/wp\/v2\/posts\/952926\/revisions\/953162"}],"wp:attachment":[{"href":"https:\/\/www.cnbb.org.br\/cnbb-app\/wp\/v2\/media?parent=952926"}],"wp:term":[{"taxonomy":"category","embeddable":true,"href":"https:\/\/www.cnbb.org.br\/cnbb-app\/wp\/v2\/categories?post=952926"},{"taxonomy":"post_tag","embeddable":true,"href":"https:\/\/www.cnbb.org.br\/cnbb-app\/wp\/v2\/tags?post=952926"}],"curies":[{"name":"wp","href":"https:\/\/api.w.org\/{rel}","templated":true}]}}