{"id":953724,"date":"2023-10-18T11:26:00","date_gmt":"2023-10-18T14:26:00","guid":{"rendered":"https:\/\/www.cnbb.org.br\/?p=953724"},"modified":"2023-10-18T11:26:56","modified_gmt":"2023-10-18T14:26:56","slug":"sao-lucas-evangelista-patrono-dos-medicos","status":"publish","type":"post","link":"https:\/\/www.cnbb.org.br\/sao-lucas-evangelista-patrono-dos-medicos\/","title":{"rendered":"S\u00e3o Lucas Evangelista, patrono dos m\u00e9dicos"},"content":{"rendered":"<p style=\"text-align: right;\"><b><span data-contrast=\"auto\">Dom Carmo Jo\u00e3o Rhoden<br \/>\n<\/span><\/b><b><span data-contrast=\"auto\">Bispo Em\u00e9rito de Taubat\u00e9 (SP)<\/span><\/b><span data-ccp-props=\"{&quot;201341983&quot;:0,&quot;335551550&quot;:2,&quot;335551620&quot;:2,&quot;335559739&quot;:160,&quot;335559740&quot;:360}\">\u00a0<\/span><\/p>\n<p>&nbsp;<\/p>\n<p style=\"text-align: justify;\"><span data-contrast=\"auto\">S\u00e3o Lucas, segundo a tradi\u00e7\u00e3o, nasceu na Antioquia, da S\u00edria. Era culto e m\u00e9dico. Tornou-se disc\u00edpulo de S\u00e3o Paulo, convertendo-se ao cristianismo. Enriqueceu a Igreja de Cristo com um Evangelho (o de Lucas), e com o Atos dos Ap\u00f3stolos, nascimento, crescimento e maturidade da Igreja, acentuando bastante a dimens\u00e3o mission\u00e1ria da mesma. Sem os escritos de S\u00e3o Lucas, n\u00e3o conhecer\u00edamos o fen\u00f4meno de crescimento da Igreja no Imp\u00e9rio Romano. Ap\u00f3s seu encontro com Paulo, tornou-se um intr\u00e9pido mission\u00e1rio, selando sua bibliografia com o mart\u00edrio por Cristo.<\/span><span data-ccp-props=\"{&quot;201341983&quot;:0,&quot;335551550&quot;:6,&quot;335551620&quot;:6,&quot;335559739&quot;:160,&quot;335559740&quot;:360}\">\u00a0<\/span><\/p>\n<p style=\"text-align: justify;\"><span data-contrast=\"auto\">Aprofundando no estudo de S\u00e3o Lucas, constatamos um pouco de sua psicologia, seu humanismo e sensibilidade crist\u00e3. No seu Evangelho, nos deixou a encantadora cena do encontro da Virgem Maria com Santa Isabel, precedida da bel\u00edssima cena da anuncia\u00e7\u00e3o do anjo S\u00e3o Gabriel. Ele, tamb\u00e9m, sublinha o esp\u00edrito de ora\u00e7\u00e3o de Jesus e seu amor pelos pobres, doentes e marginalizados. Basta ler as quatro bem aventuran\u00e7a e as quatro mal aventuran\u00e7as de seu Evangelho. N\u00e3o podemos, tamb\u00e9m, esquecer as comoventes narra\u00e7\u00f5es da convers\u00e3o de Zaqueu, da mulher pecadora, do ladr\u00e3o crucificado ao lado de Cristo, e a hist\u00f3ria do filho pr\u00f3digo (melhor seria cham\u00e1-la de hist\u00f3ria do Pai Amoroso). Ele, tamb\u00e9m, acentua muito bem o esp\u00edrito orante de Cristo.<\/span><span data-ccp-props=\"{&quot;201341983&quot;:0,&quot;335551550&quot;:6,&quot;335551620&quot;:6,&quot;335559739&quot;:160,&quot;335559740&quot;:360}\">\u00a0<\/span><\/p>\n<p style=\"text-align: justify;\"><span data-contrast=\"auto\">S\u00e3o Lucas \u00e9, tamb\u00e9m, o patrono dos m\u00e9dicos. Logo, assim sendo, parabenizamos a todos os m\u00e9dicos(as) da nossa querida p\u00e1tria, mormente, por\u00e9m, os da Pr\u00f3 Sa\u00fade. Parab\u00e9ns. A vida \u00e9 dom de Deus, bem da pessoa humana. E protegida (as vezes, at\u00e9 salva) pela incans\u00e1vel a\u00e7\u00e3o dos m\u00e9dicos e das m\u00e9dicas.<\/span><span data-ccp-props=\"{&quot;201341983&quot;:0,&quot;335551550&quot;:6,&quot;335551620&quot;:6,&quot;335559739&quot;:160,&quot;335559740&quot;:360}\">\u00a0<\/span><\/p>\n<p style=\"text-align: justify;\"><span data-ccp-props=\"{&quot;201341983&quot;:0,&quot;335551550&quot;:6,&quot;335551620&quot;:6,&quot;335559739&quot;:160,&quot;335559740&quot;:360}\">\u00a0<\/span><\/p>\n<p>&nbsp;<\/p>\n","protected":false},"excerpt":{"rendered":"<p>Dom Carmo Jo\u00e3o Rhoden Bispo Em\u00e9rito de Taubat\u00e9 (SP)\u00a0 &nbsp; S\u00e3o Lucas, segundo a tradi\u00e7\u00e3o, nasceu na Antioquia, da S\u00edria. Era culto e m\u00e9dico. Tornou-se disc\u00edpulo de S\u00e3o Paulo, convertendo-se ao cristianismo. Enriqueceu a Igreja de Cristo com um Evangelho (o de Lucas), e com o Atos dos Ap\u00f3stolos, nascimento, crescimento e maturidade da Igreja, &hellip;<\/p>\n<p class=\"read-more\"> <a class=\"\" href=\"https:\/\/www.cnbb.org.br\/sao-lucas-evangelista-patrono-dos-medicos\/\"> <span class=\"screen-reader-text\">S\u00e3o Lucas Evangelista, patrono dos m\u00e9dicos<\/span> Leia mais &raquo;<\/a><\/p>\n","protected":false},"author":132,"featured_media":0,"comment_status":"closed","ping_status":"closed","sticky":false,"template":"","format":"standard","meta":{"site-sidebar-layout":"default","site-content-layout":"default","ast-global-header-display":"","ast-banner-title-visibility":"","ast-main-header-display":"","ast-hfb-above-header-display":"","ast-hfb-below-header-display":"","ast-hfb-mobile-header-display":"","site-post-title":"","ast-breadcrumbs-content":"","ast-featured-img":"","footer-sml-layout":"","theme-transparent-header-meta":"default","adv-header-id-meta":"","stick-header-meta":"","header-above-stick-meta":"","header-main-stick-meta":"","header-below-stick-meta":""},"categories":[758],"tags":[],"acf":[],"_links":{"self":[{"href":"https:\/\/www.cnbb.org.br\/cnbb-app\/wp\/v2\/posts\/953724"}],"collection":[{"href":"https:\/\/www.cnbb.org.br\/cnbb-app\/wp\/v2\/posts"}],"about":[{"href":"https:\/\/www.cnbb.org.br\/cnbb-app\/wp\/v2\/types\/post"}],"author":[{"embeddable":true,"href":"https:\/\/www.cnbb.org.br\/cnbb-app\/wp\/v2\/users\/132"}],"replies":[{"embeddable":true,"href":"https:\/\/www.cnbb.org.br\/cnbb-app\/wp\/v2\/comments?post=953724"}],"version-history":[{"count":2,"href":"https:\/\/www.cnbb.org.br\/cnbb-app\/wp\/v2\/posts\/953724\/revisions"}],"predecessor-version":[{"id":953727,"href":"https:\/\/www.cnbb.org.br\/cnbb-app\/wp\/v2\/posts\/953724\/revisions\/953727"}],"wp:attachment":[{"href":"https:\/\/www.cnbb.org.br\/cnbb-app\/wp\/v2\/media?parent=953724"}],"wp:term":[{"taxonomy":"category","embeddable":true,"href":"https:\/\/www.cnbb.org.br\/cnbb-app\/wp\/v2\/categories?post=953724"},{"taxonomy":"post_tag","embeddable":true,"href":"https:\/\/www.cnbb.org.br\/cnbb-app\/wp\/v2\/tags?post=953724"}],"curies":[{"name":"wp","href":"https:\/\/api.w.org\/{rel}","templated":true}]}}