{"id":9542,"date":"2012-12-07T00:00:00","date_gmt":"2012-12-07T02:00:00","guid":{"rendered":"https:\/\/www.cnbb.org.br\/assembleia-da-infancia-e-adolescencia-missionaria-recebe-visita-do-secretario-geral-da-cnbb\/"},"modified":"2020-03-11T20:04:10","modified_gmt":"2020-03-11T23:04:10","slug":"assembleia-da-infancia-e-adolescencia-missionaria-recebe-visita-do-secretario-geral-da-cnbb","status":"publish","type":"post","link":"https:\/\/www.cnbb.org.br\/assembleia-da-infancia-e-adolescencia-missionaria-recebe-visita-do-secretario-geral-da-cnbb\/","title":{"rendered":"Assembleia da Inf\u00e2ncia e Adolesc\u00eancia Mission\u00e1ria recebe visita do Secret\u00e1rio Geral da CNBB"},"content":{"rendered":"<p style=\"text-align: justify\">Os participantes da 17\u00aa Assembleia Nacional da Inf\u00e2ncia e Adolesc\u00eancia Mission\u00e1ria (IAM), que acontece sede das Pontif\u00edcias Obras Mission\u00e1rias (POM) em Bras\u00edlia (DF), iniciaram os trabalhos na manh\u00e3 desta sexta-feira, 7, com uma missa presidida por dom Leonardo Ulrich Steiner, Secret\u00e1rio Geral da CNBB e bispo auxiliar da Arquidiocese de Bras\u00edlia.<\/p>\n<p>  <!--more-->  <\/p>\n<p style=\"text-align: justify\">\u201cSer crist\u00e3o, em primeiro lugar \u00e9 ser seguidor e seguidora de Jesus, independentemente do servi\u00e7o que prestamos na comunidade. O Evangelho nos mostra isso\u201d, afirmou dom Leonardo.<\/p>\n<p style=\"text-align: justify\">Ao comentar sobre os s\u00edmbolos do Advento, tempo lit\u00fargico que prepara o Natal de Jesus, o bispo observou que, apesar da beleza do ambiente, \u201cn\u00f3s ainda n\u00e3o vimos o Menino\u201d. Segundo ele, \u201cexiste algo pr\u00f3prio e extraordin\u00e1rio na experi\u00eancia crist\u00e3 que \u00e9 ser tocado por Jesus, momento em que come\u00e7amos a abrir os olhos. A sensa\u00e7\u00e3o que temos \u00e9 de que s\u00f3 conseguimos seguir Jesus de fato quando formos tocados por ele\u201d.<\/p>\n<p style=\"text-align: justify\">Hoje a Igreja recorda Santo Ambr\u00f3sio, bispo de Mil\u00e3o na It\u00e1lia que batizou Santo Agostinho. \u201cAgostinho esteve a caminho de Jesus por v\u00e1rios anos, mas somente quando foi tocado por ele na fala de Ambr\u00f3sio \u00e9 que come\u00e7ou ver algo extraordin\u00e1rio. Com isso, se torna um dos maiores pensadores da Igreja. Depois de ter sido tocado e educado pela m\u00e3e, Santo M\u00f4nica que rezava todos os dias. Talvez as nossas crian\u00e7as e adolescentes ao entrar na din\u00e2mica mission\u00e1ria, v\u00e3o seguindo Jesus, mas em determinado momento, depois de tanto anunciar Jesus, de repente percebam como \u00e9 extraordin\u00e1rio conhec\u00ea-Lo. Isso por que foram atingidos l\u00e1 dentro do cora\u00e7\u00e3o\u201d, destacou dom Leonardo em sua reflex\u00e3o.<\/p>\n<p style=\"text-align: justify\">Em nome da CNBB, dom Leonardo agradeceu aos coordenadores estaduais da IAM pelos servi\u00e7os prestados \u00e0 Igreja em todo o Brasil. \u201cOnde o trabalho da IAM acontece, as crian\u00e7as transformam o ambiente, s\u00e3o sinais, a comunidades se torna ativa. As crian\u00e7as s\u00e3o uma presen\u00e7a mais tranquila, de paz e fraternidade tamb\u00e9m no ambiente da escola\u201d, disse. \u201cNo servi\u00e7o que prestamos, Jesus vai abrindo os nossos olhos para percebermos cada vez mais, a grandeza dessa experi\u00eancia de estarmos numa rela\u00e7\u00e3o profunda com Ele e com a Trindade Santa. Nossas crian\u00e7as e adolescentes na experi\u00eancia que fazem de anunciar Jesus abrem os olhos para essa grandeza t\u00e3o estupenda de serem crist\u00e3os seguidores, disc\u00edpulos de Jesus e por isso, mission\u00e1rios\u201d, concluiu.<\/p>\n<p style=\"text-align: justify\">No restante da manh\u00e3 os participantes da Assembleia tiveram um momento de espiritualidade orientado Dom Eduardo Zielski, bispo de Campo Maior (PI) e referencial para a dimens\u00e3o mission\u00e1ria no estado do Piau\u00ed.<\/p>\n","protected":false},"excerpt":{"rendered":"<p>Os participantes da 17\u00aa Assembleia Nacional da Inf\u00e2ncia e Adolesc\u00eancia Mission\u00e1ria (IAM), que acontece sede das Pontif\u00edcias Obras Mission\u00e1rias (POM) em Bras\u00edlia (DF), iniciaram os trabalhos na manh\u00e3 desta sexta-feira, 7, com uma missa presidida por dom Leonardo Ulrich Steiner, Secret\u00e1rio Geral da CNBB e bispo auxiliar da Arquidiocese de Bras\u00edlia.<\/p>\n","protected":false},"author":83,"featured_media":9543,"comment_status":"open","ping_status":"open","sticky":false,"template":"","format":"standard","meta":{"site-sidebar-layout":"default","site-content-layout":"default","ast-global-header-display":"","ast-banner-title-visibility":"","ast-main-header-display":"","ast-hfb-above-header-display":"","ast-hfb-below-header-display":"","ast-hfb-mobile-header-display":"","site-post-title":"","ast-breadcrumbs-content":"","ast-featured-img":"","footer-sml-layout":"","theme-transparent-header-meta":"","adv-header-id-meta":"","stick-header-meta":"","header-above-stick-meta":"","header-main-stick-meta":"","header-below-stick-meta":""},"categories":[854,878],"tags":[],"acf":[],"_links":{"self":[{"href":"https:\/\/www.cnbb.org.br\/cnbb-app\/wp\/v2\/posts\/9542"}],"collection":[{"href":"https:\/\/www.cnbb.org.br\/cnbb-app\/wp\/v2\/posts"}],"about":[{"href":"https:\/\/www.cnbb.org.br\/cnbb-app\/wp\/v2\/types\/post"}],"author":[{"embeddable":true,"href":"https:\/\/www.cnbb.org.br\/cnbb-app\/wp\/v2\/users\/83"}],"replies":[{"embeddable":true,"href":"https:\/\/www.cnbb.org.br\/cnbb-app\/wp\/v2\/comments?post=9542"}],"version-history":[{"count":0,"href":"https:\/\/www.cnbb.org.br\/cnbb-app\/wp\/v2\/posts\/9542\/revisions"}],"wp:featuredmedia":[{"embeddable":true,"href":"https:\/\/www.cnbb.org.br\/cnbb-app\/wp\/v2\/media\/9543"}],"wp:attachment":[{"href":"https:\/\/www.cnbb.org.br\/cnbb-app\/wp\/v2\/media?parent=9542"}],"wp:term":[{"taxonomy":"category","embeddable":true,"href":"https:\/\/www.cnbb.org.br\/cnbb-app\/wp\/v2\/categories?post=9542"},{"taxonomy":"post_tag","embeddable":true,"href":"https:\/\/www.cnbb.org.br\/cnbb-app\/wp\/v2\/tags?post=9542"}],"curies":[{"name":"wp","href":"https:\/\/api.w.org\/{rel}","templated":true}]}}