{"id":954637,"date":"2023-11-08T08:01:36","date_gmt":"2023-11-08T11:01:36","guid":{"rendered":"https:\/\/www.cnbb.org.br\/?p=954637"},"modified":"2023-11-08T08:18:32","modified_gmt":"2023-11-08T11:18:32","slug":"dom-carlos-alberto-breis-pereira-arcebispo-coadjutor-maceio","status":"publish","type":"post","link":"https:\/\/www.cnbb.org.br\/dom-carlos-alberto-breis-pereira-arcebispo-coadjutor-maceio\/","title":{"rendered":"Dom Carlos Alberto Breis Pereira \u00e9 nomeado arcebispo coadjutor da Arquidiocese de Macei\u00f3"},"content":{"rendered":"<p style=\"text-align: justify;\">O Papa Francisco acolheu, nesta quarta-feira, 8 de novembro, o pedido do arcebispo de Macei\u00f3 (AL),\u00a0 dom Ant\u00f4nio Muniz Fernandes, para poder contar com a colabora\u00e7\u00e3o de um coadjutor. O eleito pelo Papa foi dom Carlos Alberto Breis Pereira, atualmente bispo da diocese de Juazeiro (BA). Dom Beto ser\u00e1 arcebispo coadjutor da arquidiocese de Macei\u00f3 e recebeu a sauda\u00e7\u00e3o da Presid\u00eancia da CNBB pela nova miss\u00e3o recebida.<\/p>\n<blockquote>\n<h3>Sauda\u00e7\u00e3o a Dom Carlos Alberto Breis Pereira<\/h3>\n<p>Estimado irm\u00e3o, dom Carlos Alberto Breis Pereira, OFM,<\/p>\n<p>Foi com alegria e satisfa\u00e7\u00e3o que recebemos a not\u00edcia de sua nomea\u00e7\u00e3o para o of\u00edcio de Arcebispo Coadjutor da Arquidiocese de Macei\u00f3, em Alagoas. Alegramo-nos com Dom Ant\u00f4nio Muniz Fernandes, OCarm que poder\u00e1 contar com esse apoio qualificado no pastoreio dessa por\u00e7\u00e3o do povo de Deus.<\/p>\n<p>Com nossos cumprimentos, receba essa reflex\u00e3o do Papa Francisco na enc\u00edclica Fratelli Tutti como votos de um frutuoso minist\u00e9rio em Macei\u00f3: &#8220;Como Maria, a M\u00e3e de Jesus, \u2018queremos ser uma Igreja que serve, que sai de casa, que sai dos seus templos, que sai das suas sacristias, para acompanhar a vida, sustentar a esperan\u00e7a, ser sinal de unidade (\u2026) para lan\u00e7ar pontes, abater muros, semear reconcilia\u00e7\u00e3o\u2019\u201d.<\/p>\n<p>Nossa Senhora dos Prazeres, seja guia e intercessora na nova miss\u00e3o.<\/p>\n<p>Em Cristo,<\/p>\n<p><strong>Dom Jaime Spengler<\/strong><br \/>\nArcebispo de Porto Alegre (RS)<br \/>\nPresidente da CNBB<\/p>\n<p><strong>Dom Jo\u00e3o Justino de Medeiros da Silva<\/strong><br \/>\nArcebispo de Goi\u00e2nia (GO)<br \/>\n1\u00ba Vice- Presidente da CNBB<\/p>\n<p><strong>Dom Paulo Jackson N\u00f3brega de Sousa<\/strong><br \/>\nArcebispo de Olinda e Recife (PE)<br \/>\n2\u00ba Vice-Presidente da CNBB<\/p>\n<p><strong>Dom Ricardo Hoepers<\/strong><br \/>\nBispo Auxiliar da Arquidiocese de Bras\u00edlia (DF)<br \/>\nSecret\u00e1rio-Geral da CNBB<\/p><\/blockquote>\n<h3 style=\"text-align: justify;\">Informa\u00e7\u00f5es biogr\u00e1ficas<\/h3>\n<p style=\"text-align: justify;\">Catarinense de S\u00e3o Francisco do Sul, dom Beto nasceu em 16 de setembro de 1965 e \u00e9 frade menor franciscano desde a d\u00e9cada de 1980. Ele ingressou na Prov\u00edncia Franciscana da Imaculada Concei\u00e7\u00e3o e fez o noviciado. Depois, se transferiu para a Prov\u00edncia de Santo Ant\u00f4nio do Brasil, no Nordeste, onde emitiu a profiss\u00e3o religiosa como Frade Menor Franciscano em 10 de janeiro de 1987 e foi ordenado sacerdote em 20 de agosto de 1994.<\/p>\n<p style=\"text-align: justify;\">Os estudos de Filosofia foram realizados no Instituto de Teologia do Recife (Iter), entre 1988 e 1989. E a Teologia foi cursada no Instituto Franciscano de Teologia de Olinda (IFTO), de 1990-1993. Dom Beto licenciou-se, ainda, em Teologia Espiritual na <em>Pontif\u00edcia Universidade Antonianum<\/em> de Roma entre 2005 e 2007.<\/p>\n<p style=\"text-align: justify;\">No \u00e2mbito da sua ordem religiosa, desempenhou diversas fun\u00e7\u00f5es, como mestre dos professores tempor\u00e1rios; secret\u00e1rio provincial da forma\u00e7\u00e3o e estudos; guardi\u00e3o e definidor provincial; vig\u00e1rio provincial; moderador da forma\u00e7\u00e3o permanente; coordenador do servi\u00e7o de forma\u00e7\u00e3o da Confer\u00eancia dos Frades Menores no Brasil; e ministro provincial da Prov\u00edncia de \u201cSanto Ant\u00f4nio\u201d, com sede em Recife. Tamb\u00e9m desempenhou a fun\u00e7\u00e3o de p\u00e1roco durante o minist\u00e9rio presbiteral.<\/p>\n<p style=\"text-align: justify;\">Em fevereiro de 2016, foi nomeado bispo coadjutor de Juazeiro (BA). Em 7 de setembro do mesmo ano, tomou posse como o quarto bispo da diocese. No quadri\u00eanio de 2019 a 2023, foi membro da Comiss\u00e3o para a Doutrina da F\u00e9 da CNBB e vice-presidente do Regional Nordeste 3 da Confer\u00eancia. Neste ano, foi eleito presidente do Regional.<\/p>\n","protected":false},"excerpt":{"rendered":"<p>O Papa Francisco acolheu, nesta quarta-feira, 8 de novembro, o pedido do arcebispo de Macei\u00f3 (AL),\u00a0 dom Ant\u00f4nio Muniz Fernandes, para poder contar com a colabora\u00e7\u00e3o de um coadjutor. O eleito pelo Papa foi dom Carlos Alberto Breis Pereira, atualmente bispo da diocese de Juazeiro (BA). Dom Beto ser\u00e1 arcebispo coadjutor da arquidiocese de Macei\u00f3 e recebeu a sauda\u00e7\u00e3o da Presid\u00eancia da CNBB pela nova miss\u00e3o recebida<\/p>\n","protected":false},"author":38,"featured_media":954654,"comment_status":"closed","ping_status":"closed","sticky":false,"template":"","format":"standard","meta":{"site-sidebar-layout":"default","site-content-layout":"default","ast-global-header-display":"","ast-banner-title-visibility":"","ast-main-header-display":"","ast-hfb-above-header-display":"","ast-hfb-below-header-display":"","ast-hfb-mobile-header-display":"","site-post-title":"","ast-breadcrumbs-content":"","ast-featured-img":"","footer-sml-layout":"","theme-transparent-header-meta":"default","adv-header-id-meta":"","stick-header-meta":"","header-above-stick-meta":"","header-main-stick-meta":"","header-below-stick-meta":""},"categories":[50,872],"tags":[1584,1314,5287],"acf":[],"_links":{"self":[{"href":"https:\/\/www.cnbb.org.br\/cnbb-app\/wp\/v2\/posts\/954637"}],"collection":[{"href":"https:\/\/www.cnbb.org.br\/cnbb-app\/wp\/v2\/posts"}],"about":[{"href":"https:\/\/www.cnbb.org.br\/cnbb-app\/wp\/v2\/types\/post"}],"author":[{"embeddable":true,"href":"https:\/\/www.cnbb.org.br\/cnbb-app\/wp\/v2\/users\/38"}],"replies":[{"embeddable":true,"href":"https:\/\/www.cnbb.org.br\/cnbb-app\/wp\/v2\/comments?post=954637"}],"version-history":[{"count":5,"href":"https:\/\/www.cnbb.org.br\/cnbb-app\/wp\/v2\/posts\/954637\/revisions"}],"predecessor-version":[{"id":954655,"href":"https:\/\/www.cnbb.org.br\/cnbb-app\/wp\/v2\/posts\/954637\/revisions\/954655"}],"wp:featuredmedia":[{"embeddable":true,"href":"https:\/\/www.cnbb.org.br\/cnbb-app\/wp\/v2\/media\/954654"}],"wp:attachment":[{"href":"https:\/\/www.cnbb.org.br\/cnbb-app\/wp\/v2\/media?parent=954637"}],"wp:term":[{"taxonomy":"category","embeddable":true,"href":"https:\/\/www.cnbb.org.br\/cnbb-app\/wp\/v2\/categories?post=954637"},{"taxonomy":"post_tag","embeddable":true,"href":"https:\/\/www.cnbb.org.br\/cnbb-app\/wp\/v2\/tags?post=954637"}],"curies":[{"name":"wp","href":"https:\/\/api.w.org\/{rel}","templated":true}]}}