{"id":954706,"date":"2023-11-07T10:49:22","date_gmt":"2023-11-07T13:49:22","guid":{"rendered":"https:\/\/www.cnbb.org.br\/?p=954706"},"modified":"2023-11-08T14:50:21","modified_gmt":"2023-11-08T17:50:21","slug":"experiencia-no-sinodo-dos-bispos-foi-partilhada-por-dom-sergio-e-dom-dirceu","status":"publish","type":"post","link":"https:\/\/www.cnbb.org.br\/experiencia-no-sinodo-dos-bispos-foi-partilhada-por-dom-sergio-e-dom-dirceu\/","title":{"rendered":"Experi\u00eancia no S\u00ednodo dos Bispos foi partilhada por dom Sergio e dom Dirceu"},"content":{"rendered":"<p style=\"text-align: justify;\">Os assuntos abordados no S\u00ednodo dos Bispos, realizado no m\u00eas de outubro, em Roma, foram destacados na manh\u00e3 de hoje (7), durante a Assembleia do Conselho Regional (CONSER), pelo arcebispo de S\u00e3o Salvador da Bahia e Primaz do Brasil, Cardeal Sergio da Rocha, e pelo bispo da diocese de Cama\u00e7ari, dom Dirceu de Oliveira Medeiros. Os prelados estiveram entre os bispos brasileiros no S\u00ednodo, momento que foi marcante na hist\u00f3ria da Igreja.<\/p>\n<p style=\"text-align: justify;\">\u201cN\u00f3s estamos no meio de uma etapa do S\u00ednodo, na primeira sess\u00e3o. Temos que lembrar sempre que n\u00e3o h\u00e1 um documento final, h\u00e1 um relat\u00f3rio de s\u00edntese; e esta s\u00edntese, tudo indica que n\u00e3o ser\u00e1 utilizada como Instrumentum laboris. Est\u00e1 se preparando algo mais simplificado, um texto mais resumido, porque a inten\u00e7\u00e3o \u00e9 voltar a se discutir sobre os temas nas dioceses, ou ao menos nas Confer\u00eancias Episcopais, ou se poss\u00edvel nas Confer\u00eancias Continentais, e assim por diante\u201d, disse o Cardeal.<\/p>\n<p style=\"text-align: justify;\">Segundo ele, o texto da s\u00edntese servir\u00e1 de refer\u00eancia e na comunh\u00e3o eclesial ser\u00e1 acolhido o que est\u00e1 sendo proposto, uma vez que \u00e9 fruto n\u00e3o s\u00f3 do trabalho que est\u00e1 sendo realizado nessa sess\u00e3o da Assembleia Sinodal, mas de todo o caminho percorrido. \u201cN\u00e3o foi poss\u00edvel acolher os temas todos que foram enviados por todos os pa\u00edses, mas se procurou acolher o m\u00e1ximo\u201d, afirmou Dom Sergio.<\/p>\n<p style=\"text-align: justify;\">Do Brasil, oito bispos estiveram presentes, sendo cinco delegados da Confer\u00eancia Episcopal, entre eles dom Dirceu. J\u00e1 dom Sergio esteve com membro do Conselho do S\u00ednodo; dom Jaime Spengler esteve como membro do Conselho Episcopal Latino-americano (CELAM); e o cardeal Jo\u00e3o Braz de Aviz, como prefeito do Dicast\u00e9rio para os Institutos de Vida Consagrada e as Sociedades de Vida Apost\u00f3lica. Tamb\u00e9m estiveram presentes, do Brasil, tr\u00eas padres e duas leigas.<\/p>\n<p>&nbsp;<\/p>\n<p>Confira a <a href=\"https:\/\/cnbbne3.org.br\/experiencia-no-sinodo-dos-bispos-foi-partilhada-por-dom-sergio-e-dom-dirceu\/\" target=\"_blank\" rel=\"noopener\">not\u00edcia completa no site do regional Nordeste 3<\/a>.<\/p>\n","protected":false},"excerpt":{"rendered":"<p>Os assuntos abordados no S\u00ednodo dos Bispos, realizado no m\u00eas de outubro, em Roma, foram destacados na manh\u00e3 de hoje (7), durante a Assembleia do Conselho Regional (CONSER), pelo arcebispo de S\u00e3o Salvador da Bahia e Primaz do Brasil, Cardeal Sergio da Rocha, e pelo bispo da diocese de Cama\u00e7ari, dom Dirceu de Oliveira Medeiros. &hellip;<\/p>\n<p class=\"read-more\"> <a class=\"\" href=\"https:\/\/www.cnbb.org.br\/experiencia-no-sinodo-dos-bispos-foi-partilhada-por-dom-sergio-e-dom-dirceu\/\"> <span class=\"screen-reader-text\">Experi\u00eancia no S\u00ednodo dos Bispos foi partilhada por dom Sergio e dom Dirceu<\/span> Leia mais &raquo;<\/a><\/p>\n","protected":false},"author":141,"featured_media":954709,"comment_status":"closed","ping_status":"closed","sticky":false,"template":"","format":"standard","meta":{"site-sidebar-layout":"default","site-content-layout":"default","ast-global-header-display":"","ast-banner-title-visibility":"","ast-main-header-display":"","ast-hfb-above-header-display":"","ast-hfb-below-header-display":"","ast-hfb-mobile-header-display":"","site-post-title":"","ast-breadcrumbs-content":"","ast-featured-img":"","footer-sml-layout":"","theme-transparent-header-meta":"default","adv-header-id-meta":"","stick-header-meta":"","header-above-stick-meta":"","header-main-stick-meta":"","header-below-stick-meta":""},"categories":[1],"tags":[],"acf":[],"_links":{"self":[{"href":"https:\/\/www.cnbb.org.br\/cnbb-app\/wp\/v2\/posts\/954706"}],"collection":[{"href":"https:\/\/www.cnbb.org.br\/cnbb-app\/wp\/v2\/posts"}],"about":[{"href":"https:\/\/www.cnbb.org.br\/cnbb-app\/wp\/v2\/types\/post"}],"author":[{"embeddable":true,"href":"https:\/\/www.cnbb.org.br\/cnbb-app\/wp\/v2\/users\/141"}],"replies":[{"embeddable":true,"href":"https:\/\/www.cnbb.org.br\/cnbb-app\/wp\/v2\/comments?post=954706"}],"version-history":[{"count":3,"href":"https:\/\/www.cnbb.org.br\/cnbb-app\/wp\/v2\/posts\/954706\/revisions"}],"predecessor-version":[{"id":954710,"href":"https:\/\/www.cnbb.org.br\/cnbb-app\/wp\/v2\/posts\/954706\/revisions\/954710"}],"wp:featuredmedia":[{"embeddable":true,"href":"https:\/\/www.cnbb.org.br\/cnbb-app\/wp\/v2\/media\/954709"}],"wp:attachment":[{"href":"https:\/\/www.cnbb.org.br\/cnbb-app\/wp\/v2\/media?parent=954706"}],"wp:term":[{"taxonomy":"category","embeddable":true,"href":"https:\/\/www.cnbb.org.br\/cnbb-app\/wp\/v2\/categories?post=954706"},{"taxonomy":"post_tag","embeddable":true,"href":"https:\/\/www.cnbb.org.br\/cnbb-app\/wp\/v2\/tags?post=954706"}],"curies":[{"name":"wp","href":"https:\/\/api.w.org\/{rel}","templated":true}]}}