{"id":954948,"date":"2023-11-16T13:58:52","date_gmt":"2023-11-16T16:58:52","guid":{"rendered":"https:\/\/www.cnbb.org.br\/?p=954948"},"modified":"2023-11-16T13:59:41","modified_gmt":"2023-11-16T16:59:41","slug":"nao-desvies-o-rosto-de-nenhum-pobre","status":"publish","type":"post","link":"https:\/\/www.cnbb.org.br\/nao-desvies-o-rosto-de-nenhum-pobre\/","title":{"rendered":"N\u00e3o desvies o rosto de nenhum pobre"},"content":{"rendered":"<p style=\"text-align: right;\"><strong>\u00a0Dom Alberto Taveira Corr\u00eaa\u00a0<\/strong><br \/>\n<strong>Arcebispo de Bel\u00e9m do Par\u00e1 (PA)<\/strong><\/p>\n<p>&nbsp;<\/p>\n<p style=\"text-align: justify;\"><span data-contrast=\"auto\">O magn\u00edfico texto do Livro de Tobias traz um verdadeiro testamento do pai Tobit, dirigido ao filho Tobias, de onde, em feliz inspira\u00e7\u00e3o, o Papa extraiu o t\u00edtulo do S\u00e9timo Dia Mundial dos Pobres, celebrado no pen\u00faltimo domingo do Ano Lit\u00fargico, abrindo nossos cora\u00e7\u00f5es para a verdadeira vigil\u00e2ncia, tema deste per\u00edodo lit\u00fargico, preparando-nos para o compromisso a ser assumido de novo, na Solenidade de Cristo Rei, de acolhermos e ao mesmo tempo construirmos o Reino de Deus. Eis as palavras da Escritura: \u201cEm todos os teus dias, filho, tem o Senhor na tua mente, e n\u00e3o consintas em pecar, nem em transgredir os seus mandamentos. Pratica a justi\u00e7a todos os dias de tua vida e n\u00e3o sigas os caminhos da iniquidade. De fato, se praticares a verdade ser\u00e1s bem-sucedido em teus empreendimentos, como o ser\u00e3o todos os que praticam a justi\u00e7a. Dos teus bens, filho, d\u00e1 esmola, e n\u00e3o desvies o rosto de nenhum pobre, para que de ti n\u00e3o se desvie a face de Deus. Segundo o que tiveres, conforme a import\u00e2ncia dos teus bens, d\u00e1 a esmola. Se tiveres pouco, n\u00e3o receies dar a esmola desse pouco. Assim garantes, para ti, um pr\u00eamio valioso no dia do infort\u00fanio. Pois a esmola livra da morte e n\u00e3o deixa ir para as trevas\u201d (Tb 4,5-10). Aqui est\u00e1 o convite do Papa: \u201cNo domingo que antecede a festa de Jesus Cristo, Rei do Universo, reunimo-nos ao redor da sua Mesa para voltar a receber dele o dom e o compromisso de viver a pobreza e servir os pobres\u201d.\u00a0<\/span><span data-ccp-props=\"{&quot;201341983&quot;:0,&quot;335551550&quot;:6,&quot;335551620&quot;:6,&quot;335559731&quot;:708,&quot;335559737&quot;:-1,&quot;335559739&quot;:160,&quot;335559740&quot;:276}\">\u00a0<\/span><\/p>\n<p style=\"text-align: justify;\"><span data-contrast=\"auto\">Durante v\u00e1rios meses, nossa Arquidiocese tem se preparado para viver esta Jornada convocada pelo Santo Padre, e agora n\u00f3s a celebramos com intensidade, buscando conhecer o que fazemos juntos para servir concretamente os pobres, revisar as nossas falhas, olhar para frente e comprometermo-nos mais ainda com a caridade, a \u00fanica riqueza que haveremos de levar, quando chegar o dia de nossa P\u00e1scoa pessoal na morte.<\/span><span data-ccp-props=\"{&quot;201341983&quot;:0,&quot;335551550&quot;:6,&quot;335551620&quot;:6,&quot;335559731&quot;:708,&quot;335559737&quot;:-1,&quot;335559739&quot;:160,&quot;335559740&quot;:276}\">\u00a0<\/span><\/p>\n<p style=\"text-align: justify;\"><span data-contrast=\"auto\">H\u00e1 que assumir o compromisso de viver a pobreza. Este \u00e9 um apelo do Evangelho para todos, pobres, remediados, ricos ou muito ricos, de todas as profiss\u00f5es, idades e estados de vida. Trata-se de um Conselho Evang\u00e9lico (Cf. Lc 14,25-35), n\u00e3o no sentido de uma piedosa recomenda\u00e7\u00e3o, mas um chamado e exig\u00eancia que o Senhor dirigiu \u00e0s multid\u00f5es, a todos! Devemos aprender com o pr\u00f3prio Deus. Deus \u00e9 pobre, porque tem tudo e d\u00e1 tudo! Deus \u00e9 amor, e o amor \u00e9 livre, paciente, criativo, pensa nos outros, despoja-se de si. O grande gesto de pobreza foi dar o seu Filho \u00danico, que se fez pobre, sem apegar-se \u00e0 sua igualdade com Deus, tornando-se escravo, obediente at\u00e9 a morte, e morte de Cruz.<\/span><span data-ccp-props=\"{&quot;201341983&quot;:0,&quot;335551550&quot;:6,&quot;335551620&quot;:6,&quot;335559731&quot;:708,&quot;335559737&quot;:-1,&quot;335559739&quot;:160,&quot;335559740&quot;:276}\">\u00a0<\/span><\/p>\n<p style=\"text-align: justify;\"><span data-contrast=\"auto\">Mas podemos fazer a pergunta a qualquer pessoa, e at\u00e9 ser os pr\u00f3prios interlocutores, sobre a forma de praticar a virtude da pobreza. Desapego \u00e9 a primeira palavra. Saber utilizar os bens, mas n\u00e3o viver para os bens. E l\u00e1 mesmo, perto de n\u00f3s, at\u00e9 com bolsos vazios, d\u00e1 para ser mais pobres segundo o Evangelho superando o sonho de consumo, que pode at\u00e9 fazer repletos os \u00faltimos dias de novembro, com liquida\u00e7\u00f5es, muitas vezes enganadoras, at\u00e9 com nome em outra l\u00edngua, para ficar mais atraente. O rico ou o pobre pode praticar a virtude da pobreza revendo seus arm\u00e1rios, gavetas, bolsos e contas banc\u00e1rias, para doar do seu sup\u00e9rfluo e at\u00e9 do seu necess\u00e1rio, lan\u00e7ando-se confiantes nos bra\u00e7os e no cora\u00e7\u00e3o da Provid\u00eancia!<\/span><span data-ccp-props=\"{&quot;201341983&quot;:0,&quot;335551550&quot;:6,&quot;335551620&quot;:6,&quot;335559731&quot;:708,&quot;335559737&quot;:-1,&quot;335559739&quot;:160,&quot;335559740&quot;:276}\">\u00a0<\/span><\/p>\n<p style=\"text-align: justify;\"><span data-contrast=\"auto\">Para ampliar estes gestos, o Papa recorda Santa Teresinha do Menino Jesus: \u201cCompreendo agora que a caridade perfeita consiste em suportar os defeitos dos outros, em n\u00e3o se escandalizar com as suas fraquezas, em edificar-se com os menores atos de virtude que se lhes vir praticar; mas compreendi, sobretudo, que a caridade n\u00e3o deve ficar encerrada no fundo do cora\u00e7\u00e3o: \u2018Ningu\u00e9m acende uma l\u00e2mpada para a colocar debaixo do alqueire, mas coloca-a sobre o candelabro para alumiar todos os que est\u00e3o em casa\u2019. Creio que essa luz representa a caridade, que deve iluminar e alegrar, n\u00e3o s\u00f3 os que s\u00e3o mais queridos, mas todos aqueles que est\u00e3o na casa, sem exce\u00e7\u00f5es\u201d (Hist\u00f3ria de uma alma, Ed. Avessadas 2005, 255-256). A esta luz, vale uma recomenda\u00e7\u00e3o para o Dia Mundial dos Pobres: cada crist\u00e3o cat\u00f3lico encontre e ponha em pr\u00e1tica o compromisso de fazer semanalmente um gesto concreto e espont\u00e2neo de servi\u00e7o ao pr\u00f3ximo. Pode ser a visita aos doentes e hospitais, a exigente visita aos pres\u00eddios, a doa\u00e7\u00e3o de alimento ou dinheiro aos mais pobres, ou ir \u00e0 procura de algu\u00e9m do qual se virou o rosto para outro lado, e da\u00ed por diante! Olhar ao nosso redor, para que ningu\u00e9m passe em v\u00e3o ao nosso lado! \u00c9 um passo poss\u00edvel e acess\u00edvel a todos.<\/span><span data-ccp-props=\"{&quot;201341983&quot;:0,&quot;335551550&quot;:6,&quot;335551620&quot;:6,&quot;335559731&quot;:708,&quot;335559737&quot;:-1,&quot;335559739&quot;:160,&quot;335559740&quot;:276}\">\u00a0<\/span><\/p>\n<p style=\"text-align: justify;\"><span data-contrast=\"auto\">Viver o Dia Mundial dos Pobres significa ainda conhecer e comprometer-se com as iniciativas da Igreja no servi\u00e7o social e na promo\u00e7\u00e3o humana. Estamos trabalhando seriamente para que cada Par\u00f3quia da Arquidiocese tenha seu N\u00facleo da C\u00e1ritas Arquidiocesana, aos quais cabe a organiza\u00e7\u00e3o da caridade em cada \u00e1rea. E, pouco a pouco, a s\u00edntese do Minist\u00e9rio dos Di\u00e1conos Permanentes vai se tornando a caridade e o servi\u00e7o dos pobres, para que sejam eles guardi\u00e3es a nos recordarem continuamente esta voca\u00e7\u00e3o da Igreja. S\u00e3o muitas as Obras Sociais e de servi\u00e7o a serem conhecidas e com elas se comprometam os crist\u00e3os, com aten\u00e7\u00e3o aos moradores de rua, toxicodependentes, crian\u00e7as. E o quanto a Igreja tem feito atrav\u00e9s das Escolas Cat\u00f3licas em todos os n\u00edveis! E ser\u00e1 que todos conhecem as Comunidades Religiosas inseridas nas \u00e1reas mais pobres de nossa Arquidiocese, animando as Comunidades Eclesiais Mission\u00e1rias e as Comunidades Eclesiais de Base?<\/span><span data-ccp-props=\"{&quot;201341983&quot;:0,&quot;335551550&quot;:6,&quot;335551620&quot;:6,&quot;335559731&quot;:708,&quot;335559737&quot;:-1,&quot;335559739&quot;:160,&quot;335559740&quot;:276}\">\u00a0<\/span><\/p>\n<p style=\"text-align: justify;\"><span data-contrast=\"auto\">Com a palavra o Papa Francisco: \u201cQue a nossa solicitude pelos pobres seja sempre marcada pelo realismo evang\u00e9lico. A partilha deve corresponder \u00e0s necessidades concretas do outro, e n\u00e3o ao sup\u00e9rfluo de que me quero libertar. Aqui \u00e9 preciso discernimento, sob a guia do Esp\u00edrito Santo, para distinguir as verdadeiras exig\u00eancias dos irm\u00e3os do que constitui as nossas aspira\u00e7\u00f5es. Aquilo de que t\u00eam urgente necessidade \u00e9 da nossa humanidade, do nosso cora\u00e7\u00e3o aberto ao amor. N\u00e3o esque\u00e7amos: \u2018Somos chamados a descobrir Cristo neles: n\u00e3o s\u00f3 a emprestar-lhes a nossa voz nas suas causas, mas tamb\u00e9m a ser seus amigos, a escut\u00e1-los, a compreend\u00ea-los e a acolher a misteriosa sabedoria que Deus nos quer comunicar atrav\u00e9s deles\u2019 (Evangelii gaudium, 198). A f\u00e9 ensina-nos que todo o pobre \u00e9 filho de Deus e que, nele ou nela, est\u00e1 presente Cristo: \u2018Todas as vezes que fizestes isso a um destes meus irm\u00e3os mais pequeninos, foi a mim que o fizestes!\u2019 (Mt 25, 40 &#8211; Cf. Mensagem para o Dia Mundial dos Pobres, 9).<\/span><span data-ccp-props=\"{&quot;201341983&quot;:0,&quot;335551550&quot;:6,&quot;335551620&quot;:6,&quot;335559731&quot;:708,&quot;335559737&quot;:-1,&quot;335559739&quot;:160,&quot;335559740&quot;:276}\">\u00a0<\/span><\/p>\n","protected":false},"excerpt":{"rendered":"<p>\u00a0Dom Alberto Taveira Corr\u00eaa\u00a0 Arcebispo de Bel\u00e9m do Par\u00e1 (PA) &nbsp; O magn\u00edfico texto do Livro de Tobias traz um verdadeiro testamento do pai Tobit, dirigido ao filho Tobias, de onde, em feliz inspira\u00e7\u00e3o, o Papa extraiu o t\u00edtulo do S\u00e9timo Dia Mundial dos Pobres, celebrado no pen\u00faltimo domingo do Ano Lit\u00fargico, abrindo nossos cora\u00e7\u00f5es &hellip;<\/p>\n<p class=\"read-more\"> <a class=\"\" href=\"https:\/\/www.cnbb.org.br\/nao-desvies-o-rosto-de-nenhum-pobre\/\"> <span class=\"screen-reader-text\">N\u00e3o desvies o rosto de nenhum pobre<\/span> Leia mais &raquo;<\/a><\/p>\n","protected":false},"author":21,"featured_media":0,"comment_status":"closed","ping_status":"closed","sticky":false,"template":"","format":"standard","meta":{"site-sidebar-layout":"default","site-content-layout":"default","ast-global-header-display":"","ast-banner-title-visibility":"","ast-main-header-display":"","ast-hfb-above-header-display":"","ast-hfb-below-header-display":"","ast-hfb-mobile-header-display":"","site-post-title":"","ast-breadcrumbs-content":"","ast-featured-img":"","footer-sml-layout":"","theme-transparent-header-meta":"default","adv-header-id-meta":"","stick-header-meta":"","header-above-stick-meta":"","header-main-stick-meta":"","header-below-stick-meta":""},"categories":[758],"tags":[],"acf":[],"_links":{"self":[{"href":"https:\/\/www.cnbb.org.br\/cnbb-app\/wp\/v2\/posts\/954948"}],"collection":[{"href":"https:\/\/www.cnbb.org.br\/cnbb-app\/wp\/v2\/posts"}],"about":[{"href":"https:\/\/www.cnbb.org.br\/cnbb-app\/wp\/v2\/types\/post"}],"author":[{"embeddable":true,"href":"https:\/\/www.cnbb.org.br\/cnbb-app\/wp\/v2\/users\/21"}],"replies":[{"embeddable":true,"href":"https:\/\/www.cnbb.org.br\/cnbb-app\/wp\/v2\/comments?post=954948"}],"version-history":[{"count":2,"href":"https:\/\/www.cnbb.org.br\/cnbb-app\/wp\/v2\/posts\/954948\/revisions"}],"predecessor-version":[{"id":954950,"href":"https:\/\/www.cnbb.org.br\/cnbb-app\/wp\/v2\/posts\/954948\/revisions\/954950"}],"wp:attachment":[{"href":"https:\/\/www.cnbb.org.br\/cnbb-app\/wp\/v2\/media?parent=954948"}],"wp:term":[{"taxonomy":"category","embeddable":true,"href":"https:\/\/www.cnbb.org.br\/cnbb-app\/wp\/v2\/categories?post=954948"},{"taxonomy":"post_tag","embeddable":true,"href":"https:\/\/www.cnbb.org.br\/cnbb-app\/wp\/v2\/tags?post=954948"}],"curies":[{"name":"wp","href":"https:\/\/api.w.org\/{rel}","templated":true}]}}