{"id":954954,"date":"2023-11-16T15:01:39","date_gmt":"2023-11-16T18:01:39","guid":{"rendered":"https:\/\/www.cnbb.org.br\/?p=954954"},"modified":"2023-11-16T15:03:33","modified_gmt":"2023-11-16T18:03:33","slug":"chamada-a-santidade-no-mundo-atual-2","status":"publish","type":"post","link":"https:\/\/www.cnbb.org.br\/chamada-a-santidade-no-mundo-atual-2\/","title":{"rendered":"Chamada \u00e0 santidade no mundo atual"},"content":{"rendered":"<p style=\"text-align: right;\"><strong> Dom Alo\u00edsio Alberto Dilli<br \/>\nBispo de Santa Cruz do Sul (RS)<\/strong><\/p>\n<p>&nbsp;<\/p>\n<p style=\"text-align: justify;\"><span data-contrast=\"auto\">Caros diocesanos. Na mensagem anterior j\u00e1 refletimos sobre o chamado de todos os crist\u00e3os \u00e0 santidade, a partir do batismo. Em 2018, o Papa Francisco emitiu documento sobre o tema, com o t\u00edtulo: \u201c<\/span><i><span data-contrast=\"auto\">Gaudete et Exsultate\u201d &#8211;\u00a0 Chamada \u00e0 Santidade no Mundo Atual<\/span><\/i><span data-contrast=\"auto\">.<\/span><span data-ccp-props=\"{&quot;201341983&quot;:0,&quot;335551550&quot;:6,&quot;335551620&quot;:6,&quot;335559731&quot;:708,&quot;335559739&quot;:0,&quot;335559740&quot;:240}\">\u00a0<\/span><\/p>\n<p style=\"text-align: justify;\"><span data-contrast=\"auto\">Nos cap\u00edtulos iniciais do documento papal percebemos que a santidade deve acontecer em nossa vida di\u00e1ria, \u201c<\/span><i><span data-contrast=\"auto\">ao p\u00e9 da porta<\/span><\/i><span data-contrast=\"auto\">\u201d e passo a passo. O Santa Padre advertiu-nos sobre dois inimigos atuais da santidade: o <\/span><i><span data-contrast=\"auto\">gnosticismo<\/span><\/i><span data-contrast=\"auto\"> e o <\/span><i><span data-contrast=\"auto\">pelagianismo<\/span><\/i><span data-contrast=\"auto\">. O primeiro coloca o conhecimento acima da caridade; o segundo, a vontade e o esfor\u00e7o acima da gra\u00e7a. Vimos tamb\u00e9m como o Papa explica com simplicidade o que \u00e9 ser santo\/a, a partir das Bem-aventuran\u00e7as do Evangelho (cf. Mt 5,3-12). Finalmente, Francisco coloca algumas caracter\u00edsticas ou tra\u00e7os espirituais da santidade no mundo atual; na verdade s\u00e3o cinco manifesta\u00e7\u00f5es do amor a Deus e ao pr\u00f3ximo, que hoje desejamos destacar:<\/span><span data-ccp-props=\"{&quot;201341983&quot;:0,&quot;335551550&quot;:6,&quot;335551620&quot;:6,&quot;335559731&quot;:360,&quot;335559739&quot;:0,&quot;335559740&quot;:240}\">\u00a0<\/span><\/p>\n<p style=\"text-align: justify;\"><b><span data-contrast=\"auto\">Suporta\u00e7\u00e3o, Paci\u00eancia e Mansid\u00e3o<\/span><\/b><span data-contrast=\"auto\">: Permanecer firme em Deus, que ama e sustenta para aguentar, suportar as contrariedades e defeitos dos outros. Estamos num mundo acelerado, ansioso e agressivo que exige testemunho de paci\u00eancia e const\u00e2ncia no bem (cf. <\/span><i><span data-contrast=\"auto\">Gaudete et Exsultate<\/span><\/i><span data-contrast=\"auto\"> = GE 112). A gra\u00e7a torna poss\u00edvel a mansid\u00e3o do cora\u00e7\u00e3o que suporta at\u00e9 as humilha\u00e7\u00f5es. O santo evita a viol\u00eancia e n\u00e3o gasta suas energias lamentando-se dos erros alheios (cf. GE 116 e 118).<\/span><span data-ccp-props=\"{&quot;201341983&quot;:0,&quot;335551550&quot;:6,&quot;335551620&quot;:6,&quot;335559739&quot;:0,&quot;335559740&quot;:240}\">\u00a0<\/span><\/p>\n<p style=\"text-align: justify;\"><b><span data-contrast=\"auto\">Alegria e Sentido de Humor<\/span><\/b><span data-contrast=\"auto\">: O santo\/a \u00e9 capaz de viver com alegria e sentido de humor; ilumina os outros com esp\u00edrito positivo e de esperan\u00e7a. A consequ\u00eancia da caridade \u00e9 a alegria. O tempo de Jesus \u00e9 anunciado como de alegria; Maria se alegra na Anuncia\u00e7\u00e3o; os disc\u00edpulos se alegram na presen\u00e7a do Senhor (cf. GE122 e 124). Mesmo em momentos de cruz, a alegria sobrenatural n\u00e3o \u00e9 destru\u00edda. Afirma o Papa Francisco: \u201c<\/span><i><span data-contrast=\"auto\">O mau humor n\u00e3o \u00e9 sinal de santidade<\/span><\/i><span data-contrast=\"auto\">\u201d (GE 126).<\/span><span data-ccp-props=\"{&quot;201341983&quot;:0,&quot;335551550&quot;:6,&quot;335551620&quot;:6,&quot;335559739&quot;:0,&quot;335559740&quot;:240}\">\u00a0<\/span><\/p>\n<p style=\"text-align: justify;\"><b><span data-contrast=\"auto\">Ousadia e Ardor<\/span><\/b><span data-contrast=\"auto\">: A santidade \u00e9 ousadia e entusiasmo que gasta a vida para evangelizar. Faz partir e servir com atitude de coragem, na for\u00e7a do Esp\u00edrito (cf. GE 129). Afirma Francisco: \u201c<\/span><i><span data-contrast=\"auto\">A Igreja n\u00e3o precisa de muitos burocratas, mas de mission\u00e1rios apaixonados, devorados pelo entusiasmo de comunicar a verdadeira vida. Os santos surpreendem, desinstalam, porque a sua vida nos chama a sair da mediocridade tranquila e anestesiadora<\/span><\/i><span data-contrast=\"auto\">\u201d (GE 138).<\/span><span data-ccp-props=\"{&quot;201341983&quot;:0,&quot;335551550&quot;:6,&quot;335551620&quot;:6,&quot;335559739&quot;:0,&quot;335559740&quot;:240}\">\u00a0<\/span><\/p>\n<p style=\"text-align: justify;\"><b><span data-contrast=\"auto\">Em Comunidade<\/span><\/b><span data-contrast=\"auto\">: A santifica\u00e7\u00e3o \u00e9 um caminho comunit\u00e1rio. Isso nos mostram tantos testemunhos da hist\u00f3ria, pois trabalhar com os outros \u00e9, sem d\u00favida, um caminho de crescimento espiritual e evita sucumbirmos nas tenta\u00e7\u00f5es do dem\u00f4nio e do mundo ego\u00edsta (cf. GE 140-141). Na comunidade, onde uns cuidam dos outros no esp\u00edrito do amor, se faz a experi\u00eancia da presen\u00e7a do Ressuscitado (cf. GE 145).<\/span><span data-ccp-props=\"{&quot;201341983&quot;:0,&quot;335551550&quot;:6,&quot;335551620&quot;:6,&quot;335559739&quot;:0,&quot;335559740&quot;:240}\">\u00a0<\/span><\/p>\n<p style=\"text-align: justify;\"><b><span data-contrast=\"auto\">Em Ora\u00e7\u00e3o Constante<\/span><\/b><span data-contrast=\"auto\">: A santidade \u00e9 feita na abertura habitual \u00e0 transcend\u00eancia, atrav\u00e9s da ora\u00e7\u00e3o e da adora\u00e7\u00e3o. O santo\/a tem necessidade de se comunicar com Deus: o faz na solid\u00e3o com Ele; deseja andar sempre na sua presen\u00e7a, mesmo em meio \u00e0s atividades, pois sabe que sozinho nada consegue (cf. GE 147-149 e 154).\u00a0<\/span><span data-ccp-props=\"{&quot;201341983&quot;:0,&quot;335551550&quot;:6,&quot;335551620&quot;:6,&quot;335559739&quot;:0,&quot;335559740&quot;:240}\">\u00a0<\/span><\/p>\n<p style=\"text-align: justify;\"><b><span data-contrast=\"auto\">Luta, Vigil\u00e2ncia e Discernimento<\/span><\/b><span data-contrast=\"auto\">: O Papa termina a Exorta\u00e7\u00e3o Apost\u00f3lica, no cap\u00edtulo final, afirmando que nosso caminho para a santidade \u00e9 uma luta constante, que exige vigil\u00e2ncia permanente e s\u00e1bio discernimento, para n\u00e3o nos tornarmos marionetes das tend\u00eancias da ocasi\u00e3o, mas seja verdadeira sa\u00edda de n\u00f3s mesmos ao mist\u00e9rio de Deus (cf. GE 162, 164, 167 e 175). O Senhor, que \u00e9 \u2018<\/span><i><span data-contrast=\"auto\">o Santo<\/span><\/i><span data-contrast=\"auto\">\u2019, nos conduza sempre mais no caminho da santifica\u00e7\u00e3o.<\/span><span data-ccp-props=\"{&quot;201341983&quot;:0,&quot;335551550&quot;:6,&quot;335551620&quot;:6,&quot;335559731&quot;:708,&quot;335559739&quot;:0,&quot;335559740&quot;:240}\">\u00a0<\/span><\/p>\n<p><span data-ccp-props=\"{&quot;201341983&quot;:0,&quot;335551550&quot;:3,&quot;335551620&quot;:3,&quot;335559739&quot;:0,&quot;335559740&quot;:240}\">\u00a0<\/span><\/p>\n","protected":false},"excerpt":{"rendered":"<p>Dom Alo\u00edsio Alberto Dilli Bispo de Santa Cruz do Sul (RS) &nbsp; Caros diocesanos. Na mensagem anterior j\u00e1 refletimos sobre o chamado de todos os crist\u00e3os \u00e0 santidade, a partir do batismo. Em 2018, o Papa Francisco emitiu documento sobre o tema, com o t\u00edtulo: \u201cGaudete et Exsultate\u201d &#8211;\u00a0 Chamada \u00e0 Santidade no Mundo Atual.\u00a0 &hellip;<\/p>\n<p class=\"read-more\"> <a class=\"\" href=\"https:\/\/www.cnbb.org.br\/chamada-a-santidade-no-mundo-atual-2\/\"> <span class=\"screen-reader-text\">Chamada \u00e0 santidade no mundo atual<\/span> Leia mais &raquo;<\/a><\/p>\n","protected":false},"author":33,"featured_media":0,"comment_status":"closed","ping_status":"closed","sticky":false,"template":"","format":"standard","meta":{"site-sidebar-layout":"default","site-content-layout":"default","ast-global-header-display":"","ast-banner-title-visibility":"","ast-main-header-display":"","ast-hfb-above-header-display":"","ast-hfb-below-header-display":"","ast-hfb-mobile-header-display":"","site-post-title":"","ast-breadcrumbs-content":"","ast-featured-img":"","footer-sml-layout":"","theme-transparent-header-meta":"default","adv-header-id-meta":"","stick-header-meta":"","header-above-stick-meta":"","header-main-stick-meta":"","header-below-stick-meta":""},"categories":[758],"tags":[],"acf":[],"_links":{"self":[{"href":"https:\/\/www.cnbb.org.br\/cnbb-app\/wp\/v2\/posts\/954954"}],"collection":[{"href":"https:\/\/www.cnbb.org.br\/cnbb-app\/wp\/v2\/posts"}],"about":[{"href":"https:\/\/www.cnbb.org.br\/cnbb-app\/wp\/v2\/types\/post"}],"author":[{"embeddable":true,"href":"https:\/\/www.cnbb.org.br\/cnbb-app\/wp\/v2\/users\/33"}],"replies":[{"embeddable":true,"href":"https:\/\/www.cnbb.org.br\/cnbb-app\/wp\/v2\/comments?post=954954"}],"version-history":[{"count":3,"href":"https:\/\/www.cnbb.org.br\/cnbb-app\/wp\/v2\/posts\/954954\/revisions"}],"predecessor-version":[{"id":954959,"href":"https:\/\/www.cnbb.org.br\/cnbb-app\/wp\/v2\/posts\/954954\/revisions\/954959"}],"wp:attachment":[{"href":"https:\/\/www.cnbb.org.br\/cnbb-app\/wp\/v2\/media?parent=954954"}],"wp:term":[{"taxonomy":"category","embeddable":true,"href":"https:\/\/www.cnbb.org.br\/cnbb-app\/wp\/v2\/categories?post=954954"},{"taxonomy":"post_tag","embeddable":true,"href":"https:\/\/www.cnbb.org.br\/cnbb-app\/wp\/v2\/tags?post=954954"}],"curies":[{"name":"wp","href":"https:\/\/api.w.org\/{rel}","templated":true}]}}