{"id":955042,"date":"2023-11-17T16:30:18","date_gmt":"2023-11-17T19:30:18","guid":{"rendered":"https:\/\/www.cnbb.org.br\/?p=955042"},"modified":"2023-11-17T16:31:17","modified_gmt":"2023-11-17T19:31:17","slug":"olhos-fixos-nos-pobres","status":"publish","type":"post","link":"https:\/\/www.cnbb.org.br\/olhos-fixos-nos-pobres\/","title":{"rendered":"Olhos fixos nos pobres\u00a0"},"content":{"rendered":"<p style=\"text-align: right;\"><strong>Dom Walmor Oliveira de Azevedo<br \/>\nArcebispo de Belo Horizonte (MG)<\/strong><\/p>\n<p><span data-ccp-props=\"{&quot;201341983&quot;:0,&quot;335551550&quot;:6,&quot;335551620&quot;:6,&quot;335559739&quot;:0,&quot;335559740&quot;:240}\">\u00a0<\/span><\/p>\n<p style=\"text-align: justify;\"><span data-contrast=\"auto\">Olhos fixos nos pobres \u00e9 dimens\u00e3o intr\u00ednseca da f\u00e9 crist\u00e3 &#8211; quem fixa o olhar em Cristo, de verdade, encontra os pobres. Um olhar que ultrapassa o sentido de uma imagem apreendida. Trata-se de sensibilidade essencial para exercer a f\u00e9, a cidadania e celebrar, no domingo, 19 de novembro, o s\u00e9timo Dia Mundial dos Pobres, inspiradora convoca\u00e7\u00e3o do Papa Francisco.\u00a0 Especialmente neste ano, a Igreja pede a todos que acolha a interpela\u00e7\u00e3o vinda do Livro de Tobias: \u201cNunca afastes de algum pobre o teu olhar!\u201d. S\u00e1bia, forte e instigante \u00e9 esta interpela\u00e7\u00e3o da Palavra de Deus, sublinhada pelo Papa Francisco, para inspirar e fecundar o caminho das comunidades, na viv\u00eancia aut\u00eantica e comprometida da f\u00e9 em Jesus.\u00a0 \u00c9 tarefa mission\u00e1ria dos crist\u00e3os e de cada cidad\u00e3o enfrentar a pobreza e as mis\u00e9rias, que acentuam exclus\u00f5es sociais e discrimina\u00e7\u00f5es vergonhosas. Fixar o olhar em Jesus e, consequentemente, nos pobres, permite amadurecer a compreens\u00e3o sobre a sacralidade de cada ser humano.\u00a0<\/span><span data-ccp-props=\"{&quot;201341983&quot;:0,&quot;335551550&quot;:6,&quot;335551620&quot;:6,&quot;335559739&quot;:0,&quot;335559740&quot;:240}\">\u00a0<\/span><\/p>\n<p style=\"text-align: justify;\"><span data-contrast=\"auto\">A sombra que obscurece o entendimento sobre a condi\u00e7\u00e3o humana precisa ser dissipada para que seja velozmente superada a indiferen\u00e7a que faz desviar o olhar dos pobres. A indiferen\u00e7a tamb\u00e9m leva \u00e0 dissemina\u00e7\u00e3o de discursos que s\u00e3o apenas ideol\u00f3gicos: aparentemente buscam a defesa dos pobres, mas, na verdade, n\u00e3o conseguem efetivar a proximidade solid\u00e1ria, promover a\u00e7\u00f5es concretas capazes de mudar a realidade de tantos exclu\u00eddos. O acolhimento dos pobres h\u00e1 de ser gesto concreto di\u00e1rio, com a consci\u00eancia esclarecida quanto \u00e0 necessidade, sempre urgente, de se enfrentar a pobreza nas cidades, sublinha o Papa Francisco. Celebrar o 7\u00ba Dia Mundial dos Pobres, precedendo a festa de Cristo Rei do Universo, \u00e9 poder compreender a realeza de Cristo. Isto significa assinar o compromisso de cuidar dos pobres, buscando reconhecer em todas as pessoas, igualmente, a dignidade humana.\u00a0<\/span><span data-ccp-props=\"{&quot;201341983&quot;:0,&quot;335551550&quot;:6,&quot;335551620&quot;:6,&quot;335559739&quot;:0,&quot;335559740&quot;:240}\">\u00a0<\/span><\/p>\n<p style=\"text-align: justify;\"><span data-contrast=\"auto\">A recomenda\u00e7\u00e3o \u201cNunca afastes de algum pobre o teu olhar\u201d remete ao alcance do testemunho crist\u00e3o e cidad\u00e3o. A eloqu\u00eancia sapiencial deste conselho permite alcan\u00e7ar o sentido da cena familiar narrada na Palavra de Deus:\u00a0 o pai, Tobite, se despede do filho, Tobias, pouco antes do in\u00edcio de uma longa viagem. O velho pai, prevendo a possibilidade de n\u00e3o mais ver o filho, confia-lhe um relevante testamento espiritual, assentado na sua condi\u00e7\u00e3o de pobre, j\u00e1 cego, testemunhando que Deus sempre foi o seu bem. A recomenda\u00e7\u00e3o do velho pai ao filho \u00e9 mais que indica\u00e7\u00e3o para ser guardada na mem\u00f3ria, vai al\u00e9m de uma simples ora\u00e7\u00e3o a Deus. O pai pede ao filho o compromisso de viver na justi\u00e7a e praticar boas obras, incluindo, efetiva e diariamente, o cuidado dos pobres.\u00a0 Tobite, apesar de carregar pesos existenciais, hospedou sempre no seu cora\u00e7\u00e3o o compromisso de cuidar dos pobres, dando p\u00e3o aos esfomeados e vestindo os nus. Interpelante \u00e9 o conselho de Tobite ao recomendar ao filho para ir procurar o pobre e traz\u00ea-lo para que juntos partilhem uma refei\u00e7\u00e3o. O Dia Mundial dos Pobres busca contribuir para que se efetive, entre todos, a amizade social.<\/span><span data-ccp-props=\"{&quot;201341983&quot;:0,&quot;335551550&quot;:6,&quot;335551620&quot;:6,&quot;335559739&quot;:0,&quot;335559740&quot;:240}\">\u00a0<\/span><\/p>\n<p style=\"text-align: justify;\"><span data-contrast=\"auto\">Os que celebram a Eucaristia s\u00e3o desafiados a compreender a sua for\u00e7a como convoca\u00e7\u00e3o \u00e0 comunh\u00e3o pelo gesto concreto de compartilhar refei\u00e7\u00f5es e superar todo tipo de desperd\u00edcio e ostenta\u00e7\u00e3o, t\u00e3o comuns no estilo de vida vigente na contemporaneidade. O pobre h\u00e1 de se tornar uma prioridade na vida de cada um, para acender luzes capazes de fazer os olhos alcan\u00e7arem a sabedoria alicer\u00e7ada no sentido de justi\u00e7a, no compromisso com a promo\u00e7\u00e3o da igualdade. Mas o testemunho da caridade, muitas vezes, gera certo inc\u00f4modo, pois coloca em evid\u00eancia graves problemas que ainda demandam por respostas. Por testemunhar a caridade, Tobite perdeu tudo, por imposi\u00e7\u00e3o do rei. Olhar para os exclu\u00eddos da sociedade requer, pois, coragem. Aqueles que testemunham a caridade ajudam a abrir o caminho para grandes mudan\u00e7as no enfrentamento das exclus\u00f5es.\u00a0<\/span><span data-ccp-props=\"{&quot;201341983&quot;:0,&quot;335551550&quot;:6,&quot;335551620&quot;:6,&quot;335559739&quot;:0,&quot;335559740&quot;:240}\">\u00a0<\/span><\/p>\n<p style=\"text-align: justify;\"><span data-contrast=\"auto\">Testemunhar a caridade \u00e9 bem mais que tratar os pobres apressadamente, a partir de certo comodismo, apenas para ficar \u201clivre\u201d ou se sentir aliviado. Deve-se ir atr\u00e1s dos mais sofridos e n\u00e3o simplesmente esperar que os pobres apresentem suas necessidades. \u00c9 preciso ter coragem para buscar superar os v\u00e1rios tipos de pobreza, com a certeza da recompensa amorosa de Deus. Como bem dizia S\u00e3o Vicente de Paulo, \u201cDeus ama os pobres, e ama aqueles que os amam\u201d. Reconhe\u00e7a-se, assim, o artigo central da f\u00e9 crist\u00e3 que aponta para este desafio: cultivar, permanentemente, solicitude dedicada aos pobres, sem fazer distin\u00e7\u00f5es. \u00c9 preciso ir ao encontro dos pobres e enfrentar, de maneira cidad\u00e3, todo tipo de exclus\u00e3o. O Papa Francisco, na sua mensagem para o Dia Mundial dos Pobres deste ano, sublinha que o atual momento hist\u00f3rico n\u00e3o favorece a aten\u00e7\u00e3o aos mais pobres, em raz\u00e3o de ser muito forte o sonoro apelo ao pr\u00f3prio bem-estar, silenciando a voz dos que vivem na pobreza, enjaulando-os no anonimato e na indiferen\u00e7a.\u00a0<\/span><span data-ccp-props=\"{&quot;201341983&quot;:0,&quot;335551550&quot;:6,&quot;335551620&quot;:6,&quot;335559739&quot;:0,&quot;335559740&quot;:240}\">\u00a0<\/span><\/p>\n<p style=\"text-align: justify;\"><span data-contrast=\"auto\">Neste contexto, a mensagem do Papa Francisco lembra que a situa\u00e7\u00e3o dos pobres pode at\u00e9 gerar certa como\u00e7\u00e3o, mas quando s\u00e3o encontrados, \u201cem carne e osso\u201d, pelas estradas e ruas, s\u00e3o marginalizados. Ora, n\u00e3o se pode se limitar a dar qualquer coisa a quem sofre. \u00c9 preciso oferecer amparo material e espiritual.\u00a0 Isto significa comprometer-se com a promo\u00e7\u00e3o integral do ser humano. Os crist\u00e3os, todos os cidad\u00e3os, t\u00eam a tarefa de batalhar, incansavelmente, por um mundo justo e solid\u00e1rio, iluminando as pr\u00f3prias sombras com a luz do amor de Deus, que se desdobra no amor ao pr\u00f3ximo. Assim \u00e9 poss\u00edvel construir um mundo livre de guerras e disputas mesquinhas. Todos s\u00e3o convidados a alcan\u00e7ar nova compreens\u00e3o sobre a import\u00e2ncia dos mais pobres, de cada ser humano, pela for\u00e7a da f\u00e9 e por um acurado sentido social. Essa amadurecida compreens\u00e3o, alcan\u00e7ada a partir de olhos fixos nos pobres, \u00e9 imprescind\u00edvel para que a humanidade consiga se tornar uma sociedade fraterna e solid\u00e1ria.<\/span><span data-ccp-props=\"{&quot;201341983&quot;:0,&quot;335551550&quot;:6,&quot;335551620&quot;:6,&quot;335559739&quot;:0,&quot;335559740&quot;:240}\">\u00a0<\/span><\/p>\n<p style=\"text-align: justify;\"><span data-ccp-props=\"{&quot;201341983&quot;:0,&quot;335551550&quot;:6,&quot;335551620&quot;:6,&quot;335559739&quot;:0,&quot;335559740&quot;:240}\">\u00a0<\/span><\/p>\n<p style=\"text-align: justify;\">\n","protected":false},"excerpt":{"rendered":"<p>Dom Walmor Oliveira de Azevedo Arcebispo de Belo Horizonte (MG) \u00a0 Olhos fixos nos pobres \u00e9 dimens\u00e3o intr\u00ednseca da f\u00e9 crist\u00e3 &#8211; quem fixa o olhar em Cristo, de verdade, encontra os pobres. Um olhar que ultrapassa o sentido de uma imagem apreendida. Trata-se de sensibilidade essencial para exercer a f\u00e9, a cidadania e celebrar, &hellip;<\/p>\n<p class=\"read-more\"> <a class=\"\" href=\"https:\/\/www.cnbb.org.br\/olhos-fixos-nos-pobres\/\"> <span class=\"screen-reader-text\">Olhos fixos nos pobres\u00a0<\/span> Leia mais &raquo;<\/a><\/p>\n","protected":false},"author":8,"featured_media":0,"comment_status":"closed","ping_status":"closed","sticky":false,"template":"","format":"standard","meta":{"site-sidebar-layout":"default","site-content-layout":"default","ast-global-header-display":"","ast-banner-title-visibility":"","ast-main-header-display":"","ast-hfb-above-header-display":"","ast-hfb-below-header-display":"","ast-hfb-mobile-header-display":"","site-post-title":"","ast-breadcrumbs-content":"","ast-featured-img":"","footer-sml-layout":"","theme-transparent-header-meta":"default","adv-header-id-meta":"","stick-header-meta":"","header-above-stick-meta":"","header-main-stick-meta":"","header-below-stick-meta":""},"categories":[758],"tags":[],"acf":[],"_links":{"self":[{"href":"https:\/\/www.cnbb.org.br\/cnbb-app\/wp\/v2\/posts\/955042"}],"collection":[{"href":"https:\/\/www.cnbb.org.br\/cnbb-app\/wp\/v2\/posts"}],"about":[{"href":"https:\/\/www.cnbb.org.br\/cnbb-app\/wp\/v2\/types\/post"}],"author":[{"embeddable":true,"href":"https:\/\/www.cnbb.org.br\/cnbb-app\/wp\/v2\/users\/8"}],"replies":[{"embeddable":true,"href":"https:\/\/www.cnbb.org.br\/cnbb-app\/wp\/v2\/comments?post=955042"}],"version-history":[{"count":2,"href":"https:\/\/www.cnbb.org.br\/cnbb-app\/wp\/v2\/posts\/955042\/revisions"}],"predecessor-version":[{"id":955045,"href":"https:\/\/www.cnbb.org.br\/cnbb-app\/wp\/v2\/posts\/955042\/revisions\/955045"}],"wp:attachment":[{"href":"https:\/\/www.cnbb.org.br\/cnbb-app\/wp\/v2\/media?parent=955042"}],"wp:term":[{"taxonomy":"category","embeddable":true,"href":"https:\/\/www.cnbb.org.br\/cnbb-app\/wp\/v2\/categories?post=955042"},{"taxonomy":"post_tag","embeddable":true,"href":"https:\/\/www.cnbb.org.br\/cnbb-app\/wp\/v2\/tags?post=955042"}],"curies":[{"name":"wp","href":"https:\/\/api.w.org\/{rel}","templated":true}]}}