{"id":955069,"date":"2023-11-20T11:43:46","date_gmt":"2023-11-20T14:43:46","guid":{"rendered":"https:\/\/www.cnbb.org.br\/?p=955069"},"modified":"2023-11-20T11:55:44","modified_gmt":"2023-11-20T14:55:44","slug":"a-importancia-das-acoes-caritativas-na-jornada-mundial-dos-pobres","status":"publish","type":"post","link":"https:\/\/www.cnbb.org.br\/a-importancia-das-acoes-caritativas-na-jornada-mundial-dos-pobres\/","title":{"rendered":"A import\u00e2ncia das a\u00e7\u00f5es caritativas na Jornada Mundial dos Pobres"},"content":{"rendered":"<p style=\"text-align: right;\"><strong>Dom Vital Corbellini<br \/>\nBispo de Marab\u00e1 (PA) \u00a0<\/strong><\/p>\n<p>&nbsp;<\/p>\n<p style=\"text-align: justify;\"><span data-contrast=\"auto\">Institu\u00edda pelo Papa Francisco celebrou-se a Jornada Mundial dos Pobres, cujo tema foi: \u201cNunca afastes teu olhar de algum pobre\u201d (Tb 4,7)<\/span><span data-contrast=\"auto\">1<\/span><span data-contrast=\"auto\">. Perceberam-se a import\u00e2ncia de a\u00e7\u00f5es caritativas realizadas em favor dos Pobres em toda a Igreja e na Diocese de Marab\u00e1. Foi no terceiro domingo de Novembro, dia do Senhor, dia da ressurrei\u00e7\u00e3o de Jesus Cristo, dia da caridade, dia da s\u00e9tima Jornada Mundial dos Pobres.\u00a0<\/span><span data-ccp-props=\"{&quot;201341983&quot;:0,&quot;335551550&quot;:6,&quot;335551620&quot;:6,&quot;335559739&quot;:200,&quot;335559740&quot;:276}\">\u00a0<\/span><\/p>\n<p style=\"text-align: justify;\"><span data-contrast=\"auto\">Os pobres s\u00e3o pessoas.<\/span><span data-ccp-props=\"{&quot;201341983&quot;:0,&quot;335551550&quot;:6,&quot;335551620&quot;:6,&quot;335559739&quot;:200,&quot;335559740&quot;:276}\">\u00a0<\/span><\/p>\n<p style=\"text-align: justify;\"><span data-contrast=\"auto\">O Papa Francisco tinha presentes em sua mensagem neste dia, a facilidade de cair na ret\u00f3rica ou em n\u00fameros quando se fala de pobres. No entanto \u00e9 fundamental afirmar que os pobres s\u00e3o pessoas, tem rosto, possuem uma hist\u00f3ria, cora\u00e7\u00e3o e alma, com valores e defeitos, como todas as pessoas, mas que \u00e9 importante estabelecer uma rela\u00e7\u00e3o com eles<\/span><span data-contrast=\"auto\">2<\/span><span data-contrast=\"auto\">. Desta forma, segundo o Papa Francisco \u00e9 fundamental a busca de gestos concretos em rela\u00e7\u00e3o aos pobres, facilitando a harmonia necess\u00e1ria para que a comunidade ajude as pessoas pobres. A atitude para n\u00e3o desviar o olhar do pobre possibilite pol\u00edticas p\u00fablicas, a caridade para uma viv\u00eancia digna dos necessitados e pobres<\/span><span data-contrast=\"auto\">3<\/span><span data-contrast=\"auto\">.<\/span><span data-ccp-props=\"{&quot;201341983&quot;:0,&quot;335551550&quot;:6,&quot;335551620&quot;:6,&quot;335559739&quot;:200,&quot;335559740&quot;:276}\">\u00a0<\/span><\/p>\n<p style=\"text-align: justify;\"><span data-contrast=\"auto\">A\u00e7\u00f5es caritativas.\u00a0<\/span><span data-ccp-props=\"{&quot;201341983&quot;:0,&quot;335551550&quot;:6,&quot;335551620&quot;:6,&quot;335559731&quot;:708,&quot;335559739&quot;:200,&quot;335559740&quot;:276}\">\u00a0<\/span><\/p>\n<p style=\"text-align: justify;\"><span data-contrast=\"auto\">A Diocese de Marab\u00e1 realizou um cartaz em comunh\u00e3o com o Papa e a CNBB na Jornada. Desta forma, foram realizadas muitas a\u00e7\u00f5es caritativas em favor dos Pobres, no domingo dia do Senhor. As comunidades, par\u00f3quias, pastorais, movimentos, servi\u00e7os assumiram com f\u00e9, e com amor a miss\u00e3o de ajudar pessoas mais carentes, necessitadas. Algumas comunidades deram o caf\u00e9 da manh\u00e3 para os pobres, atenderam aos povos ind\u00edgenas venezuelanos, distribu\u00edram-se alimentos nas casas mais carentes nos bairros pobres das cidades e nos campos, ocorreu a coleta e a distribui\u00e7\u00e3o de alimentos por cestas b\u00e1sicas ou mesmo com alguma alimenta\u00e7\u00e3o, arroz, feij\u00e3o, macarr\u00e3o, azeite, outros produtos aliment\u00edcios, e tamb\u00e9m a distribui\u00e7\u00e3o de roupas. O Papa Francisco colocou a necessidade de realizar gestos concretos, a\u00e7\u00f5es caritativas.\u00a0<\/span><span data-ccp-props=\"{&quot;201341983&quot;:0,&quot;335551550&quot;:6,&quot;335551620&quot;:6,&quot;335559739&quot;:200,&quot;335559740&quot;:276}\">\u00a0<\/span><\/p>\n<p style=\"text-align: justify;\"><span data-contrast=\"auto\">Os pobres evangelizam \u00e0s pessoas.<\/span><span data-ccp-props=\"{&quot;201341983&quot;:0,&quot;335551550&quot;:6,&quot;335551620&quot;:6,&quot;335559739&quot;:200,&quot;335559740&quot;:276}\">\u00a0<\/span><\/p>\n<p style=\"text-align: justify;\"><span data-contrast=\"auto\">Os pobres evangelizam as pessoas no sentido de que eles tomaram das coisas doadas o necess\u00e1rio para eles, n\u00e3o tomando a mais, porque tinham a consci\u00eancia de que outras pessoas pobres tamb\u00e9m necessitariam das coisas para a sua sobreviv\u00eancia. Percebe-se nisso n\u00e3o o ac\u00famulo das coisas, mas as pessoas apanhavam o necess\u00e1rio, sobretudo, pela distribui\u00e7\u00e3o das roupas. O exemplo de vida das primeiras comunidades apost\u00f3licas inspira as a\u00e7\u00f5es caritativas no momento atual na Jornada Mundial dos Pobres de que as pessoas eram um s\u00f3 cora\u00e7\u00e3o e uma s\u00f3 alma, tamb\u00e9m pelo an\u00fancio da ressurrei\u00e7\u00e3o da Jesus e elas repartiam o p\u00e3o e tomava as coisas daquilo que era o necess\u00e1rio para a sobreviv\u00eancia(Cf. 4,32-35).<\/span><span data-ccp-props=\"{&quot;201341983&quot;:0,&quot;335551550&quot;:6,&quot;335551620&quot;:6,&quot;335559739&quot;:200,&quot;335559740&quot;:276}\">\u00a0<\/span><\/p>\n<p style=\"text-align: justify;\"><span data-contrast=\"auto\">A presen\u00e7a do Senhor nos pobres.\u00a0<\/span><span data-ccp-props=\"{&quot;201341983&quot;:0,&quot;335551550&quot;:6,&quot;335551620&quot;:6,&quot;335559739&quot;:200,&quot;335559740&quot;:276}\">\u00a0<\/span><\/p>\n<p style=\"text-align: justify;\"><span data-contrast=\"auto\">Se o Papa Francisco tomou como a frase de Tobite: \u201cNunca afastes teu olhar de algum pobre\u201d (Tb 4,7) sendo a inspira\u00e7\u00e3o b\u00edblica para a Jornada Mundial dos Pobres, focalizou a presen\u00e7a de Jesus junto aos pobres pela doa\u00e7\u00e3o, ajuda \u00e0s pessoas mais necessitadas.\u00a0<\/span><span data-ccp-props=\"{&quot;201341983&quot;:0,&quot;335551550&quot;:6,&quot;335551620&quot;:6,&quot;335559739&quot;:200,&quot;335559740&quot;:276}\">\u00a0<\/span><\/p>\n<p style=\"text-align: justify;\"><span data-contrast=\"auto\">A solicitude para com os pobres seja um sinal da viv\u00eancia do Evangelho de Jesus Cristo. \u00c9 preciso ajud\u00e1-los para faz\u00ea-los sair da situa\u00e7\u00e3o de pobreza, e perceber neles a presen\u00e7a do Senhor Jesus porque foi a Ele que as pessoas realizaram o bem (Mt 25, 40). O Papa Francisco terminou a sua mensagem para o Dia Mundial dos Pobres, tendo presente a necessidade da caridade, pontos atuantes tamb\u00e9m em Santa Terezinha do Menino Jesus e em Santo Ant\u00f4nio, na qual o Papa disse que \u00e9 Patrono dos pobres, porque escreveu neste dia, 13 de junho de 2023, de modo que ningu\u00e9m desvie o olhar do pobre, para encontrar nele o rosto humano e divino do Senhor Jesus Cristo<\/span><span data-contrast=\"auto\">4<\/span><span data-contrast=\"auto\">.<\/span><span data-ccp-props=\"{&quot;201341983&quot;:0,&quot;335551550&quot;:6,&quot;335551620&quot;:6,&quot;335559739&quot;:200,&quot;335559740&quot;:276}\">\u00a0<\/span><\/p>\n<p style=\"text-align: justify;\"><span data-contrast=\"auto\">A palavra de Jesus.<\/span><span data-ccp-props=\"{&quot;201341983&quot;:0,&quot;335551550&quot;:6,&quot;335551620&quot;:6,&quot;335559739&quot;:200,&quot;335559740&quot;:276}\">\u00a0<\/span><\/p>\n<p style=\"text-align: justify;\"><span data-contrast=\"auto\">O Senhor Jesus disse aos seus disc\u00edpulos que o julgamento final ser\u00e1 sobre o amor dado \u00e0s pessoas, aos pobres. \u201cEu estava com fome e me destes de comer; estava com sede, e me destes de beber; eu era forasteiro, e me recebestes em casa; estava nu e me vestistes; doente, e cuidastes de mim; na pris\u00e3o, e viestes at\u00e9 mim\u201d (Mt 25, 35-36). O Senhor d\u00e1-se presente nestas pessoas que sendo ajudadas por a\u00e7\u00f5es caritativas na qual Ele dir\u00e1: \u201cFoi a mim que o fizestes\u201d (Mt 25, 40). O povo carente e pobre buscou alimentos, comida, mas tamb\u00e9m roupas.\u00a0<\/span><span data-ccp-props=\"{&quot;201341983&quot;:0,&quot;335551550&quot;:6,&quot;335551620&quot;:6,&quot;335559739&quot;:200,&quot;335559740&quot;:276}\">\u00a0<\/span><\/p>\n<p style=\"text-align: justify;\"><span data-contrast=\"auto\">As a\u00e7\u00f5es permanecem.<\/span><span data-ccp-props=\"{&quot;201341983&quot;:0,&quot;335551550&quot;:6,&quot;335551620&quot;:6,&quot;335559739&quot;:200,&quot;335559740&quot;:276}\">\u00a0<\/span><\/p>\n<p style=\"text-align: justify;\"><span data-contrast=\"auto\">A palavra de Jesus d\u00e1-se pelas a\u00e7\u00f5es concretas em favor dos Pobres. Os discursos passam, o testemunho de vida permanece. A caridade \u00e9 a maior das virtudes (1 Cor 12,13). Deus seja louvado por tantas a\u00e7\u00f5es caritativas realizadas para a sua gl\u00f3ria. Algumas fotografias apanharam-se para dar significado \u00e0 a\u00e7\u00e3o porque como seguidores e seguidoras do Senhor abra\u00e7am-se as coisas boas, a vida do povo de Deus, a necessidade e de estar ao lado das pessoas pobres para que um dia toda a pessoa de bem ou\u00e7a do Senhor: Venha participar da minha alegria\u201d. (Mt 25,23).\u00a0<\/span><span data-ccp-props=\"{&quot;201341983&quot;:0,&quot;335551550&quot;:6,&quot;335551620&quot;:6,&quot;335559739&quot;:200,&quot;335559740&quot;:276}\">\u00a0<\/span><\/p>\n","protected":false},"excerpt":{"rendered":"<p>Dom Vital Corbellini Bispo de Marab\u00e1 (PA) \u00a0 &nbsp; Institu\u00edda pelo Papa Francisco celebrou-se a Jornada Mundial dos Pobres, cujo tema foi: \u201cNunca afastes teu olhar de algum pobre\u201d (Tb 4,7)1. Perceberam-se a import\u00e2ncia de a\u00e7\u00f5es caritativas realizadas em favor dos Pobres em toda a Igreja e na Diocese de Marab\u00e1. Foi no terceiro domingo &hellip;<\/p>\n<p class=\"read-more\"> <a class=\"\" href=\"https:\/\/www.cnbb.org.br\/a-importancia-das-acoes-caritativas-na-jornada-mundial-dos-pobres\/\"> <span class=\"screen-reader-text\">A import\u00e2ncia das a\u00e7\u00f5es caritativas na Jornada Mundial dos Pobres<\/span> Leia mais &raquo;<\/a><\/p>\n","protected":false},"author":16,"featured_media":0,"comment_status":"closed","ping_status":"closed","sticky":false,"template":"","format":"standard","meta":{"site-sidebar-layout":"default","site-content-layout":"default","ast-global-header-display":"","ast-banner-title-visibility":"","ast-main-header-display":"","ast-hfb-above-header-display":"","ast-hfb-below-header-display":"","ast-hfb-mobile-header-display":"","site-post-title":"","ast-breadcrumbs-content":"","ast-featured-img":"","footer-sml-layout":"","theme-transparent-header-meta":"default","adv-header-id-meta":"","stick-header-meta":"","header-above-stick-meta":"","header-main-stick-meta":"","header-below-stick-meta":""},"categories":[758,1837],"tags":[],"acf":[],"_links":{"self":[{"href":"https:\/\/www.cnbb.org.br\/cnbb-app\/wp\/v2\/posts\/955069"}],"collection":[{"href":"https:\/\/www.cnbb.org.br\/cnbb-app\/wp\/v2\/posts"}],"about":[{"href":"https:\/\/www.cnbb.org.br\/cnbb-app\/wp\/v2\/types\/post"}],"author":[{"embeddable":true,"href":"https:\/\/www.cnbb.org.br\/cnbb-app\/wp\/v2\/users\/16"}],"replies":[{"embeddable":true,"href":"https:\/\/www.cnbb.org.br\/cnbb-app\/wp\/v2\/comments?post=955069"}],"version-history":[{"count":3,"href":"https:\/\/www.cnbb.org.br\/cnbb-app\/wp\/v2\/posts\/955069\/revisions"}],"predecessor-version":[{"id":955075,"href":"https:\/\/www.cnbb.org.br\/cnbb-app\/wp\/v2\/posts\/955069\/revisions\/955075"}],"wp:attachment":[{"href":"https:\/\/www.cnbb.org.br\/cnbb-app\/wp\/v2\/media?parent=955069"}],"wp:term":[{"taxonomy":"category","embeddable":true,"href":"https:\/\/www.cnbb.org.br\/cnbb-app\/wp\/v2\/categories?post=955069"},{"taxonomy":"post_tag","embeddable":true,"href":"https:\/\/www.cnbb.org.br\/cnbb-app\/wp\/v2\/tags?post=955069"}],"curies":[{"name":"wp","href":"https:\/\/api.w.org\/{rel}","templated":true}]}}