{"id":955077,"date":"2023-11-20T13:09:04","date_gmt":"2023-11-20T16:09:04","guid":{"rendered":"https:\/\/www.cnbb.org.br\/?p=955077"},"modified":"2023-11-28T13:27:20","modified_gmt":"2023-11-28T16:27:20","slug":"vii-dia-mundial-dos-pobres-brasil-acoes-solidariedade","status":"publish","type":"post","link":"https:\/\/www.cnbb.org.br\/vii-dia-mundial-dos-pobres-brasil-acoes-solidariedade\/","title":{"rendered":"VII Dia Mundial dos Pobres \u00e9 celebrado na Igreja no Brasil com a\u00e7\u00f5es de solidariedade"},"content":{"rendered":"<p style=\"text-align: justify;\">A Igreja celebrou, neste domingo, 19 de novembro, O VII Dia Mundial dos Pobres. A iniciativa busca chamar a aten\u00e7\u00e3o para a situa\u00e7\u00e3o das pessoas em situa\u00e7\u00e3o de pobreza e marginaliza\u00e7\u00e3o e incentivar a solidariedade e o apoio aos menos favorecidos. Em todo o Brasil, diversas iniciativas foram realizadas a partir da motiva\u00e7\u00e3o do tema &#8220;N\u00e3o desvies o rosto de nenhum pobre\u201d (Tb 4,7).<\/p>\n<p style=\"text-align: justify;\">No Dia Mundial dos Pobres, a Igreja \u00e9 chamada a ajudar os pobres e marginalizados e promover uma cultura de encontro e solidariedade. Nesse dia, muitas par\u00f3quias e institui\u00e7\u00f5es religiosas ao redor do mundo realizaram eventos e a\u00e7\u00f5es de caridade para auxiliar os necessitados e conscientizar a sociedade sobre a import\u00e2ncia de combater a pobreza e a exclus\u00e3o social.<\/p>\n<p style=\"text-align: justify;\">O arcebispo de Cuiab\u00e1 (MT) e presidente da C\u00e1ritas Brasileira, dom M\u00e1rio Antonio da Silva, ressaltou que o Papa incentiva &#8220;a aspirarmos os caminhos para superar a pobreza, que passam pela convers\u00e3o pessoal e comunit\u00e1ria, pela escuta atenta e respeitosa, pelo encontro fraterno e pelo servi\u00e7o generoso&#8221;.<\/p>\n<p style=\"text-align: justify;\">O convite do Papa para essa ocasi\u00e3o, segundo dom M\u00e1rio, \u00e9 &#8220;a sair de n\u00f3s mesmos e a ir ao encontro dos pobres, n\u00e3o como simples benfeitores, mas como irm\u00e3os e irm\u00e3s, que partilham a mesma humanidade e a mesma voca\u00e7\u00e3o \u00e0 felicidade&#8221;. Destaque tamb\u00e9m para a pr\u00e1tica das obras de miseric\u00f3rdia corporais e espirituais, &#8220;express\u00f5es concretas do amor de Deus pelos pobres e pelos necessitados&#8221;. <a href=\"https:\/\/www.cnbbo2.org.br\/o-dia-dos-pobres-um-convite-a-fraternidade-e-a-solidariedade\/\" target=\"_blank\" rel=\"noopener\">Leia o artigo na \u00edntegra.<\/a><\/p>\n<p style=\"text-align: justify;\">Saiba o que foi realizado em algumas das iniciativas pelo Brasil:<\/p>\n<h3 style=\"text-align: justify;\">Nordeste 3<\/h3>\n<p style=\"text-align: justify;\">Missas e gestos concretos, como a oferta de servi\u00e7os gratuitos para a popula\u00e7\u00e3o e a distribui\u00e7\u00e3o de refei\u00e7\u00f5es, marcaram o Dia Mundial dos Pobres na Arquidiocese de S\u00e3o Salvador da Bahia. Foram realizadas atividades no Santu\u00e1rio Santa Dulce dos Pobres &#8211; com missa presidida pelo arcebispo, cardeal Sergio da Rocha &#8211; e em outras par\u00f3quias da sede primaz do Brasil. <a href=\"https:\/\/arquidiocesesalvador.org.br\/dia-mundial-dos-pobres-foi-celebrado-na-arquidiocese-de-salvador\/\" target=\"_blank\" rel=\"noopener\">Saiba mais<\/a><\/p>\n<p style=\"text-align: justify;\">Confira a cobertura em v\u00eddeo:<\/p>\n<div class=\"ast-oembed-container\" style=\"height: 100%;\"><iframe loading=\"lazy\" title=\"DIA MUNDIAL DOS POBRES\" width=\"500\" height=\"281\" src=\"https:\/\/www.youtube.com\/embed\/8eWPFuLVWqk?feature=oembed\" frameborder=\"0\" allow=\"accelerometer; autoplay; clipboard-write; encrypted-media; gyroscope; picture-in-picture; web-share\" allowfullscreen><\/iframe><\/div>\n<h3 style=\"text-align: justify;\">Nordeste 4 (Piau\u00ed)<\/h3>\n<p style=\"text-align: justify;\">A Igreja no Piau\u00ed, por meio das Pastorais Sociais, realizou uma s\u00e9rie de atividades que inclu\u00edram distribui\u00e7\u00e3o de alimentos, refei\u00e7\u00f5es, atendimentos de sa\u00fade, servi\u00e7os de est\u00e9tica, acompanhamento psicol\u00f3gico e orienta\u00e7\u00e3o jur\u00eddica.<\/p>\n<p style=\"text-align: justify;\">O Dia Mundial dos Pobres marcou o Dia \u201cD\u201d da campanha \u201c\u00c9 tempo de cuidar, \u00e9 tempo de agir\u201d, uma promovida atrav\u00e9s do F\u00f3rum de Pastorais Sociais do Regional Nordeste 4 da Confer\u00eancia Nacional dos Bispos do Brasil (CNBB NE 4). Par\u00f3quias estabeleceram pontos de coleta e os fi\u00e9is foram incentivados a contribuir com doa\u00e7\u00f5es de alimentos e itens de higiene pessoal ao participarem das missas.<\/p>\n<p style=\"text-align: justify;\">Na diocese de Picos, houve a\u00e7\u00e3o social, visitas \u00e0s fam\u00edlias carentes e ofertas de servi\u00e7os e palestras. Em Parna\u00edba, agentes de Pastoral distribu\u00edram cestas b\u00e1sicas, roupas e cala\u00e7ados para fam\u00edlias de baixa renda, no contexto da Campanha &#8220;\u00c9 tempo de cuidar, \u00e9 tempo de agir&#8221;, simultaneamente com a campanha &#8220;Natal sem fome&#8221;. J\u00e1 em Bom Jesus do Gugueia, foi realizado caf\u00e9 da manh\u00e3 partilhado, oferta de servi\u00e7os de sa\u00fade, distribui\u00e7\u00e3o de cestas b\u00e1sicas e divers\u00e3o para as crian\u00e7as.\u00a0<a href=\"https:\/\/cnbbne4.org.br\/igreja-no-piaui-celebra-dia-mundial-dos-pobres-com-acao-social-e-gestos-concretos-de-solidariedade\/\" target=\"_blank\" rel=\"noopener\">Saiba mais\u00a0<\/a><\/p>\n<figure id=\"attachment_955084\" aria-describedby=\"caption-attachment-955084\" style=\"width: 1536px\" class=\"wp-caption aligncenter\"><img decoding=\"async\" loading=\"lazy\" class=\"wp-image-955084 size-full\" src=\"https:\/\/www.cnbb.org.br\/wp-content\/uploads\/2023\/11\/Dia-Mundial-dos-Pobres-Parnaiba.jpg\" alt=\"\" width=\"1536\" height=\"1152\" srcset=\"https:\/\/www.cnbb.org.br\/wp-content\/uploads\/2023\/11\/Dia-Mundial-dos-Pobres-Parnaiba.jpg 1536w, https:\/\/www.cnbb.org.br\/wp-content\/uploads\/2023\/11\/Dia-Mundial-dos-Pobres-Parnaiba-300x225.jpg 300w, https:\/\/www.cnbb.org.br\/wp-content\/uploads\/2023\/11\/Dia-Mundial-dos-Pobres-Parnaiba-1024x768.jpg 1024w, https:\/\/www.cnbb.org.br\/wp-content\/uploads\/2023\/11\/Dia-Mundial-dos-Pobres-Parnaiba-768x576.jpg 768w, https:\/\/www.cnbb.org.br\/wp-content\/uploads\/2023\/11\/Dia-Mundial-dos-Pobres-Parnaiba-500x375.jpg 500w, https:\/\/www.cnbb.org.br\/wp-content\/uploads\/2023\/11\/Dia-Mundial-dos-Pobres-Parnaiba-800x600.jpg 800w\" sizes=\"(max-width: 1536px) 100vw, 1536px\" \/><figcaption id=\"caption-attachment-955084\" class=\"wp-caption-text\">Foto: diocese de Parna\u00edba<\/figcaption><\/figure>\n<h3 style=\"text-align: justify;\">Nordeste 5 (Maranh\u00e3o)<\/h3>\n<p style=\"text-align: justify;\">As dioceses de Caxias (MA) e Balsas (MA) registraram a\u00e7\u00f5es da VII Jornada Mundial dos Pobres no Regional Nordeste 5. Em Caxias, a C\u00e1ritas diocesana promoveu um encontro com fam\u00edlias no Centro Educacional S\u00e3o Francisco. O encontro contou com ora\u00e7\u00e3o, din\u00e2mica de autoestima, encerrando com um lanche. J\u00e1 na diocese de Balsas, a par\u00f3quia Santo Ant\u00f4nio realizou uma a\u00e7\u00e3o social com entrega de cestas b\u00e1sicas para as fam\u00edlias carentes da regi\u00e3o.<\/p>\n<div id='gallery-1' class='gallery galleryid-955077 gallery-columns-3 gallery-size-medium'><figure class='gallery-item'>\n\t\t\t<div class='gallery-icon landscape'>\n\t\t\t\t<img width=\"300\" height=\"158\" src=\"https:\/\/www.cnbb.org.br\/wp-content\/uploads\/2023\/11\/DIa-Mundial-dos-Pobres-NE5-2-300x158.jpeg\" class=\"attachment-medium size-medium\" alt=\"\" decoding=\"async\" loading=\"lazy\" srcset=\"https:\/\/www.cnbb.org.br\/wp-content\/uploads\/2023\/11\/DIa-Mundial-dos-Pobres-NE5-2-300x158.jpeg 300w, https:\/\/www.cnbb.org.br\/wp-content\/uploads\/2023\/11\/DIa-Mundial-dos-Pobres-NE5-2-768x403.jpeg 768w, https:\/\/www.cnbb.org.br\/wp-content\/uploads\/2023\/11\/DIa-Mundial-dos-Pobres-NE5-2-500x263.jpeg 500w, https:\/\/www.cnbb.org.br\/wp-content\/uploads\/2023\/11\/DIa-Mundial-dos-Pobres-NE5-2.jpeg 960w\" sizes=\"(max-width: 300px) 100vw, 300px\" \/>\n\t\t\t<\/div><\/figure><figure class='gallery-item'>\n\t\t\t<div class='gallery-icon portrait'>\n\t\t\t\t<img width=\"255\" height=\"300\" src=\"https:\/\/www.cnbb.org.br\/wp-content\/uploads\/2023\/11\/DIa-Mundial-dos-Pobres-NE5-1-255x300.jpeg\" class=\"attachment-medium size-medium\" alt=\"\" decoding=\"async\" loading=\"lazy\" srcset=\"https:\/\/www.cnbb.org.br\/wp-content\/uploads\/2023\/11\/DIa-Mundial-dos-Pobres-NE5-1-255x300.jpeg 255w, https:\/\/www.cnbb.org.br\/wp-content\/uploads\/2023\/11\/DIa-Mundial-dos-Pobres-NE5-1-871x1024.jpeg 871w, https:\/\/www.cnbb.org.br\/wp-content\/uploads\/2023\/11\/DIa-Mundial-dos-Pobres-NE5-1-768x903.jpeg 768w, https:\/\/www.cnbb.org.br\/wp-content\/uploads\/2023\/11\/DIa-Mundial-dos-Pobres-NE5-1-500x588.jpeg 500w, https:\/\/www.cnbb.org.br\/wp-content\/uploads\/2023\/11\/DIa-Mundial-dos-Pobres-NE5-1.jpeg 960w\" sizes=\"(max-width: 255px) 100vw, 255px\" \/>\n\t\t\t<\/div><\/figure><figure class='gallery-item'>\n\t\t\t<div class='gallery-icon landscape'>\n\t\t\t\t<img width=\"300\" height=\"225\" src=\"https:\/\/www.cnbb.org.br\/wp-content\/uploads\/2023\/11\/DIa-Mundial-dos-Pobres-NE5-3-300x225.jpeg\" class=\"attachment-medium size-medium\" alt=\"\" decoding=\"async\" loading=\"lazy\" srcset=\"https:\/\/www.cnbb.org.br\/wp-content\/uploads\/2023\/11\/DIa-Mundial-dos-Pobres-NE5-3-300x225.jpeg 300w, https:\/\/www.cnbb.org.br\/wp-content\/uploads\/2023\/11\/DIa-Mundial-dos-Pobres-NE5-3-768x576.jpeg 768w, https:\/\/www.cnbb.org.br\/wp-content\/uploads\/2023\/11\/DIa-Mundial-dos-Pobres-NE5-3-500x375.jpeg 500w, https:\/\/www.cnbb.org.br\/wp-content\/uploads\/2023\/11\/DIa-Mundial-dos-Pobres-NE5-3-800x600.jpeg 800w, https:\/\/www.cnbb.org.br\/wp-content\/uploads\/2023\/11\/DIa-Mundial-dos-Pobres-NE5-3.jpeg 960w\" sizes=\"(max-width: 300px) 100vw, 300px\" \/>\n\t\t\t<\/div><\/figure>\n\t\t<\/div>\n\n<h3 style=\"text-align: justify;\">Leste 1<\/h3>\n<p style=\"text-align: justify;\">No Rio de Janeiro, a arquidiocese da capital fluminense teve a\u00e7\u00e3o realizada na Catedral Metropolitana de S\u00e3o Sebasti\u00e3o com colabora\u00e7\u00e3o de novas comunidades e de \u00f3rg\u00e3os p\u00fablicos na oferta de servi\u00e7os. Foram atendidas 2.996 pessoas.<\/p>\n<p style=\"text-align: justify;\">Durante a a\u00e7\u00e3o, foram distribu\u00eddos 400 caf\u00e9s da manh\u00e3 e 400 almo\u00e7os para a popula\u00e7\u00e3o em vulnerabilidade social, boa parte pessoas em situa\u00e7\u00e3o de rua.<\/p>\n<p style=\"text-align: justify;\">A a\u00e7\u00e3o do Dia Mundial dos Pobres foi tamb\u00e9m momento de distribuir os kits com \u00e1gua e panetone arrecadados na parceria entre o Cristo Redentor e os f\u00e3s da cantora Taylor Swift, que arrecadaram os itens num desafio pela proje\u00e7\u00e3o das boas-vindas \u00e0 artista na cidade.<\/p>\n<p style=\"text-align: justify;\">Ap\u00f3s a missa, o Coral de Rua, formado por pessoas em situa\u00e7\u00e3o de rua, &#8220;realizou duas belas apresenta\u00e7\u00f5es&#8221;, contou o arcebispo do Rio de Janeiro, cardeal Orani Tempesta.\u00a0<a href=\"https:\/\/www.instagram.com\/p\/Cz3hw9FA2VZ\/?utm_source=ig_web_copy_link\" target=\"_blank\" rel=\"noopener\">Saiba mais.<\/a><\/p>\n<figure id=\"attachment_955081\" aria-describedby=\"caption-attachment-955081\" style=\"width: 1080px\" class=\"wp-caption aligncenter\"><img decoding=\"async\" loading=\"lazy\" class=\"wp-image-955081 size-full\" src=\"https:\/\/www.cnbb.org.br\/wp-content\/uploads\/2023\/11\/Dia-Mundial-dos-Pobres-RJ-2.jpg\" alt=\"\" width=\"1080\" height=\"712\" srcset=\"https:\/\/www.cnbb.org.br\/wp-content\/uploads\/2023\/11\/Dia-Mundial-dos-Pobres-RJ-2.jpg 1080w, https:\/\/www.cnbb.org.br\/wp-content\/uploads\/2023\/11\/Dia-Mundial-dos-Pobres-RJ-2-300x198.jpg 300w, https:\/\/www.cnbb.org.br\/wp-content\/uploads\/2023\/11\/Dia-Mundial-dos-Pobres-RJ-2-1024x675.jpg 1024w, https:\/\/www.cnbb.org.br\/wp-content\/uploads\/2023\/11\/Dia-Mundial-dos-Pobres-RJ-2-768x506.jpg 768w, https:\/\/www.cnbb.org.br\/wp-content\/uploads\/2023\/11\/Dia-Mundial-dos-Pobres-RJ-2-500x330.jpg 500w\" sizes=\"(max-width: 1080px) 100vw, 1080px\" \/><figcaption id=\"caption-attachment-955081\" class=\"wp-caption-text\">Foto: reprodu\u00e7\u00e3o\/Instagram<\/figcaption><\/figure>\n<h3 style=\"text-align: justify;\">Nordeste 1<\/h3>\n<div class=\"elementor-widget-container\" style=\"text-align: justify;\">\n<p class=\"elementor-grid\" style=\"text-align: justify;\">No Cear\u00e1, a C\u00e1ritas Regional, o Setor de Comunica\u00e7\u00e3o e a C\u00e1ritas de Crate\u00fas desenvolveram uma <strong><a href=\"https:\/\/www.facebook.com\/cnbbne1\" target=\"_blank\" rel=\"noopener\">s\u00e9rie de v\u00eddeos<\/a><\/strong>, com depoimentos diversos, abordando a vida e a\u00e7\u00f5es de homens e mulheres. O material foi publicado durante a semana nas redes sociais do Regional e das C\u00e1ritas.<\/p>\n<p><img decoding=\"async\" class=\"aligncenter\" src=\"https:\/\/www.cnbbne1.org.br\/wp-content\/uploads\/2023\/11\/Design-sem-nome-14.png\" \/><\/p>\n<p class=\"elementor-grid\" style=\"text-align: justify;\"><span style=\"font-size: 16px;\">Na diocese de Limoeiro do Norte, foi feita visita aos catadores de materiais recicl\u00e1veis. Em Tiagu\u00e1, foram registradas a\u00e7\u00f5es de sa\u00fade, educa\u00e7\u00e3o, servi\u00e7o de beleza e celebra\u00e7\u00e3o eucar\u00edstica. J\u00e1 em Crate\u00fas, houve a semana de solidariedade.<\/span><\/p>\n<\/div>\n<h3 style=\"text-align: justify;\">Nordeste 2<\/h3>\n<p style=\"text-align: justify;\">A Comiss\u00e3o para a A\u00e7\u00e3o Sociotransformadora do Regional Nordeste 2 escolheu a cidade de Sol\u00e2nia, na diocese de Guarabira (PB), para celebrar o Dia Mundial dos Pobres. A celebra\u00e7\u00e3o teve in\u00edcio no s\u00e1bado, no Santu\u00e1rio Padre Ibiapina, com momento de reflex\u00e3o e espiritualidade.<\/p>\n<p style=\"text-align: justify;\">No domingo, foi realizada visita mission\u00e1ria, oferta de caf\u00e9 da manh\u00e3 e momento celebrativo inspirado no tema do Dia Mundial do Pobre. A a\u00e7\u00e3o foi conclu\u00edda com a distribui\u00e7\u00e3o de sopa \u00e0s fam\u00edlias da regi\u00e3o.\u00a0A celebra\u00e7\u00e3o regional foi conclu\u00edda com uma tarde de visita ao museu e \u00e0 casa dos milagres no Santu\u00e1rio Padre Ibiapina, seguida da Santa Missa.<\/p>\n<div class=\"wp-block-image\" style=\"text-align: justify;\"><\/div>\n<pre>Foto de capa: Sara Gomes\/Arquidiocese de Salvador<\/pre>\n","protected":false},"excerpt":{"rendered":"<p>A iniciativa busca chamar a aten\u00e7\u00e3o para a situa\u00e7\u00e3o das pessoas em situa\u00e7\u00e3o de pobreza e marginaliza\u00e7\u00e3o e incentivar a solidariedade e o apoio aos menos favorecidos. Em todo o Brasil, diversas iniciativas foram realizadas a partir da motiva\u00e7\u00e3o do tema &#8220;N\u00e3o desvies o rosto de nenhum pobre\u201d (Tb 4,7)<\/p>\n","protected":false},"author":38,"featured_media":955085,"comment_status":"closed","ping_status":"closed","sticky":false,"template":"","format":"standard","meta":{"site-sidebar-layout":"default","site-content-layout":"default","ast-global-header-display":"","ast-banner-title-visibility":"","ast-main-header-display":"","ast-hfb-above-header-display":"","ast-hfb-below-header-display":"","ast-hfb-mobile-header-display":"","site-post-title":"","ast-breadcrumbs-content":"","ast-featured-img":"","footer-sml-layout":"","theme-transparent-header-meta":"default","adv-header-id-meta":"","stick-header-meta":"","header-above-stick-meta":"","header-main-stick-meta":"","header-below-stick-meta":""},"categories":[865],"tags":[1723,2545,5246,2124,5084],"acf":[],"_links":{"self":[{"href":"https:\/\/www.cnbb.org.br\/cnbb-app\/wp\/v2\/posts\/955077"}],"collection":[{"href":"https:\/\/www.cnbb.org.br\/cnbb-app\/wp\/v2\/posts"}],"about":[{"href":"https:\/\/www.cnbb.org.br\/cnbb-app\/wp\/v2\/types\/post"}],"author":[{"embeddable":true,"href":"https:\/\/www.cnbb.org.br\/cnbb-app\/wp\/v2\/users\/38"}],"replies":[{"embeddable":true,"href":"https:\/\/www.cnbb.org.br\/cnbb-app\/wp\/v2\/comments?post=955077"}],"version-history":[{"count":7,"href":"https:\/\/www.cnbb.org.br\/cnbb-app\/wp\/v2\/posts\/955077\/revisions"}],"predecessor-version":[{"id":955122,"href":"https:\/\/www.cnbb.org.br\/cnbb-app\/wp\/v2\/posts\/955077\/revisions\/955122"}],"wp:featuredmedia":[{"embeddable":true,"href":"https:\/\/www.cnbb.org.br\/cnbb-app\/wp\/v2\/media\/955085"}],"wp:attachment":[{"href":"https:\/\/www.cnbb.org.br\/cnbb-app\/wp\/v2\/media?parent=955077"}],"wp:term":[{"taxonomy":"category","embeddable":true,"href":"https:\/\/www.cnbb.org.br\/cnbb-app\/wp\/v2\/categories?post=955077"},{"taxonomy":"post_tag","embeddable":true,"href":"https:\/\/www.cnbb.org.br\/cnbb-app\/wp\/v2\/tags?post=955077"}],"curies":[{"name":"wp","href":"https:\/\/api.w.org\/{rel}","templated":true}]}}