{"id":955470,"date":"2023-11-29T14:47:39","date_gmt":"2023-11-29T17:47:39","guid":{"rendered":"https:\/\/www.cnbb.org.br\/?p=955470"},"modified":"2023-11-29T14:51:56","modified_gmt":"2023-11-29T17:51:56","slug":"seminario-de-iniciacao-a-vida-crista-para-presbiteros-que-acontece-em-brasilia-df-de-4-a-6-de-dezembro","status":"publish","type":"post","link":"https:\/\/www.cnbb.org.br\/seminario-de-iniciacao-a-vida-crista-para-presbiteros-que-acontece-em-brasilia-df-de-4-a-6-de-dezembro\/","title":{"rendered":"Semin\u00e1rio de Inicia\u00e7\u00e3o \u00e0 Vida Crist\u00e3 para Presb\u00edteros acontece em Bras\u00edlia (DF) de 4 a 6 de dezembro"},"content":{"rendered":"<p style=\"text-align: justify;\">A Comiss\u00e3o Episcopal para a Anima\u00e7\u00e3o B\u00edblico-Catequ\u00e9tica da Confer\u00eancia Nacional dos Bispos do Brasil (CNBB) realiza o Semin\u00e1rio de Inicia\u00e7\u00e3o \u00e0 Vida Crist\u00e3 para Presb\u00edteros, de 4 a 6 de dezembro, na Casa Dom Luciano Mendes de Almeida, em Bras\u00edlia (DF).<\/p>\n<p style=\"text-align: justify;\">A iniciativa, segundo o assessor da Comiss\u00e3o, padre Wagner Carvalho, tem o objetivo de possibilitar, junto aos participantes, a constru\u00e7\u00e3o de um subs\u00eddio sobre inicia\u00e7\u00e3o a vida crist\u00e3.<\/p>\n<blockquote>\n<p style=\"text-align: justify;\">&#8220;Este ser\u00e1 um semin\u00e1rio orientado por um subs\u00eddio que est\u00e1 em prepara\u00e7\u00e3o por um grupo de peritos convidados pela Comiss\u00e3o. Desejamos ouvir experi\u00eancias e consultar diversas realidades, para que o subs\u00eddio realmente responda aos anseios e aos desafios pr\u00f3prios do minist\u00e9rio presbiteral frente ao servi\u00e7o \u00e0 Inicia\u00e7\u00e3o \u00e0 Vida Crist\u00e3&#8221;, explica a Comiss\u00e3o.<\/p>\n<\/blockquote>\n<h3><strong>Programa\u00e7\u00e3o<\/strong><\/h3>\n<p style=\"text-align: justify;\">O primeiro dia, 4 de dezembro, contar\u00e1 com a sauda\u00e7\u00e3o do presidente da Comiss\u00e3o, dom Leomar Ant\u00f4nio Brustolin, e com duas confer\u00eancias. Uma sobre a leitura orante da B\u00edblia na Inicia\u00e7\u00e3o \u00e0 Vida Crist\u00e3 (IVC) e a outra sobre Querigma.<\/p>\n<p style=\"text-align: justify;\">No segundo dia do Semin\u00e1rio, 5 de dezembro, ter\u00e3o quatro confer\u00eancias: &#8220;Inicia\u00e7\u00e3o \u00e0 Vida Crist\u00e3 na Comunidade&#8221;; &#8220;o presb\u00edtero e a Inicia\u00e7\u00e3o \u00e0 Vida Crist\u00e3&#8221;; &#8220;IVC na perspectiva do Ritual de Inicia\u00e7\u00e3o Crist\u00e3 de Adultos (RICA)&#8221;; &#8220;IVC e quest\u00f5es do Direito Can\u00f4nico: aspectos dos minist\u00e9rios do presb\u00edtero e do catequista&#8221;.<\/p>\n<p style=\"text-align: justify;\">Por \u00faltimo, no dia 6 de dezembro, os participantes far\u00e3o uma visita \u00e0 Catedral Metropolitana Nossa Senhora Aparecida e participar\u00e3o da \u00faltima confer\u00eancia sobre &#8220;IVC e Liturgia: ritos e entregas&#8221;.<\/p>\n<p>A programa\u00e7\u00e3o na \u00edntegra com todas as confer\u00eancias e palestrantes de cada dia pode ser acessada (<a href=\"https:\/\/www.cnbb.org.br\/wp-content\/uploads\/2023\/11\/PROGRAMACAO-SEMINARIO-DE-IVC-PARA-PRESBITEROS-1.pdf\">aqui<\/a>).<\/p>\n<p>&nbsp;<\/p>\n","protected":false},"excerpt":{"rendered":"<p>O Semin\u00e1rio ser\u00e1 realizado de 4 a 6 de dezembro na Casa Dom Luciano Mendes de Almeida, em Bras\u00edlia (DF). A iniciativa, segundo o padre Wagner Carvalho tem o objetivo de possibilitar que os participantes contribuam no processo de constru\u00e7\u00e3o do subs\u00eddio sobre Inicia\u00e7\u00e3o \u00e0 Vida Crist\u00e3 que a Comiss\u00e3o para a Anima\u00e7\u00e3o B\u00edblico-Catequ\u00e9tica est\u00e1 preparando<\/p>\n","protected":false},"author":38,"featured_media":953111,"comment_status":"closed","ping_status":"closed","sticky":false,"template":"","format":"standard","meta":{"site-sidebar-layout":"default","site-content-layout":"default","ast-global-header-display":"","ast-banner-title-visibility":"","ast-main-header-display":"","ast-hfb-above-header-display":"","ast-hfb-below-header-display":"","ast-hfb-mobile-header-display":"","site-post-title":"","ast-breadcrumbs-content":"","ast-featured-img":"","footer-sml-layout":"","theme-transparent-header-meta":"default","adv-header-id-meta":"","stick-header-meta":"","header-above-stick-meta":"","header-main-stick-meta":"","header-below-stick-meta":""},"categories":[800,1841],"tags":[1881,5243],"acf":[],"_links":{"self":[{"href":"https:\/\/www.cnbb.org.br\/cnbb-app\/wp\/v2\/posts\/955470"}],"collection":[{"href":"https:\/\/www.cnbb.org.br\/cnbb-app\/wp\/v2\/posts"}],"about":[{"href":"https:\/\/www.cnbb.org.br\/cnbb-app\/wp\/v2\/types\/post"}],"author":[{"embeddable":true,"href":"https:\/\/www.cnbb.org.br\/cnbb-app\/wp\/v2\/users\/38"}],"replies":[{"embeddable":true,"href":"https:\/\/www.cnbb.org.br\/cnbb-app\/wp\/v2\/comments?post=955470"}],"version-history":[{"count":3,"href":"https:\/\/www.cnbb.org.br\/cnbb-app\/wp\/v2\/posts\/955470\/revisions"}],"predecessor-version":[{"id":955555,"href":"https:\/\/www.cnbb.org.br\/cnbb-app\/wp\/v2\/posts\/955470\/revisions\/955555"}],"wp:featuredmedia":[{"embeddable":true,"href":"https:\/\/www.cnbb.org.br\/cnbb-app\/wp\/v2\/media\/953111"}],"wp:attachment":[{"href":"https:\/\/www.cnbb.org.br\/cnbb-app\/wp\/v2\/media?parent=955470"}],"wp:term":[{"taxonomy":"category","embeddable":true,"href":"https:\/\/www.cnbb.org.br\/cnbb-app\/wp\/v2\/categories?post=955470"},{"taxonomy":"post_tag","embeddable":true,"href":"https:\/\/www.cnbb.org.br\/cnbb-app\/wp\/v2\/tags?post=955470"}],"curies":[{"name":"wp","href":"https:\/\/api.w.org\/{rel}","templated":true}]}}