{"id":955820,"date":"2023-12-07T15:10:17","date_gmt":"2023-12-07T18:10:17","guid":{"rendered":"https:\/\/www.cnbb.org.br\/?p=955820"},"modified":"2023-12-07T16:18:20","modified_gmt":"2023-12-07T19:18:20","slug":"em-celebracao-dom-joao-justino-enaltece-a-chegada-da-terceira-edicao-tipica-do-missal-as-comunidades-do-brasil","status":"publish","type":"post","link":"https:\/\/www.cnbb.org.br\/em-celebracao-dom-joao-justino-enaltece-a-chegada-da-terceira-edicao-tipica-do-missal-as-comunidades-do-brasil\/","title":{"rendered":"Em celebra\u00e7\u00e3o, dom Jo\u00e3o Justino enaltece a chegada da terceira edi\u00e7\u00e3o t\u00edpica do Missal \u00e0s comunidades do Brasil"},"content":{"rendered":"<p style=\"text-align: justify;\">O primeiro domingo do Advento, no \u00faltimo dia 3 de dezembro, marcou o in\u00edcio do uso da tradu\u00e7\u00e3o da terceira edi\u00e7\u00e3o t\u00edpica do Missal Romano\u00a0 na Igreja no Brasil. Para marcar esta data, foi realizada, pela Confer\u00eancia Nacional dos Bispos do Brasil (CNBB) uma celebra\u00e7\u00e3o em a\u00e7\u00e3o de gra\u00e7as no Santu\u00e1rio Nacional de Aparecida (SP), tamb\u00e9m como forma de agradecer a chegada de mais de 70 mil missais \u00e0s comunidades cat\u00f3licas do pa\u00eds.<\/p>\n<p style=\"text-align: justify;\"><img decoding=\"async\" loading=\"lazy\" class=\"size-medium wp-image-955824 alignright\" src=\"https:\/\/www.cnbb.org.br\/wp-content\/uploads\/2023\/12\/Dom-Joao-Justino-concelebrantes--300x225.jpg\" alt=\"\" width=\"300\" height=\"225\" srcset=\"https:\/\/www.cnbb.org.br\/wp-content\/uploads\/2023\/12\/Dom-Joao-Justino-concelebrantes--300x225.jpg 300w, https:\/\/www.cnbb.org.br\/wp-content\/uploads\/2023\/12\/Dom-Joao-Justino-concelebrantes--768x576.jpg 768w, https:\/\/www.cnbb.org.br\/wp-content\/uploads\/2023\/12\/Dom-Joao-Justino-concelebrantes--500x375.jpg 500w, https:\/\/www.cnbb.org.br\/wp-content\/uploads\/2023\/12\/Dom-Joao-Justino-concelebrantes--800x600.jpg 800w, https:\/\/www.cnbb.org.br\/wp-content\/uploads\/2023\/12\/Dom-Joao-Justino-concelebrantes-.jpg 1024w\" sizes=\"(max-width: 300px) 100vw, 300px\" \/>O arcebispo de Goi\u00e2nia, dom Jo\u00e3o Justino de Medeiros e Silva, presidiu a celebra\u00e7\u00e3o que foi concelebrada pelo bispo de Bonfim (BA) e presidente da Comiss\u00e3o Episcopal para a Liturgia da CNBB, dom Hernaldo Farias, e o arcebispo de Aparecida (SP), dom Orlando Brandes.<\/p>\n<p style=\"text-align: justify;\">Em sua homilia, dom Jo\u00e3o Justino enalteceu a import\u00e2ncia da data, uma vez que &#8220;h\u00e1 50 anos atr\u00e1s entrava em uso a tradu\u00e7\u00e3o do missal em portugu\u00eas correspondente \u00e0 primeira edi\u00e7\u00e3o t\u00edpica. E dia 4 de dezembro, completam-se 60 anos da promulga\u00e7\u00e3o da Constitui\u00e7\u00e3o<em> Sacrosanctum Concilium,<\/em> documento do Conc\u00edlio Vaticano II que fundamenta a reforma lit\u00fargica&#8221;.<\/p>\n<blockquote>\n<p style=\"text-align: justify;\">O arcebispo lembrou que representou, na celebra\u00e7\u00e3o, a CNBB. Dom Jo\u00e3o Justino enalteceu ainda o trabalho de tradu\u00e7\u00e3o da nova edi\u00e7\u00e3o do missal. &#8220;Nossas comunidades, pa\u00eds afora, acompanharam o trabalho delicado e exigente de bispos e peritos nas l\u00ednguas latina e portuguesa. Eles, por muitos anos, se debru\u00e7aram sobre os textos, afinaram seus ouvidos para a melhor comunica\u00e7\u00e3o dos textos lit\u00fargicos, e finalmente nos entregaram a tradu\u00e7\u00e3o final. O missal \u00e9 um livro de ora\u00e7\u00f5es&#8221;.<\/p>\n<\/blockquote>\n<h3>70 mil exemplares distribu\u00eddos<\/h3>\n<p style=\"text-align: justify;\">O primeiro vice-presidente da CNBB deu destaque ainda o trabalho dos colaboradores que trabalharam para consolidar a publica\u00e7\u00e3o, especialmente das Edi\u00e7\u00f5es CNBB, que entregaram mais de 70 mil exemplares do missal, distribu\u00eddos at\u00e9 para as mais long\u00ednquas comunidades. &#8220;Agradecidos, hoje podemos dizer que o Missal chegou do Oiapoque ao Chu\u00ed e, neste primeiro domingo do advento todos n\u00f3s cat\u00f3licos podemos celebrar com a nova tradu\u00e7\u00e3o das ora\u00e7\u00f5es lit\u00fargicas da Igreja&#8221;, disse.<\/p>\n<p style=\"text-align: justify;\">Sobre o Advento, dom Jo\u00e3o Justino ressaltou que os crist\u00e3os e cat\u00f3licos vivem entre &#8220;a primeira vinda e a\u00a0 segunda vinda. &#8220;Na hist\u00f3ria estamos entre o nascimento de Jesus, o Natal, e sua vinda futura, cujo dia e hora o pr\u00f3prio Jesus afirmou: ningu\u00e9m sabe, nem os anjos do c\u00e9u, nem o Filho, mas s\u00f3 o Pai. (cf. Mateus 24,36)&#8221;, refor\u00e7ou.<\/p>\n<p><strong>Para ler:<\/strong><br \/>\nLeia (<a href=\"https:\/\/www.cnbb.org.br\/wp-content\/uploads\/2023\/12\/Homilia-dom-Joao-Justino-em-celebracao-dia-3-de-dez-no-santuario-de-Aparecida.pdf\">aqui<\/a>) a \u00edntegra da homilia de dom Jo\u00e3o Justino.<\/p>\n<div id='gallery-1' class='gallery galleryid-955820 gallery-columns-3 gallery-size-medium'><figure class='gallery-item'>\n\t\t\t<div class='gallery-icon landscape'>\n\t\t\t\t<a href='https:\/\/www.cnbb.org.br\/wp-content\/uploads\/2023\/12\/Dom-Joao-Justino-missal-scaled.jpg' title=\"\" data-rl_title=\"\" class=\"rl-gallery-link\" data-rl_caption=\"\" data-rel=\"lightbox-gallery-1\"><img width=\"300\" height=\"225\" src=\"https:\/\/www.cnbb.org.br\/wp-content\/uploads\/2023\/12\/Dom-Joao-Justino-missal-300x225.jpg\" class=\"attachment-medium size-medium\" alt=\"\" decoding=\"async\" loading=\"lazy\" aria-describedby=\"gallery-1-955832\" srcset=\"https:\/\/www.cnbb.org.br\/wp-content\/uploads\/2023\/12\/Dom-Joao-Justino-missal-300x225.jpg 300w, https:\/\/www.cnbb.org.br\/wp-content\/uploads\/2023\/12\/Dom-Joao-Justino-missal-1024x768.jpg 1024w, https:\/\/www.cnbb.org.br\/wp-content\/uploads\/2023\/12\/Dom-Joao-Justino-missal-768x576.jpg 768w, https:\/\/www.cnbb.org.br\/wp-content\/uploads\/2023\/12\/Dom-Joao-Justino-missal-1536x1152.jpg 1536w, https:\/\/www.cnbb.org.br\/wp-content\/uploads\/2023\/12\/Dom-Joao-Justino-missal-2048x1536.jpg 2048w, https:\/\/www.cnbb.org.br\/wp-content\/uploads\/2023\/12\/Dom-Joao-Justino-missal-500x375.jpg 500w, https:\/\/www.cnbb.org.br\/wp-content\/uploads\/2023\/12\/Dom-Joao-Justino-missal-800x600.jpg 800w\" sizes=\"(max-width: 300px) 100vw, 300px\" \/><\/a>\n\t\t\t<\/div>\n\t\t\t\t<figcaption class='wp-caption-text gallery-caption' id='gallery-1-955832'>\n\t\t\t\tFotos: Andreza Galv\u00e3o | Portal A12\n\t\t\t\t<\/figcaption><\/figure><figure class='gallery-item'>\n\t\t\t<div class='gallery-icon landscape'>\n\t\t\t\t<a href='https:\/\/www.cnbb.org.br\/wp-content\/uploads\/2023\/12\/Dom-Joao-Justino-concelebrantes-.jpg' title=\"\" data-rl_title=\"\" class=\"rl-gallery-link\" data-rl_caption=\"\" data-rel=\"lightbox-gallery-1\"><img width=\"300\" height=\"225\" src=\"https:\/\/www.cnbb.org.br\/wp-content\/uploads\/2023\/12\/Dom-Joao-Justino-concelebrantes--300x225.jpg\" class=\"attachment-medium size-medium\" alt=\"\" decoding=\"async\" loading=\"lazy\" srcset=\"https:\/\/www.cnbb.org.br\/wp-content\/uploads\/2023\/12\/Dom-Joao-Justino-concelebrantes--300x225.jpg 300w, https:\/\/www.cnbb.org.br\/wp-content\/uploads\/2023\/12\/Dom-Joao-Justino-concelebrantes--768x576.jpg 768w, https:\/\/www.cnbb.org.br\/wp-content\/uploads\/2023\/12\/Dom-Joao-Justino-concelebrantes--500x375.jpg 500w, https:\/\/www.cnbb.org.br\/wp-content\/uploads\/2023\/12\/Dom-Joao-Justino-concelebrantes--800x600.jpg 800w, https:\/\/www.cnbb.org.br\/wp-content\/uploads\/2023\/12\/Dom-Joao-Justino-concelebrantes-.jpg 1024w\" sizes=\"(max-width: 300px) 100vw, 300px\" \/><\/a>\n\t\t\t<\/div><\/figure><figure class='gallery-item'>\n\t\t\t<div class='gallery-icon landscape'>\n\t\t\t\t<a href='https:\/\/www.cnbb.org.br\/wp-content\/uploads\/2023\/12\/Dom-Orlando-e-Patriky-scaled.jpg' title=\"\" data-rl_title=\"\" class=\"rl-gallery-link\" data-rl_caption=\"\" data-rel=\"lightbox-gallery-1\"><img width=\"300\" height=\"225\" src=\"https:\/\/www.cnbb.org.br\/wp-content\/uploads\/2023\/12\/Dom-Orlando-e-Patriky-300x225.jpg\" class=\"attachment-medium size-medium\" alt=\"\" decoding=\"async\" loading=\"lazy\" aria-describedby=\"gallery-1-955835\" srcset=\"https:\/\/www.cnbb.org.br\/wp-content\/uploads\/2023\/12\/Dom-Orlando-e-Patriky-300x225.jpg 300w, https:\/\/www.cnbb.org.br\/wp-content\/uploads\/2023\/12\/Dom-Orlando-e-Patriky-1024x768.jpg 1024w, https:\/\/www.cnbb.org.br\/wp-content\/uploads\/2023\/12\/Dom-Orlando-e-Patriky-768x576.jpg 768w, https:\/\/www.cnbb.org.br\/wp-content\/uploads\/2023\/12\/Dom-Orlando-e-Patriky-1536x1152.jpg 1536w, https:\/\/www.cnbb.org.br\/wp-content\/uploads\/2023\/12\/Dom-Orlando-e-Patriky-2048x1536.jpg 2048w, https:\/\/www.cnbb.org.br\/wp-content\/uploads\/2023\/12\/Dom-Orlando-e-Patriky-500x375.jpg 500w, https:\/\/www.cnbb.org.br\/wp-content\/uploads\/2023\/12\/Dom-Orlando-e-Patriky-800x600.jpg 800w\" sizes=\"(max-width: 300px) 100vw, 300px\" \/><\/a>\n\t\t\t<\/div>\n\t\t\t\t<figcaption class='wp-caption-text gallery-caption' id='gallery-1-955835'>\n\t\t\t\tFotos: Andreza Galv\u00e3o &#8211; Portal A12\n\t\t\t\t<\/figcaption><\/figure>\n\t\t<\/div>\n\n<h3>O Missal<\/h3>\n<p style=\"text-align: justify;\"><img decoding=\"async\" loading=\"lazy\" class=\"size-medium wp-image-955821 alignleft\" src=\"https:\/\/www.cnbb.org.br\/wp-content\/uploads\/2023\/12\/Missal-Aparecida--300x200.jpg\" alt=\"\" width=\"300\" height=\"200\" srcset=\"https:\/\/www.cnbb.org.br\/wp-content\/uploads\/2023\/12\/Missal-Aparecida--300x200.jpg 300w, https:\/\/www.cnbb.org.br\/wp-content\/uploads\/2023\/12\/Missal-Aparecida--768x512.jpg 768w, https:\/\/www.cnbb.org.br\/wp-content\/uploads\/2023\/12\/Missal-Aparecida--500x333.jpg 500w, https:\/\/www.cnbb.org.br\/wp-content\/uploads\/2023\/12\/Missal-Aparecida-.jpg 1024w\" sizes=\"(max-width: 300px) 100vw, 300px\" \/>O processo de tradu\u00e7\u00e3o levou 19 anos de trabalho. A jornada come\u00e7ou ap\u00f3s a promulga\u00e7\u00e3o, em 2002, pelo Papa Jo\u00e3o Paulo II, da nova edi\u00e7\u00e3o t\u00edpica. Desde ent\u00e3o, foram anos de intenso trabalho de tradu\u00e7\u00e3o, revis\u00e3o e aprova\u00e7\u00e3o do conte\u00fado, coordenados pela Comiss\u00e3o Episcopal para os Textos Lit\u00fargicos (Cetel).<\/p>\n<p style=\"text-align: justify;\">A terceira edi\u00e7\u00e3o t\u00edpica do Missal Romano foi aprovada pelos bispos na 59\u00aa Assembleia Geral da CNBB e encaminhada ao Dicast\u00e9rio para o Culto Divino e a Disciplina dos Sacramentos em dezembro de 2022. A confirma\u00e7\u00e3o da Santa S\u00e9 foi publicada no dia 17 de mar\u00e7o deste ano.\u00a0A Comiss\u00e3o Episcopal para a Liturgia da CNBB, as Edi\u00e7\u00f5es CNBB e a Assessoria de Comunica\u00e7\u00e3o da CNBB prepararam um\u00a0<a href=\"http:\/\/missalromano.com.br\/\" target=\"_blank\" rel=\"noopener\">hot site<\/a>\u00a0onde \u00e9 poss\u00edvel acessar textos, v\u00eddeos, not\u00edcias e forma\u00e7\u00e3o sobre a terceira edi\u00e7\u00e3o t\u00edpica do missal.<\/p>\n<h3><strong>Como adquirir?<\/strong><\/h3>\n<p>Edi\u00e7\u00f5es CNBB: (<strong><a href=\"https:\/\/www.edicoescnbb.com.br\/missal-romano-traducao-da-3a-edicao-tipica\" target=\"_blank\" rel=\"noopener\">aqui)<\/a><\/strong><\/p>\n<p>&nbsp;<\/p>\n<p>&nbsp;<\/p>\n<p>&nbsp;<\/p>\n<p>&nbsp;<\/p>\n","protected":false},"excerpt":{"rendered":"<p>Em sua homilia, dom Jo\u00e3o Justino enalteceu a import\u00e2ncia da data, uma vez que h\u00e1 50 anos atr\u00e1s entrava em uso a tradu\u00e7\u00e3o do missal em portugu\u00eas correspondente \u00e0 primeira edi\u00e7\u00e3o t\u00edpica. E dia 4 de dezembro, completaram-se 60 anos da  Sacrosanctum Concilium, documento do Conc\u00edlio Vaticano II que fundamenta a reforma lit\u00fargica&#8221;<\/p>\n","protected":false},"author":142,"featured_media":955832,"comment_status":"closed","ping_status":"closed","sticky":false,"template":"","format":"standard","meta":{"site-sidebar-layout":"default","site-content-layout":"default","ast-global-header-display":"","ast-banner-title-visibility":"","ast-main-header-display":"","ast-hfb-above-header-display":"","ast-hfb-below-header-display":"","ast-hfb-mobile-header-display":"","site-post-title":"","ast-breadcrumbs-content":"","ast-featured-img":"","footer-sml-layout":"","theme-transparent-header-meta":"default","adv-header-id-meta":"","stick-header-meta":"","header-above-stick-meta":"","header-main-stick-meta":"","header-below-stick-meta":""},"categories":[50,797],"tags":[5321],"acf":[],"_links":{"self":[{"href":"https:\/\/www.cnbb.org.br\/cnbb-app\/wp\/v2\/posts\/955820"}],"collection":[{"href":"https:\/\/www.cnbb.org.br\/cnbb-app\/wp\/v2\/posts"}],"about":[{"href":"https:\/\/www.cnbb.org.br\/cnbb-app\/wp\/v2\/types\/post"}],"author":[{"embeddable":true,"href":"https:\/\/www.cnbb.org.br\/cnbb-app\/wp\/v2\/users\/142"}],"replies":[{"embeddable":true,"href":"https:\/\/www.cnbb.org.br\/cnbb-app\/wp\/v2\/comments?post=955820"}],"version-history":[{"count":11,"href":"https:\/\/www.cnbb.org.br\/cnbb-app\/wp\/v2\/posts\/955820\/revisions"}],"predecessor-version":[{"id":955866,"href":"https:\/\/www.cnbb.org.br\/cnbb-app\/wp\/v2\/posts\/955820\/revisions\/955866"}],"wp:featuredmedia":[{"embeddable":true,"href":"https:\/\/www.cnbb.org.br\/cnbb-app\/wp\/v2\/media\/955832"}],"wp:attachment":[{"href":"https:\/\/www.cnbb.org.br\/cnbb-app\/wp\/v2\/media?parent=955820"}],"wp:term":[{"taxonomy":"category","embeddable":true,"href":"https:\/\/www.cnbb.org.br\/cnbb-app\/wp\/v2\/categories?post=955820"},{"taxonomy":"post_tag","embeddable":true,"href":"https:\/\/www.cnbb.org.br\/cnbb-app\/wp\/v2\/tags?post=955820"}],"curies":[{"name":"wp","href":"https:\/\/api.w.org\/{rel}","templated":true}]}}