{"id":955874,"date":"2023-12-08T10:47:22","date_gmt":"2023-12-08T13:47:22","guid":{"rendered":"https:\/\/www.cnbb.org.br\/?p=955874"},"modified":"2023-12-08T10:48:12","modified_gmt":"2023-12-08T13:48:12","slug":"imaculada-conceicao-7","status":"publish","type":"post","link":"https:\/\/www.cnbb.org.br\/imaculada-conceicao-7\/","title":{"rendered":"Imaculada Concei\u00e7\u00e3o\u00a0"},"content":{"rendered":"<p style=\"text-align: right;\"><b><span data-contrast=\"auto\">Cardeal Orani Jo\u00e3o Tempesta<\/span><\/b><span data-ccp-props=\"{&quot;201341983&quot;:0,&quot;335551550&quot;:3,&quot;335551620&quot;:3,&quot;335559739&quot;:0,&quot;335559740&quot;:240}\"><br \/>\n<\/span><b><span data-contrast=\"auto\">Arcebispo do Rio de Janeiro (RJ)<\/span><\/b><span data-ccp-props=\"{&quot;201341983&quot;:0,&quot;335551550&quot;:3,&quot;335551620&quot;:3,&quot;335559739&quot;:0,&quot;335559740&quot;:240}\">\u00a0<\/span><\/p>\n<p>&nbsp;<\/p>\n<p style=\"text-align: justify;\"><span data-contrast=\"auto\">Temos a gra\u00e7a de celebramos neste dia 8 de dezembro, o dia da Imaculada Concei\u00e7\u00e3o. A festa da Imaculada Concei\u00e7\u00e3o nos toca profundamente se a compreendemos \u00e0 luz das palavras de S\u00e3o Paulo: \u201cDeus nos escolheu, em Cristo, antes da funda\u00e7\u00e3o do mundo, para que sejamos santos e irrepreens\u00edveis sob o seu olhar, no amor\u201d (Ef 1,4). Maria \u00e9 o modelo de santidade para todos n\u00f3s! N\u00f3s n\u00e3o nascemos imaculados como Maria nasceu, por singular privil\u00e9gio de Deus. Estamos cheios de rugas: ruga \u00e9 nossa pregui\u00e7a, ruga a soberba, ruga a sensualidade desordenada que torna o esp\u00edrito t\u00e3o refrat\u00e1rio \u00e0 visita de Deus. Eliminar estas rugas e purificar-nos \u00e9 trabalho de toda a exist\u00eancia: trabalho dif\u00edcil e extenuante, mas indispens\u00e1vel, j\u00e1 que nada de impuro pode comparecer diante de Deus.<\/span><span data-ccp-props=\"{&quot;201341983&quot;:0,&quot;335551550&quot;:6,&quot;335551620&quot;:6,&quot;335559731&quot;:708,&quot;335559739&quot;:0,&quot;335559740&quot;:240}\">\u00a0<\/span><\/p>\n<p style=\"text-align: justify;\"><span data-contrast=\"auto\">A doutrina da Imaculada Concei\u00e7\u00e3o sempre foi uma realidade muito constante nos escritos dos santos. Desde os primeiros s\u00e9culos, a cristandade j\u00e1 recordava a Virgem Maria como aquela que fora preservada de toda mancha do pecado \u2013 a Tota Pulchra, como canta a ant\u00edfona pr\u00f3pria desta festa. Ao contr\u00e1rio de Eva, a tamb\u00e9m virgem imaculada que respondeu \u00e0 visita do anjo deca\u00eddo com seu n\u00e3o a Deus, Maria \u00e9 a virgem imaculada que, recebendo em sua casa a presen\u00e7a de S\u00e3o Gabriel, respondeu com o seu sim: \u201cEis aqui a escrava do Senhor, fa\u00e7a-se em mim segundo a Tua Palavra\u201d.<\/span><span data-ccp-props=\"{&quot;201341983&quot;:0,&quot;335551550&quot;:6,&quot;335551620&quot;:6,&quot;335559731&quot;:708,&quot;335559739&quot;:0,&quot;335559740&quot;:240}\">\u00a0<\/span><\/p>\n<p style=\"text-align: justify;\"><span data-contrast=\"auto\">E foi nesta firme convic\u00e7\u00e3o, \u201cdepois de na humildade e no jejum, dirigirmos sem interrup\u00e7\u00e3o as Nossas preces particulares, e as p\u00fablicas da Igreja, a Deus Pai\u201d, que o Papa Pio IX, num dos atos mais solenes de seu pontificado, declarou \u201ca doutrina que sustenta que a beat\u00edssima Virgem Maria, no primeiro instante da sua Concei\u00e7\u00e3o, por singular gra\u00e7a e privil\u00e9gio de Deus onipotente (&#8230;) foi preservada imune de toda mancha de pecado original\u201d. N\u00e3o por acaso, pouco tempo depois desta proclama\u00e7\u00e3o, em 1858, Nossa Senhora apareceria a uma jovem camponesa de Lourdes, na Fran\u00e7a, dizendo ser a \u201cImaculada Concei\u00e7\u00e3o\u201d.<\/span><span data-ccp-props=\"{&quot;201341983&quot;:0,&quot;335551550&quot;:6,&quot;335551620&quot;:6,&quot;335559731&quot;:708,&quot;335559739&quot;:0,&quot;335559740&quot;:240}\">\u00a0<\/span><\/p>\n<p style=\"text-align: justify;\"><span data-contrast=\"auto\">Antes da defini\u00e7\u00e3o de Pio IX, no entanto, existiam algumas controv\u00e9rsias teol\u00f3gicas quanto a esse ensinamento. Embora fosse de grande consenso a doutrina segundo a qual Maria nascera sem pecado algum \u2013 estando essa verdade presente n\u00e3o s\u00f3 na f\u00e9 popular como tamb\u00e9m nos textos lit\u00fargicos \u2013, muitos te\u00f3logos viam com dificuldade a proposi\u00e7\u00e3o, sobretudo porque n\u00e3o conseguiam entender de que modo isso poderia se relacionar com a reden\u00e7\u00e3o operada por Cristo no mist\u00e9rio da paix\u00e3o. Afinal, sendo Maria Imaculada, teria ela necessitado da salva\u00e7\u00e3o?<\/span><span data-ccp-props=\"{&quot;201341983&quot;:0,&quot;335551550&quot;:6,&quot;335551620&quot;:6,&quot;335559731&quot;:708,&quot;335559739&quot;:0,&quot;335559740&quot;:240}\">\u00a0<\/span><\/p>\n<p style=\"text-align: justify;\"><span data-contrast=\"auto\">A confus\u00e3o teol\u00f3gica, contudo, ainda perdurou por algum tempo at\u00e9 que um frade franciscano, o bem-aventurado Duns Scoto, finalmente apresentasse uma explica\u00e7\u00e3o consistente. Frei Scoto defendia que Maria havia sido salva j\u00e1 no ventre de Sant\u2019Anna, tendo em vista o sangue de Cristo derramado na cruz. Uma vez que Deus n\u00e3o est\u00e1 preso ao tempo e ao espa\u00e7o, Ele bem poderia utilizar os m\u00e9ritos da Paix\u00e3o de Jesus antecipadamente, preservando Nossa Senhora do pecado original. Foi baseado nesta argumenta\u00e7\u00e3o que o tamb\u00e9m bem-aventurado Papa Pio IX publicou a Bula <\/span><i><span data-contrast=\"auto\">Innefabillis Deus<\/span><\/i><b><i><span data-contrast=\"auto\">,<\/span><\/i><\/b><span data-contrast=\"auto\"> pondo termo \u00e0 controv\u00e9rsia e definindo como dogma de f\u00e9 a \u201cImaculada Concei\u00e7\u00e3o de Maria\u201d.<\/span><span data-ccp-props=\"{&quot;201341983&quot;:0,&quot;335551550&quot;:6,&quot;335551620&quot;:6,&quot;335559731&quot;:708,&quot;335559739&quot;:0,&quot;335559740&quot;:240}\">\u00a0<\/span><\/p>\n<p style=\"text-align: justify;\"><span data-contrast=\"auto\">Na Bula <\/span><i><span data-contrast=\"auto\">Innefabillis Deus<\/span><\/i><span data-contrast=\"auto\">, Pio IX usa duas passagens b\u00edblicas para atestar a veracidade do dogma: G\u00eanesis, cap\u00edtulo 3 \u2013 o chamado Proto-Evangelho em que se narra a \u201cinimizade\u201d entre a serpente e a Mulher \u2013, e Lucas, cap\u00edtulo 1, no qual o evangelista relata a sauda\u00e7\u00e3o ang\u00e9lica de S\u00e3o Gabriel: \u201cAve, Cheia de Gra\u00e7a, o Senhor \u00e9 convosco\u201d. Com esses dois textos, o Papa revela as evid\u00eancias da santidade de Maria. Por ter sido agraciada desde o ventre de sua m\u00e3e, Maria \u00e9 a inimiga por excel\u00eancia do dem\u00f4nio; e sendo a \u201cCheia de Gra\u00e7a\u201d, \u00e0 qual \u201cgrandes coisas fez Aquele que \u00e9 poderoso\u201d, possui a mais perfeita amizade com Deus.\u00a0<\/span><span data-ccp-props=\"{&quot;201341983&quot;:0,&quot;335551550&quot;:6,&quot;335551620&quot;:6,&quot;335559731&quot;:708,&quot;335559739&quot;:0,&quot;335559740&quot;:240}\">\u00a0<\/span><\/p>\n<p style=\"text-align: justify;\"><span data-contrast=\"auto\">O Evangelho desta Solenidade \u2013 Lc 1, 26-38 \u2013 neste Evangelho de Lucas, nos apresenta o di\u00e1logo ente Maria e o Anjo. A conversa come\u00e7a com a sauda\u00e7\u00e3o do anjo. Assim, o termo \u201cave\u201d (em grego \u201cKaire\u201d) com que o anjo se dirige a Maria \u00e9 mais do que uma sauda\u00e7\u00e3o: \u00e9 o eco dos an\u00fancios de salva\u00e7\u00e3o \u00e0 \u201cfilha de Si\u00e3o\u201d. A express\u00e3o \u201ccheia de gra\u00e7a\u201d significa que Maria \u00e9 objeto da predile\u00e7\u00e3o e do amor de Deus. A outra express\u00e3o \u201co Senhor est\u00e1 contigo\u201d \u00e9 uma express\u00e3o que aparece com frequ\u00eancia ligada aos relata das voca\u00e7\u00f5es no Antigo Testamento. Estamos, portanto, diante da voca\u00e7\u00e3o de Maria. Ela diante do chamado que Deus faz por meio do anjo, d\u00e1 a resposta, ou seja, o seu sim a Deus. Este sim, vai marcar toda a humanidade, pois, a gra\u00e7a de Deus enche o cora\u00e7\u00e3o de uma mulher t\u00e3o humilde e t\u00e3o nobre.\u00a0<\/span><span data-ccp-props=\"{&quot;201341983&quot;:0,&quot;335551550&quot;:6,&quot;335551620&quot;:6,&quot;335559731&quot;:708,&quot;335559739&quot;:0,&quot;335559740&quot;:240}\">\u00a0<\/span><\/p>\n<p style=\"text-align: justify;\"><span data-contrast=\"auto\">Pe\u00e7amos a Maria que nos ensine a ser fi\u00e9is a Deus em nossa miss\u00e3o. Que a sua humildade nos fa\u00e7a amantes D\u2019Aquele que veio a n\u00f3s para que n\u00f3s vamos at\u00e9 Ele. Maria, olhai por n\u00f3s! Vele por todo o seu povo para que sejamos semelhantes e trilhemos sempre o caminho do seu Divino Filho.<\/span><span data-ccp-props=\"{&quot;201341983&quot;:0,&quot;335551550&quot;:6,&quot;335551620&quot;:6,&quot;335559731&quot;:708,&quot;335559739&quot;:0,&quot;335559740&quot;:240}\">\u00a0<\/span><\/p>\n<p><span data-ccp-props=\"{&quot;201341983&quot;:0,&quot;335551550&quot;:6,&quot;335551620&quot;:6,&quot;335559739&quot;:0,&quot;335559740&quot;:240}\">\u00a0<\/span><\/p>\n<p><span data-ccp-props=\"{&quot;201341983&quot;:0,&quot;335551550&quot;:6,&quot;335551620&quot;:6,&quot;335559739&quot;:0,&quot;335559740&quot;:240}\">\u00a0<\/span><\/p>\n<p>&nbsp;<\/p>\n<p><span data-ccp-props=\"{&quot;201341983&quot;:0,&quot;335559739&quot;:160,&quot;335559740&quot;:259}\">\u00a0<\/span><\/p>\n","protected":false},"excerpt":{"rendered":"<p>Cardeal Orani Jo\u00e3o Tempesta Arcebispo do Rio de Janeiro (RJ)\u00a0 &nbsp; Temos a gra\u00e7a de celebramos neste dia 8 de dezembro, o dia da Imaculada Concei\u00e7\u00e3o. A festa da Imaculada Concei\u00e7\u00e3o nos toca profundamente se a compreendemos \u00e0 luz das palavras de S\u00e3o Paulo: \u201cDeus nos escolheu, em Cristo, antes da funda\u00e7\u00e3o do mundo, para &hellip;<\/p>\n<p class=\"read-more\"> <a class=\"\" href=\"https:\/\/www.cnbb.org.br\/imaculada-conceicao-7\/\"> <span class=\"screen-reader-text\">Imaculada Concei\u00e7\u00e3o\u00a0<\/span> Leia mais &raquo;<\/a><\/p>\n","protected":false},"author":31,"featured_media":0,"comment_status":"closed","ping_status":"closed","sticky":false,"template":"","format":"standard","meta":{"site-sidebar-layout":"default","site-content-layout":"default","ast-global-header-display":"","ast-banner-title-visibility":"","ast-main-header-display":"","ast-hfb-above-header-display":"","ast-hfb-below-header-display":"","ast-hfb-mobile-header-display":"","site-post-title":"","ast-breadcrumbs-content":"","ast-featured-img":"","footer-sml-layout":"","theme-transparent-header-meta":"default","adv-header-id-meta":"","stick-header-meta":"","header-above-stick-meta":"","header-main-stick-meta":"","header-below-stick-meta":""},"categories":[758],"tags":[],"acf":[],"_links":{"self":[{"href":"https:\/\/www.cnbb.org.br\/cnbb-app\/wp\/v2\/posts\/955874"}],"collection":[{"href":"https:\/\/www.cnbb.org.br\/cnbb-app\/wp\/v2\/posts"}],"about":[{"href":"https:\/\/www.cnbb.org.br\/cnbb-app\/wp\/v2\/types\/post"}],"author":[{"embeddable":true,"href":"https:\/\/www.cnbb.org.br\/cnbb-app\/wp\/v2\/users\/31"}],"replies":[{"embeddable":true,"href":"https:\/\/www.cnbb.org.br\/cnbb-app\/wp\/v2\/comments?post=955874"}],"version-history":[{"count":2,"href":"https:\/\/www.cnbb.org.br\/cnbb-app\/wp\/v2\/posts\/955874\/revisions"}],"predecessor-version":[{"id":955876,"href":"https:\/\/www.cnbb.org.br\/cnbb-app\/wp\/v2\/posts\/955874\/revisions\/955876"}],"wp:attachment":[{"href":"https:\/\/www.cnbb.org.br\/cnbb-app\/wp\/v2\/media?parent=955874"}],"wp:term":[{"taxonomy":"category","embeddable":true,"href":"https:\/\/www.cnbb.org.br\/cnbb-app\/wp\/v2\/categories?post=955874"},{"taxonomy":"post_tag","embeddable":true,"href":"https:\/\/www.cnbb.org.br\/cnbb-app\/wp\/v2\/tags?post=955874"}],"curies":[{"name":"wp","href":"https:\/\/api.w.org\/{rel}","templated":true}]}}