{"id":955877,"date":"2023-12-08T10:49:33","date_gmt":"2023-12-08T13:49:33","guid":{"rendered":"https:\/\/www.cnbb.org.br\/?p=955877"},"modified":"2023-12-08T10:51:47","modified_gmt":"2023-12-08T13:51:47","slug":"preparai-os-caminhos-do-senhor","status":"publish","type":"post","link":"https:\/\/www.cnbb.org.br\/preparai-os-caminhos-do-senhor\/","title":{"rendered":"Preparai os caminhos do Senhor\u00a0"},"content":{"rendered":"<p style=\"text-align: right;\"><strong>Dom Jos\u00e9 Gislon<\/strong><br \/>\n<strong>Bispo de Caxias do Sul (RS)<\/strong><\/p>\n<p>&nbsp;<\/p>\n<p style=\"text-align: justify;\"><span data-contrast=\"auto\">Estimados irm\u00e3os e irm\u00e3s em Cristo Jesus! A Festa do Natal \u00e9 tamb\u00e9m um tempo especial marcado pelo encontro, mas para isso precisamos nos dispor a ir ao encontro das pessoas. Na Festa do Natal, recordamos e celebramos um gesto de amor, a vinda de Jesus, o filho de Deus, entre n\u00f3s, na simplicidade da gruta de Bel\u00e9m, t\u00e3o bem representada no pres\u00e9pio, por iniciativa de S\u00e3o Francisco de Assis, h\u00e1 oitocentos anos.<\/span><span data-ccp-props=\"{&quot;201341983&quot;:0,&quot;335551550&quot;:6,&quot;335551620&quot;:6,&quot;335559739&quot;:0,&quot;335559740&quot;:240}\">\u00a0<\/span><\/p>\n<p style=\"text-align: justify;\"><span data-contrast=\"auto\">A realidade do pres\u00e9pio acaba contagiando as crian\u00e7as e tamb\u00e9m aqueles que j\u00e1 foram crian\u00e7as um dia. Quem n\u00e3o se comove diante da fragilidade e do olhar de uma crian\u00e7a? Talvez por isso Deus, na sua infinita sabedoria, escolheu manifestar-se ao mundo de um modo t\u00e3o fr\u00e1gil, para poder tocar os cora\u00e7\u00f5es endurecidos pela indiferen\u00e7a, a viol\u00eancia e a car\u00eancia do amor solid\u00e1rio, que \u00e9 capaz de olhar para um horizonte muito mais amplo, que vai al\u00e9m dos pr\u00f3prios p\u00e9s.<\/span><span data-ccp-props=\"{&quot;201341983&quot;:0,&quot;335551550&quot;:6,&quot;335551620&quot;:6,&quot;335559739&quot;:0,&quot;335559740&quot;:240}\">\u00a0<\/span><\/p>\n<p style=\"text-align: justify;\"><span data-contrast=\"auto\">O que pode nos manter vigilantes a n\u00e3o ser a espera e o desejo de ver algo que julgamos importante para a nossa vida? Talvez na imagina\u00e7\u00e3o de uma crian\u00e7a n\u00e3o exista nada de mais bonito ou mais dif\u00edcil, e, ao mesmo tempo, mais excitante e angustiante que esperar. Quantos pequeninos fazem, neste tempo, a pergunta aos seus pais e av\u00f3s e, quem sabe, tamb\u00e9m \u00e0s professoras nas escolas: quando \u00e9 o Natal?<\/span><span data-ccp-props=\"{&quot;201341983&quot;:0,&quot;335551550&quot;:6,&quot;335551620&quot;:6,&quot;335559739&quot;:160,&quot;335559740&quot;:240}\">\u00a0<\/span><\/p>\n<p style=\"text-align: justify;\"><span data-contrast=\"auto\">N\u00f3s, adultos, temos ainda a capacidade de alimentar o sonho de espera e de esperan\u00e7a das nossas crian\u00e7as? Ou nos esvaziamos completamente do mist\u00e9rio e daquele \u201cesp\u00edrito\u201d contagiante do Natal? Quem sabe deixamos morrer dentro de n\u00f3s a capacidade de nos encantar, sonhar e se alegrar com a mensagem de Natal. Ou at\u00e9 julgamos que temos o direito de negar \u00e0s crian\u00e7as o direito de conhecerem a beleza e a for\u00e7a do amor, presente na mensagem do Natal. Nos damos por satisfeitos em presentear alguns brinquedos aos pequeninos, como costumamos fazer quase que rotineiramente, mas esquecemos de transmitir a mensagem de humildade, f\u00e9, amor, solidariedade e esperan\u00e7a que o Natal nos d\u00e1.\u00a0<\/span><span data-ccp-props=\"{&quot;201341983&quot;:0,&quot;335551550&quot;:6,&quot;335551620&quot;:6,&quot;335559739&quot;:160,&quot;335559740&quot;:240}\">\u00a0<\/span><\/p>\n<p style=\"text-align: justify;\"><span data-contrast=\"auto\">O esp\u00edrito do Natal nos pede para olharmos para al\u00e9m do nosso c\u00edrculo familiar e de amizade, para al\u00e9m dos nossos muros, para podermos ver Jesus, que nasceu na gruta de Bel\u00e9m, nas realidades que n\u00e3o se fazem presentes no cotidiano da nossa vida, mas que eu e voc\u00ea sabemos que existem e o esp\u00edrito do Natal ir\u00e1 nos recordar.\u00a0<\/span><span data-ccp-props=\"{&quot;201341983&quot;:0,&quot;335551550&quot;:6,&quot;335551620&quot;:6,&quot;335559739&quot;:0,&quot;335559740&quot;:240}\">\u00a0<\/span><\/p>\n<p style=\"text-align: justify;\"><span data-contrast=\"auto\">Portanto, abra as portas do seu cora\u00e7\u00e3o, abra os bra\u00e7os para um abra\u00e7o. V\u00e1 ao encontro daqueles que precisam da sua presen\u00e7a, do seu carinho, do seu amor e do seu gesto de solidariedade. Para fazer isso, n\u00e3o precisa viajar milhares de quil\u00f4metros, basta apenas alguns passos. A oportunidade para fazer o bem, no esp\u00edrito do Natal, pode estar dentro da tua casa, ou quem sabe na casa ao lado, ou estar logo na quadra seguinte ou no bairro vizinho.<\/span><span data-ccp-props=\"{&quot;201341983&quot;:0,&quot;335551550&quot;:6,&quot;335551620&quot;:6,&quot;335559739&quot;:0,&quot;335559740&quot;:240}\">\u00a0<\/span><\/p>\n<p style=\"text-align: justify;\"><span data-contrast=\"auto\">Estimados irm\u00e3os e irm\u00e3s! Sem gestos concretos de amor e solidariedade, a nossa celebra\u00e7\u00e3o de Natal pode ser apenas uma formalidade superficial. Vamos nos deixar envolver pela mensagem de amor do Natal, abrindo as portas do nosso cora\u00e7\u00e3o para ver e acolher Jesus, que se faz presente tamb\u00e9m naqueles que vivem realidades menos favorecidas, mas nem por isso s\u00e3o menos amados por Deus.<\/span><span data-ccp-props=\"{&quot;201341983&quot;:0,&quot;335551550&quot;:6,&quot;335551620&quot;:6,&quot;335559739&quot;:0,&quot;335559740&quot;:240}\">\u00a0<\/span><\/p>\n<p style=\"text-align: justify;\"><span data-ccp-props=\"{&quot;201341983&quot;:0,&quot;335551550&quot;:6,&quot;335551620&quot;:6,&quot;335559739&quot;:0,&quot;335559740&quot;:240}\">\u00a0<\/span><\/p>\n<p>&nbsp;<\/p>\n<p><span data-ccp-props=\"{&quot;201341983&quot;:0,&quot;335551550&quot;:6,&quot;335551620&quot;:6,&quot;335559739&quot;:0,&quot;335559740&quot;:240}\">\u00a0<\/span><\/p>\n<p><span data-ccp-props=\"{&quot;201341983&quot;:0,&quot;335551550&quot;:2,&quot;335551620&quot;:2,&quot;335559739&quot;:160,&quot;335559740&quot;:259}\">\u00a0<\/span><\/p>\n","protected":false},"excerpt":{"rendered":"<p>Dom Jos\u00e9 Gislon Bispo de Caxias do Sul (RS) &nbsp; Estimados irm\u00e3os e irm\u00e3s em Cristo Jesus! A Festa do Natal \u00e9 tamb\u00e9m um tempo especial marcado pelo encontro, mas para isso precisamos nos dispor a ir ao encontro das pessoas. Na Festa do Natal, recordamos e celebramos um gesto de amor, a vinda de &hellip;<\/p>\n<p class=\"read-more\"> <a class=\"\" href=\"https:\/\/www.cnbb.org.br\/preparai-os-caminhos-do-senhor\/\"> <span class=\"screen-reader-text\">Preparai os caminhos do Senhor\u00a0<\/span> Leia mais &raquo;<\/a><\/p>\n","protected":false},"author":20,"featured_media":0,"comment_status":"closed","ping_status":"closed","sticky":false,"template":"","format":"standard","meta":{"site-sidebar-layout":"default","site-content-layout":"default","ast-global-header-display":"","ast-banner-title-visibility":"","ast-main-header-display":"","ast-hfb-above-header-display":"","ast-hfb-below-header-display":"","ast-hfb-mobile-header-display":"","site-post-title":"","ast-breadcrumbs-content":"","ast-featured-img":"","footer-sml-layout":"","theme-transparent-header-meta":"default","adv-header-id-meta":"","stick-header-meta":"","header-above-stick-meta":"","header-main-stick-meta":"","header-below-stick-meta":""},"categories":[758],"tags":[],"acf":[],"_links":{"self":[{"href":"https:\/\/www.cnbb.org.br\/cnbb-app\/wp\/v2\/posts\/955877"}],"collection":[{"href":"https:\/\/www.cnbb.org.br\/cnbb-app\/wp\/v2\/posts"}],"about":[{"href":"https:\/\/www.cnbb.org.br\/cnbb-app\/wp\/v2\/types\/post"}],"author":[{"embeddable":true,"href":"https:\/\/www.cnbb.org.br\/cnbb-app\/wp\/v2\/users\/20"}],"replies":[{"embeddable":true,"href":"https:\/\/www.cnbb.org.br\/cnbb-app\/wp\/v2\/comments?post=955877"}],"version-history":[{"count":3,"href":"https:\/\/www.cnbb.org.br\/cnbb-app\/wp\/v2\/posts\/955877\/revisions"}],"predecessor-version":[{"id":955880,"href":"https:\/\/www.cnbb.org.br\/cnbb-app\/wp\/v2\/posts\/955877\/revisions\/955880"}],"wp:attachment":[{"href":"https:\/\/www.cnbb.org.br\/cnbb-app\/wp\/v2\/media?parent=955877"}],"wp:term":[{"taxonomy":"category","embeddable":true,"href":"https:\/\/www.cnbb.org.br\/cnbb-app\/wp\/v2\/categories?post=955877"},{"taxonomy":"post_tag","embeddable":true,"href":"https:\/\/www.cnbb.org.br\/cnbb-app\/wp\/v2\/tags?post=955877"}],"curies":[{"name":"wp","href":"https:\/\/api.w.org\/{rel}","templated":true}]}}