{"id":956092,"date":"2023-12-14T14:10:58","date_gmt":"2023-12-14T17:10:58","guid":{"rendered":"https:\/\/www.cnbb.org.br\/?p=956092"},"modified":"2023-12-14T14:11:35","modified_gmt":"2023-12-14T17:11:35","slug":"a-porta-da-humildade","status":"publish","type":"post","link":"https:\/\/www.cnbb.org.br\/a-porta-da-humildade\/","title":{"rendered":"A porta da humildade"},"content":{"rendered":"<p style=\"text-align: right;\"><strong>Dom Dirceu de Oliveira Medeiros<br \/>\nBispo de Cama\u00e7ari (BA)\u00a0<\/strong><\/p>\n<p style=\"text-align: justify;\"><span data-ccp-props=\"{&quot;201341983&quot;:0,&quot;335551550&quot;:6,&quot;335551620&quot;:6,&quot;335559731&quot;:709,&quot;335559739&quot;:0,&quot;335559740&quot;:360}\">\u00a0<\/span><\/p>\n<p style=\"text-align: justify;\"><span data-contrast=\"auto\">N\u00e3o h\u00e1 como celebrar os mist\u00e9rios do Natal do Senhor sem dirigir um olhar para aquela regi\u00e3o onde est\u00e1 a g\u00eanese de nossa f\u00e9 crist\u00e3. Desconectar-se desta realidade \u00e9 transformar o cristianismo em uma ideia abstrata sem conex\u00e3o com a hist\u00f3ria. Nestes dias, que antecedem o Natal do Senhor, Bel\u00e9m est\u00e1 silenciosa, quase vazia. Muito diferente do que acontece todos os anos quando peregrinos para l\u00e1 se dirigem, a fim celebrar o mist\u00e9rio da Encarna\u00e7\u00e3o. Os famosos desfiles das diversas Igrejas crist\u00e3s, o clima de festa, a entroniza\u00e7\u00e3o dos l\u00edderes religiosos, tudo isso perdeu o brilho neste ano.<\/span><span data-ccp-props=\"{&quot;201341983&quot;:0,&quot;335551550&quot;:6,&quot;335551620&quot;:6,&quot;335559731&quot;:709,&quot;335559739&quot;:0,&quot;335559740&quot;:360}\">\u00a0<\/span><\/p>\n<p style=\"text-align: justify;\"><span data-contrast=\"auto\">O motivo \u00e9 conhecido: uma guerra. A terra santa est\u00e1 em guerra. \u00c9 not\u00f3ria, sem desconsiderar o qu\u00e3o conden\u00e1vel foram os ataques terroristas, a despropor\u00e7\u00e3o e a crueldade dos ataques feitos \u00e0 pobre popula\u00e7\u00e3o de gaza. Como reiteradamente vem clamando o Papa Francisco<\/span><i><span data-contrast=\"auto\">: \u201cningu\u00e9m ganha com a guerra, todos perdem!\u201d<\/span><\/i><span data-contrast=\"auto\"> \u00c0s v\u00e9speras de celebrarmos o nascimento do pr\u00edncipe da paz, somos obrigados a conviver com este epis\u00f3dio ruidoso e cruel, assistir a morte de inocentes: de crian\u00e7as, enfermos, idosos. Causa tristeza ver a incapacidade das na\u00e7\u00f5es de impedir o avan\u00e7o das guerras.<\/span><span data-ccp-props=\"{&quot;201341983&quot;:0,&quot;335551550&quot;:6,&quot;335551620&quot;:6,&quot;335559731&quot;:709,&quot;335559739&quot;:0,&quot;335559740&quot;:360}\">\u00a0<\/span><\/p>\n<p style=\"text-align: justify;\"><span data-contrast=\"auto\">Em n\u00edvel pessoal e comunit\u00e1rio \u00e9 urgente trabalharmos pela cultura da paz, al\u00e9m de rezar pela paz. Vemos a escalada da viol\u00eancia em todos os \u00e2mbitos da vida humana: no tr\u00e2nsito, nas redes sociais, nas escolas, enfim em todos os espa\u00e7os coletivos. O que fazer? Sermos artes\u00e3os da paz como nos convida o Papa Francisco. Acolher o Pr\u00edncipe da Paz, comprometendo-nos com esta causa t\u00e3o nobre e urgente. Por onde come\u00e7ar? \u00c9 preciso come\u00e7ar por algum ponto. Diria que pela linguagem. Uma comunica\u00e7\u00e3o n\u00e3o violenta, mais propositiva. Estamos perdendo a capacidade de nos comunicar sem nos agredir. Basta verificar a linguagem de certos programas televisivos de corte sensacionalista e que vivem da explora\u00e7\u00e3o da viol\u00eancia, do sentimento de \u00f3dio que tem brotado nas pessoas. Um pouco de civilidade, de f\u00e9 ou mesmo de psicologia social poder\u00e1 nos ajudar a cultivar a cultura da paz.\u00a0<\/span><span data-ccp-props=\"{&quot;201341983&quot;:0,&quot;335551550&quot;:6,&quot;335551620&quot;:6,&quot;335559731&quot;:709,&quot;335559739&quot;:0,&quot;335559740&quot;:360}\">\u00a0<\/span><\/p>\n<p style=\"text-align: justify;\"><span data-contrast=\"auto\">Observemos como Jesus se comunicava com as pessoas. Dele aprenderemos a arte do di\u00e1logo, da acolhida, da ternura. Nas suas palavras n\u00e3o encontramos agressividade, rancor e viol\u00eancia. Ao inv\u00e9s, ouvimos Ele nos dirigir palavras de miseric\u00f3rdia: \u201cOs teus pecados est\u00e3o perdoados.\u201d (Lc 5, 23). Como precisamos aprender a perdoar! A nos reconciliar, deixando de lado as rivalidades e oposi\u00e7\u00f5es estimuladas pela virtualidade das rela\u00e7\u00f5es e pelo fundamentalismo das nossas opini\u00f5es.\u00a0\u00a0<\/span><span data-ccp-props=\"{&quot;201341983&quot;:0,&quot;335551550&quot;:6,&quot;335551620&quot;:6,&quot;335559731&quot;:709,&quot;335559739&quot;:0,&quot;335559740&quot;:360}\">\u00a0<\/span><\/p>\n<p style=\"text-align: justify;\"><span data-contrast=\"auto\">Isso exige de n\u00f3s uma mudan\u00e7a. Celebrar o natal \u00e9 de certo modo voltar a ser crian\u00e7a. H\u00e1 um poema de Alberto Caieiro (Um poema para o Menino Jesus) no qual ele descreve que o Menino de Bel\u00e9m, entediado de viver no c\u00e9u, decidiu vir \u00e0 terra para brincar com os seres humanos. Que o Natal seja a oportunidade para resgatarmos a crian\u00e7a que existe em n\u00f3s, trazendo com ela a inoc\u00eancia, a amizade e aqueles valores que, gradativamente, estamos perdendo.\u00a0<\/span><span data-ccp-props=\"{&quot;201341983&quot;:0,&quot;335551550&quot;:6,&quot;335551620&quot;:6,&quot;335559731&quot;:709,&quot;335559739&quot;:0,&quot;335559740&quot;:360}\">\u00a0<\/span><\/p>\n<p style=\"text-align: justify;\"><span data-contrast=\"auto\">Aqueles que nos governam, os poderosos deste mundo, que decidem fazer guerras, precisam crer na paz. Muitas vezes n\u00e3o se tem ideia de quantos interesses esp\u00farios est\u00e3o por detr\u00e1s de uma guerra insana, ali\u00e1s, toda guerra \u00e9 insana. Fico pensando se um destes que decidem fazer guerra estivesse no <\/span><i><span data-contrast=\"auto\">front<\/span><\/i><span data-contrast=\"auto\"> testemunhando os horrores do conflito, ser\u00e1 que<\/span> <span data-contrast=\"auto\">persistiriam em seu prop\u00f3sito de fazer guerra? S\u00e3o reflex\u00f5es que precisamos fazer nestes tempos de pregui\u00e7a mental, uma generalizada ren\u00fancia ao pensamento. Na expectativa do Senhor que vem precisamos voltar a nos perguntar sobre o que realmente \u00e9 importante na vida. Sobre quais alicerces queremos construir a nossa sociedade? Sobre a rocha, que \u00e9 Cristo, nossa paz, ou sobre a areia inst\u00e1vel dos interesses mesquinhos?\u00a0\u00a0<\/span><span data-ccp-props=\"{&quot;201341983&quot;:0,&quot;335551550&quot;:6,&quot;335551620&quot;:6,&quot;335559731&quot;:709,&quot;335559739&quot;:0,&quot;335559740&quot;:360}\">\u00a0<\/span><\/p>\n<p style=\"text-align: justify;\"><span data-contrast=\"auto\">Por fim, uma vez mais, volto meu pensamento para Bel\u00e9m, em especial, para a porta da humildade. Partilho uma curiosidade: O acesso \u00e0 Bas\u00edlica da Natividade em Bel\u00e9m se d\u00e1 por uma \u00fanica porta, que no decorrer do tempo, foi sendo diminu\u00edda. Conta-se que essa medida foi tomada em virtude das batalhas que se travava dentro do templo. Homens a cavalo invadiam o templo e ali se digladiavam e profanavam a casa de Deus. O certo \u00e9 que atualmente ningu\u00e9m acessa o templo sem se curvar para entrar por uma pequena porta, intitulada \u201cporta da humildade\u201d. Este lugar, carregado de simbolismo, quer nos comunicar uma mensagem muito importante: Todos devem se curvar ou se prostrar diante daquele que \u00e9 a nossa paz e que est\u00e1 para chegar, Jesus, o Filho de Deus. Certamente nosso mundo seria melhor se f\u00f4ssemos capazes de passar pela porta da humildade!<\/span><span data-ccp-props=\"{&quot;201341983&quot;:0,&quot;335551550&quot;:6,&quot;335551620&quot;:6,&quot;335559731&quot;:709,&quot;335559739&quot;:0,&quot;335559740&quot;:360}\">\u00a0<\/span><\/p>\n<p><span data-ccp-props=\"{&quot;201341983&quot;:0,&quot;335551550&quot;:6,&quot;335551620&quot;:6,&quot;335559731&quot;:709,&quot;335559739&quot;:0,&quot;335559740&quot;:360}\">\u00a0<\/span><\/p>\n<p>&nbsp;<\/p>\n","protected":false},"excerpt":{"rendered":"<p>Dom Dirceu de Oliveira Medeiros Bispo de Cama\u00e7ari (BA)\u00a0 \u00a0 N\u00e3o h\u00e1 como celebrar os mist\u00e9rios do Natal do Senhor sem dirigir um olhar para aquela regi\u00e3o onde est\u00e1 a g\u00eanese de nossa f\u00e9 crist\u00e3. Desconectar-se desta realidade \u00e9 transformar o cristianismo em uma ideia abstrata sem conex\u00e3o com a hist\u00f3ria. Nestes dias, que antecedem &hellip;<\/p>\n<p class=\"read-more\"> <a class=\"\" href=\"https:\/\/www.cnbb.org.br\/a-porta-da-humildade\/\"> <span class=\"screen-reader-text\">A porta da humildade<\/span> Leia mais &raquo;<\/a><\/p>\n","protected":false},"author":149,"featured_media":0,"comment_status":"closed","ping_status":"closed","sticky":false,"template":"","format":"standard","meta":{"site-sidebar-layout":"default","site-content-layout":"default","ast-global-header-display":"","ast-banner-title-visibility":"","ast-main-header-display":"","ast-hfb-above-header-display":"","ast-hfb-below-header-display":"","ast-hfb-mobile-header-display":"","site-post-title":"","ast-breadcrumbs-content":"","ast-featured-img":"","footer-sml-layout":"","theme-transparent-header-meta":"default","adv-header-id-meta":"","stick-header-meta":"","header-above-stick-meta":"","header-main-stick-meta":"","header-below-stick-meta":""},"categories":[758],"tags":[],"acf":[],"_links":{"self":[{"href":"https:\/\/www.cnbb.org.br\/cnbb-app\/wp\/v2\/posts\/956092"}],"collection":[{"href":"https:\/\/www.cnbb.org.br\/cnbb-app\/wp\/v2\/posts"}],"about":[{"href":"https:\/\/www.cnbb.org.br\/cnbb-app\/wp\/v2\/types\/post"}],"author":[{"embeddable":true,"href":"https:\/\/www.cnbb.org.br\/cnbb-app\/wp\/v2\/users\/149"}],"replies":[{"embeddable":true,"href":"https:\/\/www.cnbb.org.br\/cnbb-app\/wp\/v2\/comments?post=956092"}],"version-history":[{"count":2,"href":"https:\/\/www.cnbb.org.br\/cnbb-app\/wp\/v2\/posts\/956092\/revisions"}],"predecessor-version":[{"id":956094,"href":"https:\/\/www.cnbb.org.br\/cnbb-app\/wp\/v2\/posts\/956092\/revisions\/956094"}],"wp:attachment":[{"href":"https:\/\/www.cnbb.org.br\/cnbb-app\/wp\/v2\/media?parent=956092"}],"wp:term":[{"taxonomy":"category","embeddable":true,"href":"https:\/\/www.cnbb.org.br\/cnbb-app\/wp\/v2\/categories?post=956092"},{"taxonomy":"post_tag","embeddable":true,"href":"https:\/\/www.cnbb.org.br\/cnbb-app\/wp\/v2\/tags?post=956092"}],"curies":[{"name":"wp","href":"https:\/\/api.w.org\/{rel}","templated":true}]}}