{"id":956136,"date":"2023-12-15T11:21:04","date_gmt":"2023-12-15T14:21:04","guid":{"rendered":"https:\/\/www.cnbb.org.br\/?p=956136"},"modified":"2023-12-15T11:24:57","modified_gmt":"2023-12-15T14:24:57","slug":"domingo-gaudete","status":"publish","type":"post","link":"https:\/\/www.cnbb.org.br\/domingo-gaudete\/","title":{"rendered":"Domingo Gaudete\u00a0"},"content":{"rendered":"<p style=\"text-align: right;\"><b><span data-contrast=\"auto\">Cardeal Orani Jo\u00e3o Tempesta<\/span><\/b><span data-ccp-props=\"{&quot;201341983&quot;:0,&quot;335551550&quot;:3,&quot;335551620&quot;:3,&quot;335559731&quot;:708,&quot;335559739&quot;:0,&quot;335559740&quot;:240}\"><br \/>\n<\/span><b><span data-contrast=\"auto\">Arcebispo do Rio de Janeiro (RJ)<\/span><\/b><span data-ccp-props=\"{&quot;201341983&quot;:0,&quot;335551550&quot;:3,&quot;335551620&quot;:3,&quot;335559731&quot;:708,&quot;335559739&quot;:0,&quot;335559740&quot;:240}\">\u00a0<\/span><\/p>\n<p style=\"text-align: justify;\"><span data-ccp-props=\"{&quot;201341983&quot;:0,&quot;335551550&quot;:6,&quot;335551620&quot;:6,&quot;335559739&quot;:0,&quot;335559740&quot;:240}\">\u00a0<\/span><\/p>\n<p style=\"text-align: justify;\"><span data-contrast=\"auto\">A tradi\u00e7\u00e3o lit\u00fargica da Igreja chama o Terceiro Domingo do Advento de Gaudete, isto \u00e9 \u201cAlegrai-vos!\u201d No Missal Romano, a ant\u00edfona de entrada exclama: \u201cAlegrai-vos sempre no Senhor. De novo eu vos digo: alegrai-vos! O Senhor est\u00e1 perto!\u201d (Fl 4, 4.5). Como express\u00e3o dessa alegria, pode-se usar no lugar do roxo, a cor rosea, no tom conhecido como \u201crosa antigo\u201d. \u00c9 um roxo suavizado, que exprime a exulta\u00e7\u00e3o pela aproxima\u00e7\u00e3o do Santo Natal. Alegrai-vos! Alegremo-nos! O Senhor est\u00e1 perto! Est\u00e1 pr\u00f3ximo o Natal; est\u00e1 pr\u00f3xima a Vinda do Senhor; est\u00e1 pr\u00f3ximo de n\u00f3s o Salvador nosso nos diversos momentos de nossa exist\u00eancia! Ele n\u00e3o \u00e9 Deus de longe; \u00e9 perto: seu nome ser\u00e1 para sempre Emanuel, Deus-conosco!<\/span><span data-ccp-props=\"{&quot;201341983&quot;:0,&quot;335551550&quot;:6,&quot;335551620&quot;:6,&quot;335559731&quot;:708,&quot;335559739&quot;:0,&quot;335559740&quot;:240}\">\u00a0<\/span><\/p>\n<p style=\"text-align: justify;\"><span data-contrast=\"auto\">Alegrai-vos! H\u00e1 quem se alegre no pecado, h\u00e1 quem se alegre em futilidades, h\u00e1 quem, mesmo alegrando-se com coisas que valem a pena, esquece que toda alegria \u00e9 passageira. Quanto a v\u00f3s, car\u00edssimos, alegrai-vos com tudo quanto \u00e9 bom e louv\u00e1vel, mas colocai vossa maior e definitiva alegria no Senhor! Somente nele o cora\u00e7\u00e3o repousa plenamente, somente nele encontra-se a paz que dura mesmo em meio \u00e0 tribula\u00e7\u00e3o mais dura, somente nele o anseio mais profundo de nossa alma. Alegrai-vos! Mas seja o Senhor o fundamento da vossa alegria, a causa \u00faltima da vossa exulta\u00e7\u00e3o!<\/span><span data-ccp-props=\"{&quot;201341983&quot;:0,&quot;335551550&quot;:6,&quot;335551620&quot;:6,&quot;335559731&quot;:708,&quot;335559739&quot;:0,&quot;335559740&quot;:240}\">\u00a0<\/span><\/p>\n<p style=\"text-align: justify;\"><span data-contrast=\"auto\">Eis a causa da nossa alegria. N\u00f3s, os crist\u00e3os, temos direito de nos alegrar, mesmo diante das tristezas do mundo; temos o dever de manter a esperan\u00e7a, mesmo quando as possibilidades humanas fracassam; temos a oportunidade de continuar esperando ainda quando os nossos c\u00e1lculos se mostrem errados. Porque nossa esperan\u00e7a e certeza n\u00e3o se fundam em n\u00f3s nem em nossas possibilidades, mas naquele que vem, naquele que o Pai do c\u00e9u nos envia, naquele que nunca conseguiremos conhecer totalmente, o Santo Messias do Pai, Jesus, nosso Deus-Salvador.<\/span><span data-ccp-props=\"{&quot;201341983&quot;:0,&quot;335551550&quot;:6,&quot;335551620&quot;:6,&quot;335559731&quot;:708,&quot;335559739&quot;:0,&quot;335559740&quot;:240}\">\u00a0<\/span><\/p>\n<p style=\"text-align: justify;\"><span data-contrast=\"auto\">A alegria do mundo procede de coisas exteriores: nasce precisamente quando o homem consegue escapar de si pr\u00f3prio, quando olha para fora, quando consegue desviar o olhar do seu mundo interior, que produz solid\u00e3o porque \u00e9 olhar para o vazio. O crist\u00e3o leva a alegria dentro de si, porque encontra a Deus na sua alma em Gra\u00e7a. Esta \u00e9 a fonte da sua alegria! N\u00e3o nos \u00e9 dif\u00edcil imaginar a Virgem Maria, nestes dias do Advento, radiante de alegria com o Filho de Deus no seu seio. A alegria do mundo \u00e9 pobre e passageira. A alegria do crist\u00e3o \u00e9 profunda e capaz de subsistir no meio das dificuldades. \u00c9 compat\u00edvel com a dor, com a doen\u00e7a com o fracasso e as contradi\u00e7\u00f5es. \u201cEu vos darei uma alegria que ningu\u00e9m vos poder\u00e1 tirar\u201d (Jo 16,22), prometeu o Senhor. Nada nem ningu\u00e9m nos arrebatar\u00e1 essa paz gozosa, se n\u00e3o nos separarmos da sua fonte.<\/span><span data-ccp-props=\"{&quot;201341983&quot;:0,&quot;335551550&quot;:6,&quot;335551620&quot;:6,&quot;335559731&quot;:708,&quot;335559739&quot;:0,&quot;335559740&quot;:240}\">\u00a0<\/span><\/p>\n<p style=\"text-align: justify;\"><span data-contrast=\"auto\">A nossa alegria deve ter um fundamento s\u00f3lido. N\u00e3o se pode apoiar exclusivamente em coisas passageiras: not\u00edcias agrad\u00e1veis, sa\u00fade, tranquilidade, situa\u00e7\u00e3o econ\u00f4mica desafogada, etc., coisas que em si s\u00e3o boas se n\u00e3o estiverem desligadas de Deus, mas que por si mesmas s\u00e3o insuficientes para nos proporcionarem a verdadeira alegria.<\/span><span data-ccp-props=\"{&quot;201341983&quot;:0,&quot;335551550&quot;:6,&quot;335551620&quot;:6,&quot;335559731&quot;:708,&quot;335559739&quot;:0,&quot;335559740&quot;:240}\">\u00a0<\/span><\/p>\n<p style=\"text-align: justify;\"><span data-contrast=\"auto\">O Senhor pede que estejamos sempre alegres! S\u00f3 Ele \u00e9 capaz de sustentar tudo na nossa vida. N\u00e3o h\u00e1 tristeza que Ele n\u00e3o possa curar: \u201cN\u00e3o temas, mas apenas cr\u00ea\u201d (Lc 8,50), diz-nos o Senhor. Fujamos da tristeza! Uma alma triste est\u00e1 \u00e0 merc\u00ea de muitas tenta\u00e7\u00f5es. Quantos pecados se t\u00eam cometido \u00e0 sombra da tristeza! Por outro lado, quando a alma est\u00e1 alegre, abre-se e \u00e9 est\u00edmulo para os outros; quando est\u00e1 triste obscurece o ambiente e faz mal aos que tem \u00e0 sua volta.<\/span><span data-ccp-props=\"{&quot;201341983&quot;:0,&quot;335551550&quot;:6,&quot;335551620&quot;:6,&quot;335559731&quot;:708,&quot;335559739&quot;:0,&quot;335559740&quot;:240}\">\u00a0<\/span><\/p>\n<p style=\"text-align: justify;\"><span data-contrast=\"auto\">Resta-nos, ent\u00e3o, escutar com aten\u00e7\u00e3o o conselho do Ap\u00f3stolo: estar sempre alegre em Cristo; com os olhos fixos nele; orar sem cessar, buscando realmente ser amigo \u00edntimo do Senhor, dando gra\u00e7as em todas as circunst\u00e2ncias, sabendo que ele est\u00e1 pr\u00f3ximo de n\u00f3s, nunca longe de nossas afli\u00e7\u00f5es e desafios. E mais: afastarmo-nos de toda maldade, procurando viver segundo Cristo e n\u00e3o segundo o mundo, santificando no Senhor nosso corpo, nossa alma e nosso esp\u00edrito ou, em outras palavras, nossa dimens\u00e3o f\u00edsica, nossa vida inteligente e nossa sede de Deus, nossa saudade de Infinito.<\/span><span data-ccp-props=\"{&quot;201341983&quot;:0,&quot;335551550&quot;:6,&quot;335551620&quot;:6,&quot;335559731&quot;:708,&quot;335559739&quot;:0,&quot;335559740&quot;:240}\">\u00a0<\/span><\/p>\n<p><span data-ccp-props=\"{&quot;201341983&quot;:0,&quot;335551550&quot;:6,&quot;335551620&quot;:6,&quot;335559731&quot;:708,&quot;335559739&quot;:0,&quot;335559740&quot;:240}\">\u00a0<\/span><\/p>\n<p><span data-ccp-props=\"{&quot;201341983&quot;:0,&quot;335551550&quot;:6,&quot;335551620&quot;:6,&quot;335559731&quot;:708,&quot;335559739&quot;:0,&quot;335559740&quot;:240}\">\u00a0<\/span><\/p>\n<p>&nbsp;<\/p>\n","protected":false},"excerpt":{"rendered":"<p>Cardeal Orani Jo\u00e3o Tempesta Arcebispo do Rio de Janeiro (RJ)\u00a0 \u00a0 A tradi\u00e7\u00e3o lit\u00fargica da Igreja chama o Terceiro Domingo do Advento de Gaudete, isto \u00e9 \u201cAlegrai-vos!\u201d No Missal Romano, a ant\u00edfona de entrada exclama: \u201cAlegrai-vos sempre no Senhor. De novo eu vos digo: alegrai-vos! O Senhor est\u00e1 perto!\u201d (Fl 4, 4.5). Como express\u00e3o dessa &hellip;<\/p>\n<p class=\"read-more\"> <a class=\"\" href=\"https:\/\/www.cnbb.org.br\/domingo-gaudete\/\"> <span class=\"screen-reader-text\">Domingo Gaudete\u00a0<\/span> Leia mais &raquo;<\/a><\/p>\n","protected":false},"author":31,"featured_media":0,"comment_status":"closed","ping_status":"closed","sticky":false,"template":"","format":"standard","meta":{"site-sidebar-layout":"default","site-content-layout":"default","ast-global-header-display":"","ast-banner-title-visibility":"","ast-main-header-display":"","ast-hfb-above-header-display":"","ast-hfb-below-header-display":"","ast-hfb-mobile-header-display":"","site-post-title":"","ast-breadcrumbs-content":"","ast-featured-img":"","footer-sml-layout":"","theme-transparent-header-meta":"default","adv-header-id-meta":"","stick-header-meta":"","header-above-stick-meta":"","header-main-stick-meta":"","header-below-stick-meta":""},"categories":[758],"tags":[],"acf":[],"_links":{"self":[{"href":"https:\/\/www.cnbb.org.br\/cnbb-app\/wp\/v2\/posts\/956136"}],"collection":[{"href":"https:\/\/www.cnbb.org.br\/cnbb-app\/wp\/v2\/posts"}],"about":[{"href":"https:\/\/www.cnbb.org.br\/cnbb-app\/wp\/v2\/types\/post"}],"author":[{"embeddable":true,"href":"https:\/\/www.cnbb.org.br\/cnbb-app\/wp\/v2\/users\/31"}],"replies":[{"embeddable":true,"href":"https:\/\/www.cnbb.org.br\/cnbb-app\/wp\/v2\/comments?post=956136"}],"version-history":[{"count":2,"href":"https:\/\/www.cnbb.org.br\/cnbb-app\/wp\/v2\/posts\/956136\/revisions"}],"predecessor-version":[{"id":956138,"href":"https:\/\/www.cnbb.org.br\/cnbb-app\/wp\/v2\/posts\/956136\/revisions\/956138"}],"wp:attachment":[{"href":"https:\/\/www.cnbb.org.br\/cnbb-app\/wp\/v2\/media?parent=956136"}],"wp:term":[{"taxonomy":"category","embeddable":true,"href":"https:\/\/www.cnbb.org.br\/cnbb-app\/wp\/v2\/categories?post=956136"},{"taxonomy":"post_tag","embeddable":true,"href":"https:\/\/www.cnbb.org.br\/cnbb-app\/wp\/v2\/tags?post=956136"}],"curies":[{"name":"wp","href":"https:\/\/api.w.org\/{rel}","templated":true}]}}