{"id":956298,"date":"2023-12-24T08:00:37","date_gmt":"2023-12-24T11:00:37","guid":{"rendered":"https:\/\/www.cnbb.org.br\/?p=956298"},"modified":"2023-12-20T11:41:03","modified_gmt":"2023-12-20T14:41:03","slug":"solenidade-do-natal-do-senhor-missa-do-dia","status":"publish","type":"post","link":"https:\/\/www.cnbb.org.br\/solenidade-do-natal-do-senhor-missa-do-dia\/","title":{"rendered":"Solenidade do Natal do Senhor \u2013 Missa do Dia\u00a0"},"content":{"rendered":"<p style=\"text-align: right;\"><b><span data-contrast=\"auto\">Cardeal Orani Jo\u00e3o Tempesta<br \/>\n<\/span><\/b><b><span data-contrast=\"auto\">Arcebispo do Rio de Janeiro (RJ)<\/span><\/b><\/p>\n<p style=\"text-align: right;\"><span data-ccp-props=\"{&quot;201341983&quot;:0,&quot;335551550&quot;:3,&quot;335551620&quot;:3,&quot;335559731&quot;:708,&quot;335559739&quot;:160,&quot;335559740&quot;:259}\">\u00a0<\/span><\/p>\n<p>&nbsp;<\/p>\n<p style=\"text-align: justify;\"><b><span data-contrast=\"auto\">Solenidade do Natal do Senhor \u2013 Missa do Dia<\/span><\/b><span data-ccp-props=\"{&quot;201341983&quot;:0,&quot;335551550&quot;:2,&quot;335551620&quot;:2,&quot;335559739&quot;:160,&quot;335559740&quot;:259}\">\u00a0<\/span><\/p>\n<p style=\"text-align: justify;\"><i><span data-contrast=\"auto\">\u201cOs confins do universo contemplaram a salva\u00e7\u00e3o do nosso Deus\u201d (Sl 97\/98)<\/span><\/i><span data-ccp-props=\"{&quot;201341983&quot;:0,&quot;335551550&quot;:2,&quot;335551620&quot;:2,&quot;335559739&quot;:160,&quot;335559740&quot;:259}\">\u00a0<\/span><\/p>\n<p style=\"text-align: justify;\"><span data-contrast=\"auto\">Celebramos com grande alegria o Natal do Senhor Jesus, uma oportunidade de agradecer a Deus por nos ter \u201cpresenteado\u201d com a encarna\u00e7\u00e3o do seu filho Jesus. O Verbo se fez carne e habitou entre n\u00f3s, o pr\u00edncipe da paz, o Emanuel, o Deus conosco est\u00e1 entre n\u00f3s. Celebramos a Noite de Natal, acolhemos o Menino Jesus em nosso meio, e, no dia queremos dar a Ele o nosso melhor presente, que \u00e9 o nosso cora\u00e7\u00e3o.\u00a0<\/span><span data-ccp-props=\"{&quot;201341983&quot;:0,&quot;335551550&quot;:6,&quot;335551620&quot;:6,&quot;335559731&quot;:708,&quot;335559739&quot;:160,&quot;335559740&quot;:259}\">\u00a0<\/span><\/p>\n<p style=\"text-align: justify;\"><span data-contrast=\"auto\">Do mesmo modo que os pastores em Bel\u00e9m, possamos oferecer ao Menino Jesus os presentes: Ouro, incenso e mirra, nos curvarmos diante da manjedoura e ador\u00e1-lo. Ao contemplar o pres\u00e9pio, possamos voltar os nossos olhos para a Cruz, pois um mist\u00e9rio est\u00e1 ligado ao outro.\u00a0<\/span><span data-ccp-props=\"{&quot;201341983&quot;:0,&quot;335551550&quot;:6,&quot;335551620&quot;:6,&quot;335559731&quot;:708,&quot;335559739&quot;:160,&quot;335559740&quot;:259}\">\u00a0<\/span><\/p>\n<p style=\"text-align: justify;\"><span data-contrast=\"auto\">Com o nascimento do Menino Jesus a nossa f\u00e9 e nossa esperan\u00e7a s\u00e3o renovadas, a nossa f\u00e9 em um Deus que nos ama e a esperan\u00e7a em dias cada vez melhores. Deus nos ama tanto que enviou o seu Filho ao mundo, a fim de se fazer igual aos homens, nascendo pobre e ensinando a todos os homens o caminho do amor. Com o nascimento de Jesus conclui-se a alian\u00e7a de amor entre Deus e os homens e conclui-se uma parte da hist\u00f3ria da salva\u00e7\u00e3o e inicia outra.\u00a0<\/span><span data-ccp-props=\"{&quot;201341983&quot;:0,&quot;335551550&quot;:6,&quot;335551620&quot;:6,&quot;335559731&quot;:708,&quot;335559739&quot;:160,&quot;335559740&quot;:259}\">\u00a0<\/span><\/p>\n<p style=\"text-align: justify;\"><span data-contrast=\"auto\">O dia de Natal \u00e9 dia de participarmos da Santa Missa, \u00e9 dia Santo de guarda. Que o nascimento de Jesus hoje ensine a humanidade o caminho da fraternidade e da paz e que ao inv\u00e9s de muros, possamos construir pontes.\u00a0<\/span><span data-ccp-props=\"{&quot;201341983&quot;:0,&quot;335551550&quot;:6,&quot;335551620&quot;:6,&quot;335559731&quot;:708,&quot;335559739&quot;:160,&quot;335559740&quot;:259}\">\u00a0<\/span><\/p>\n<p style=\"text-align: justify;\"><span data-contrast=\"auto\">A primeira leitura da missa do dia \u00e9 da profecia de Isa\u00edas <\/span><i><span data-contrast=\"auto\">(Is 52, 7-10), <\/span><\/i><span data-contrast=\"auto\">Isa\u00edas diz que como s\u00e3o belos os p\u00e9s do mensageiro, daquele que anuncia a paz e o bem. A fun\u00e7\u00e3o do profeta \u00e9 ser esse mensageiro, ou seja, portador da boa nova e da justi\u00e7a de Deus. No novo testamento Jesus \u00e9 esse mensageiro de Deus que anuncia a humanidade o caminho da salva\u00e7\u00e3o.\u00a0 O Senhor se lembrou de Jerusal\u00e9m e ap\u00f3s o tempo do ex\u00edlio e deserto, o povo desfrutar\u00e1 de sua terra e a terra deserta e \u00e1rida, se transformar\u00e1 em frut\u00edfera.\u00a0<\/span><span data-ccp-props=\"{&quot;201341983&quot;:0,&quot;335551550&quot;:6,&quot;335551620&quot;:6,&quot;335559731&quot;:708,&quot;335559739&quot;:160,&quot;335559740&quot;:259}\">\u00a0<\/span><\/p>\n<p style=\"text-align: justify;\"><span data-contrast=\"auto\">Isa\u00edas, cerca de quatrocentos anos antes do nascimento de Cristo, prev\u00ea que com o nascimento de Jesus, Deus selaria uma nova e eterna alian\u00e7a com a humanidade. A justi\u00e7a de Deus se concretizaria com o nascimento de Jesus.\u00a0<\/span><span data-ccp-props=\"{&quot;201341983&quot;:0,&quot;335551550&quot;:6,&quot;335551620&quot;:6,&quot;335559731&quot;:708,&quot;335559739&quot;:160,&quot;335559740&quot;:259}\">\u00a0<\/span><\/p>\n<p style=\"text-align: justify;\"><span data-contrast=\"auto\">O salmo responsorial \u00e9 o <\/span><i><span data-contrast=\"auto\">97 (98),<\/span><\/i><span data-contrast=\"auto\"> o refr\u00e3o do salmo diz: <\/span><i><span data-contrast=\"auto\">\u201cOs confins do universo contemplaram a salva\u00e7\u00e3o do nosso Deus\u201d, <\/span><\/i><span data-contrast=\"auto\">atrav\u00e9s do nascimento de Jesus \u00e9 aberto o caminho da salva\u00e7\u00e3o e todo o universo contempla essa salva\u00e7\u00e3o. A salva\u00e7\u00e3o de Deus \u00e9 para todos, basta querer abrir-se para essa salva\u00e7\u00e3o que Ele quer oferecer. Todo o universo deve alegrar-se com o nascimento de Jesus Cristo e todos os povos devem unir-se para a constru\u00e7\u00e3o da paz. A inten\u00e7\u00e3o \u00faltima de Deus \u00e9 salvar todo ser humano. Deus busca sempre salvar o ser humano e nunca condenar.\u00a0<\/span><span data-ccp-props=\"{&quot;201341983&quot;:0,&quot;335551550&quot;:6,&quot;335551620&quot;:6,&quot;335559731&quot;:708,&quot;335559739&quot;:160,&quot;335559740&quot;:259}\">\u00a0<\/span><\/p>\n<p style=\"text-align: justify;\"><span data-contrast=\"auto\">A segunda leitura dessa missa de Natal \u00e9 da carta aos Hebreus <\/span><i><span data-contrast=\"auto\">(Hb 1, 1-6)<\/span><\/i><span data-contrast=\"auto\">, o autor sagrado diz que de muitos modos Deus falou a humanidade e nesses dias falou por meio de seu filho Jesus Cristo. Jesus \u00e9 o herdeiro e por meio D\u2019Ele, Deus criou o universo, pois Jesus \u00e9 a palavra encarnada do Pai e Deus criou o mundo por meio da Palavra. Ele morreu na Cruz para nos perdoar de nossos pecados e para selar a alian\u00e7a entre Deus e a humanidade. Com a morte de Cristo na Cruz, \u00e9 selada uma alian\u00e7a eterna e torna-se selada a hist\u00f3ria da salva\u00e7\u00e3o, e agora do c\u00e9u Ele intercede por n\u00f3s e todos os anjos o adoram.\u00a0<\/span><span data-ccp-props=\"{&quot;201341983&quot;:0,&quot;335551550&quot;:6,&quot;335551620&quot;:6,&quot;335559731&quot;:708,&quot;335559739&quot;:160,&quot;335559740&quot;:259}\">\u00a0<\/span><\/p>\n<p style=\"text-align: justify;\"><span data-contrast=\"auto\">O Evangelho \u00e9 de Jo\u00e3o <\/span><i><span data-contrast=\"auto\">(1, 1-18):<\/span><\/i><span data-contrast=\"auto\"> esse trecho \u00e9 o in\u00edcio do Evangelho de Jo\u00e3o e conhecido como o pr\u00f3logo de S\u00e3o Jo\u00e3o. Ele inicia dizendo que no princ\u00edpio era a Palavra, e a Palavra estava com Deus e a Palavra era Deus. No princ\u00edpio estava ela com Deus, Deus criou o mundo por meio da Palavra e depois essa mesma Palavra se fez carne. Essa Palavra \u00e9 o pr\u00f3prio Cristo, que veio para iluminar a vida daqueles que caminhavam em meio as trevas.\u00a0<\/span><span data-ccp-props=\"{&quot;201341983&quot;:0,&quot;335551550&quot;:6,&quot;335551620&quot;:6,&quot;335559731&quot;:708,&quot;335559739&quot;:160,&quot;335559740&quot;:259}\">\u00a0<\/span><\/p>\n<p style=\"text-align: justify;\"><span data-contrast=\"auto\">Antes de Jesus, por\u00e9m, veio um homem, um grande profeta chamado Jo\u00e3o Batista, conhecido como o precursor, que pregava um batismo de convers\u00e3o e preparando as pessoas para a chegada do Reino de Deus que viria com Jesus. Ele vivia no deserto e nas montanhas e anunciava que Jesus Cristo \u00e9 aquele que viria para iluminar as trevas e endireitar os caminhos tortuosos. Jo\u00e3o Batista n\u00e3o era a luz, mas veio para dar testemunho da luz, Ele n\u00e3o era o Messias, mas veio preparar o caminho.\u00a0<\/span><span data-ccp-props=\"{&quot;201341983&quot;:0,&quot;335551550&quot;:6,&quot;335551620&quot;:6,&quot;335559731&quot;:708,&quot;335559739&quot;:160,&quot;335559740&quot;:259}\">\u00a0<\/span><\/p>\n<p style=\"text-align: justify;\"><span data-contrast=\"auto\">A palavra estava no mundo, mas o povo n\u00e3o quis conhec\u00ea-la, se rebelaram contra Deus e n\u00e3o queriam fazer a sua vontade, por isso Jo\u00e3o Batista prega um batismo de convers\u00e3o, advertindo as pessoas que o Reino de Deus est\u00e1 pr\u00f3ximo. O Reino de Deus \u00e9 justi\u00e7a, paz, perd\u00e3o, amor e miseric\u00f3rdia, tudo isso adv\u00e9m da Palavra de Deus e Jesus anuncia. Ele pr\u00f3prio \u00e9 o Reino de Deus e n\u00f3s somos convidados a vive-lo no dia a dia.\u00a0<\/span><span data-ccp-props=\"{&quot;201341983&quot;:0,&quot;335551550&quot;:6,&quot;335551620&quot;:6,&quot;335559731&quot;:708,&quot;335559739&quot;:160,&quot;335559740&quot;:259}\">\u00a0<\/span><\/p>\n<p style=\"text-align: justify;\"><span data-contrast=\"auto\">A Deus ningu\u00e9m jamais viu, mas o seu unig\u00eanito Ele deu a conhecer. Veio na forma de menino, no seio de uma fam\u00edlia, cresceu, amadureceu e a partir de seu batismo iniciou a vida p\u00fablica e saiu para anunciar o Reino de Deus.\u00a0<\/span><span data-ccp-props=\"{&quot;201341983&quot;:0,&quot;335551550&quot;:6,&quot;335551620&quot;:6,&quot;335559731&quot;:708,&quot;335559739&quot;:160,&quot;335559740&quot;:259}\">\u00a0<\/span><\/p>\n<p style=\"text-align: justify;\"><span data-contrast=\"auto\">Contemplemos a eloqu\u00eancia da pobreza da manjedoura que serve de acolhida para o Salvador da humanidade, nosso Redentor Jesus. Creio que o dia de hoje deve ter um gesto pessoal e comunit\u00e1rio bem concreto em favor dos mais pobres, humildades, abandonados, doentes, marginalizados e que vivem formas de vulnerabilidade social. Vamos acolher e repartir de nossas mesas com estes que mais precisam! Isto \u00e9 um gesto concreto de partilha e alegria natalina em nome de Deus Menino!<\/span><span data-ccp-props=\"{&quot;201341983&quot;:0,&quot;335551550&quot;:6,&quot;335551620&quot;:6,&quot;335559731&quot;:708,&quot;335559739&quot;:160,&quot;335559740&quot;:259}\">\u00a0<\/span><\/p>\n<p style=\"text-align: justify;\"><span data-contrast=\"auto\">Celebremos com alegria esse santo Natal e antes de tudo agrade\u00e7amos a Deus por nos ter revelado o seu filho. Que ao celebrarmos mais uma vez o Natal, esse menino possa trazer paz a terra e todos os homens se unam num \u00fanico objetivo que \u00e9 construir um mundo mais fraterno e solid\u00e1rio. Fa\u00e7amos como Maria e nos abramos a vontade de Deus.\u00a0<\/span><span data-ccp-props=\"{&quot;201341983&quot;:0,&quot;335551550&quot;:6,&quot;335551620&quot;:6,&quot;335559731&quot;:708,&quot;335559739&quot;:160,&quot;335559740&quot;:259}\">\u00a0<\/span><\/p>\n<p style=\"text-align: justify;\"><span data-contrast=\"auto\">Aben\u00e7oado, feliz e Santo Natal!<\/span><span data-ccp-props=\"{&quot;201341983&quot;:0,&quot;335551550&quot;:6,&quot;335551620&quot;:6,&quot;335559731&quot;:708,&quot;335559739&quot;:160,&quot;335559740&quot;:259}\">\u00a0<\/span><\/p>\n<p><span data-ccp-props=\"{&quot;201341983&quot;:0,&quot;335551550&quot;:6,&quot;335551620&quot;:6,&quot;335559731&quot;:708,&quot;335559739&quot;:160,&quot;335559740&quot;:259}\">\u00a0<\/span><\/p>\n<p>&nbsp;<\/p>\n<p><span data-ccp-props=\"{&quot;201341983&quot;:0,&quot;335551550&quot;:6,&quot;335551620&quot;:6,&quot;335559731&quot;:708,&quot;335559739&quot;:160,&quot;335559740&quot;:259}\">\u00a0<\/span><\/p>\n<p><span data-ccp-props=\"{&quot;201341983&quot;:0,&quot;335559731&quot;:708,&quot;335559739&quot;:160,&quot;335559740&quot;:259}\">\u00a0<\/span><\/p>\n<p><span data-contrast=\"auto\">\u00a0<\/span><span data-ccp-props=\"{&quot;201341983&quot;:0,&quot;335559731&quot;:708,&quot;335559739&quot;:160,&quot;335559740&quot;:259}\">\u00a0<\/span><\/p>\n","protected":false},"excerpt":{"rendered":"<p>Cardeal Orani Jo\u00e3o Tempesta Arcebispo do Rio de Janeiro (RJ) \u00a0 &nbsp; Solenidade do Natal do Senhor \u2013 Missa do Dia\u00a0 \u201cOs confins do universo contemplaram a salva\u00e7\u00e3o do nosso Deus\u201d (Sl 97\/98)\u00a0 Celebramos com grande alegria o Natal do Senhor Jesus, uma oportunidade de agradecer a Deus por nos ter \u201cpresenteado\u201d com a encarna\u00e7\u00e3o &hellip;<\/p>\n<p class=\"read-more\"> <a class=\"\" href=\"https:\/\/www.cnbb.org.br\/solenidade-do-natal-do-senhor-missa-do-dia\/\"> <span class=\"screen-reader-text\">Solenidade do Natal do Senhor \u2013 Missa do Dia\u00a0<\/span> Leia mais &raquo;<\/a><\/p>\n","protected":false},"author":31,"featured_media":0,"comment_status":"closed","ping_status":"closed","sticky":false,"template":"","format":"standard","meta":{"site-sidebar-layout":"default","site-content-layout":"default","ast-global-header-display":"","ast-banner-title-visibility":"","ast-main-header-display":"","ast-hfb-above-header-display":"","ast-hfb-below-header-display":"","ast-hfb-mobile-header-display":"","site-post-title":"","ast-breadcrumbs-content":"","ast-featured-img":"","footer-sml-layout":"","theme-transparent-header-meta":"default","adv-header-id-meta":"","stick-header-meta":"","header-above-stick-meta":"","header-main-stick-meta":"","header-below-stick-meta":""},"categories":[758],"tags":[],"acf":[],"_links":{"self":[{"href":"https:\/\/www.cnbb.org.br\/cnbb-app\/wp\/v2\/posts\/956298"}],"collection":[{"href":"https:\/\/www.cnbb.org.br\/cnbb-app\/wp\/v2\/posts"}],"about":[{"href":"https:\/\/www.cnbb.org.br\/cnbb-app\/wp\/v2\/types\/post"}],"author":[{"embeddable":true,"href":"https:\/\/www.cnbb.org.br\/cnbb-app\/wp\/v2\/users\/31"}],"replies":[{"embeddable":true,"href":"https:\/\/www.cnbb.org.br\/cnbb-app\/wp\/v2\/comments?post=956298"}],"version-history":[{"count":2,"href":"https:\/\/www.cnbb.org.br\/cnbb-app\/wp\/v2\/posts\/956298\/revisions"}],"predecessor-version":[{"id":956300,"href":"https:\/\/www.cnbb.org.br\/cnbb-app\/wp\/v2\/posts\/956298\/revisions\/956300"}],"wp:attachment":[{"href":"https:\/\/www.cnbb.org.br\/cnbb-app\/wp\/v2\/media?parent=956298"}],"wp:term":[{"taxonomy":"category","embeddable":true,"href":"https:\/\/www.cnbb.org.br\/cnbb-app\/wp\/v2\/categories?post=956298"},{"taxonomy":"post_tag","embeddable":true,"href":"https:\/\/www.cnbb.org.br\/cnbb-app\/wp\/v2\/tags?post=956298"}],"curies":[{"name":"wp","href":"https:\/\/api.w.org\/{rel}","templated":true}]}}