{"id":956301,"date":"2023-12-24T18:00:03","date_gmt":"2023-12-24T21:00:03","guid":{"rendered":"https:\/\/www.cnbb.org.br\/?p=956301"},"modified":"2023-12-20T11:41:34","modified_gmt":"2023-12-20T14:41:34","slug":"solenidade-do-natal-do-senhor-missa-da-noite","status":"publish","type":"post","link":"https:\/\/www.cnbb.org.br\/solenidade-do-natal-do-senhor-missa-da-noite\/","title":{"rendered":"Solenidade do Natal do Senhor \u2013 Missa da Noite\u00a0"},"content":{"rendered":"<p style=\"text-align: right;\"><b><span data-contrast=\"auto\">Cardeal Orani Jo\u00e3o Tempesta<\/span><\/b><span data-ccp-props=\"{&quot;201341983&quot;:0,&quot;335551550&quot;:3,&quot;335551620&quot;:3,&quot;335559731&quot;:708,&quot;335559739&quot;:160,&quot;335559740&quot;:259}\"><br \/>\n<\/span><b><span data-contrast=\"auto\">Arcebispo do Rio de Janeiro (RJ)<\/span><\/b><span data-ccp-props=\"{&quot;201341983&quot;:0,&quot;335551550&quot;:3,&quot;335551620&quot;:3,&quot;335559731&quot;:708,&quot;335559739&quot;:160,&quot;335559740&quot;:259}\">\u00a0<\/span><\/p>\n<p>&nbsp;<\/p>\n<p>&nbsp;<\/p>\n<p>&nbsp;<\/p>\n<p style=\"text-align: justify;\"><b><span data-contrast=\"auto\">Solenidade do Natal do Senhor \u2013 Missa da Noite<\/span><\/b><span data-ccp-props=\"{&quot;201341983&quot;:0,&quot;335551550&quot;:2,&quot;335551620&quot;:2,&quot;335559739&quot;:160,&quot;335559740&quot;:259}\">\u00a0<\/span><\/p>\n<p style=\"text-align: justify;\"><i><span data-contrast=\"auto\">\u201cNasceu hoje para n\u00f3s o Salvador, o Messias que \u00e9 o Cristo, Senhor\u201d (Sl 95\/96)<\/span><\/i><span data-ccp-props=\"{&quot;201341983&quot;:0,&quot;335551550&quot;:2,&quot;335551620&quot;:2,&quot;335559739&quot;:160,&quot;335559740&quot;:259}\">\u00a0<\/span><\/p>\n<p style=\"text-align: justify;\"><span data-contrast=\"auto\">Chegamos \u00e0 celebra\u00e7\u00e3o da Noite do Natal do Senhor, hoje foi um dia um pouco at\u00edpico, pois at\u00e9 a ora\u00e7\u00e3o das v\u00e9speras celebramos as missas do quarto Domingo do Advento e desde essa hora, as missas da noite de Natal.\u00a0<\/span><span data-ccp-props=\"{&quot;201341983&quot;:0,&quot;335551550&quot;:6,&quot;335551620&quot;:6,&quot;335559731&quot;:708,&quot;335559739&quot;:160,&quot;335559740&quot;:259}\">\u00a0<\/span><\/p>\n<p style=\"text-align: justify;\"><span data-contrast=\"auto\">Seria importante participarmos da celebra\u00e7\u00e3o da missa antes de ir para casa cear com a fam\u00edlia e confraternizar. Sobretudo recordar o verdadeiro sentido do Natal que nunca foi o Papai Noel e troca de presentes, mas sim, verdadeiramente, recordamos o nascimento de Jesus, o Verbo que se fez carne.\u00a0<\/span><span data-ccp-props=\"{&quot;201341983&quot;:0,&quot;335551550&quot;:6,&quot;335551620&quot;:6,&quot;335559731&quot;:708,&quot;335559739&quot;:160,&quot;335559740&quot;:259}\">\u00a0<\/span><\/p>\n<p style=\"text-align: justify;\"><span data-contrast=\"auto\">Nessa Noite Santa, entoamos novamente o hino do Gl\u00f3ria e podemos proclamar junto com os anjos \u201c<\/span><i><span data-contrast=\"auto\">Gl\u00f3ria a Deus nas alturas, e paz na terra aos homens por Ele amados\u201d<\/span><\/i><span data-contrast=\"auto\">. Nessa noite Santa elevemos uma prece de gratid\u00e3o a Deus, por nos ter dado o seu filho. Agrade\u00e7amos tamb\u00e9m a Nossa Senhora por ter dado o Sim ao projeto de Deus. Jesus j\u00e1 nasceu h\u00e1 mais de dois mil anos em Jerusal\u00e9m, mas agora Ele deve nascer em nosso cora\u00e7\u00e3o.\u00a0<\/span><span data-ccp-props=\"{&quot;201341983&quot;:0,&quot;335551550&quot;:6,&quot;335551620&quot;:6,&quot;335559731&quot;:708,&quot;335559739&quot;:160,&quot;335559740&quot;:259}\">\u00a0<\/span><\/p>\n<p style=\"text-align: justify;\"><span data-contrast=\"auto\">Essa noite deve ser de grande alegria para n\u00f3s, n\u00e3o deve ter espa\u00e7o para tristeza, pois devemos nos alegrar com o grande presente que Deus nos deu. Pe\u00e7amos a Deus que nessa Noite Santa o Menino Jesus nos traga a paz. Paz nas fam\u00edlias, no nosso pa\u00eds, no mundo, que enfrenta pelo menos duas grandes guerras. No Natal as desaven\u00e7as devem ser superadas e as fam\u00edlias devem se unir em torno do pres\u00e9pio. Jesus \u00e9 a causa de nossa alegria, por isso, se Ele nasceu essa noite deve ser alegre.\u00a0<\/span><span data-ccp-props=\"{&quot;201341983&quot;:0,&quot;335551550&quot;:6,&quot;335551620&quot;:6,&quot;335559731&quot;:708,&quot;335559739&quot;:160,&quot;335559740&quot;:259}\">\u00a0<\/span><\/p>\n<p style=\"text-align: justify;\"><span data-contrast=\"auto\">Existe um c\u00e2ntico entoado na Igreja ao longo do tempo do Natal que diz: <\/span><i><span data-contrast=\"auto\">\u201c\u00c9 natal de Jesus, festa de alegria, esperan\u00e7a e luz\u201d. <\/span><\/i><span data-contrast=\"auto\">Que neste Natal o menino Jesus nos encha de alegria, de esperan\u00e7a em dias melhores e ilumine com a sua Luz as trevas. Sejamos mission\u00e1rios e levemos a alegria que vem de Jesus para os entristecidos, agrade\u00e7amos a Deus o dom da nossa vida.\u00a0<\/span><span data-ccp-props=\"{&quot;201341983&quot;:0,&quot;335551550&quot;:6,&quot;335551620&quot;:6,&quot;335559731&quot;:708,&quot;335559739&quot;:160,&quot;335559740&quot;:259}\">\u00a0<\/span><\/p>\n<p style=\"text-align: justify;\"><span data-contrast=\"auto\">A missa da Noite de Natal, conhecida como \u201cMissa do Galo\u201d, teria que ser celebrada a meia-noite, mas devido a seguran\u00e7a em nossas cidades e por quest\u00f5es pastorais, as par\u00f3quias realizam essa missa ao anoitecer. \u00c9 missa do galo, porque o galo \u00e9 o primeiro que canta quando amanhece o dia, e Jesus \u00e9 o Sol nascente que veio nos visitar.\u00a0<\/span><span data-ccp-props=\"{&quot;201341983&quot;:0,&quot;335551550&quot;:6,&quot;335551620&quot;:6,&quot;335559731&quot;:708,&quot;335559739&quot;:160,&quot;335559740&quot;:259}\">\u00a0<\/span><\/p>\n<p style=\"text-align: justify;\"><span data-contrast=\"auto\">A primeira leitura da missa de hoje \u00e9 do profeta Isa\u00edas <\/span><i><span data-contrast=\"auto\">(Is 9, 1-6), <\/span><\/i><span data-contrast=\"auto\">cerca de quatrocentos anos a.C., prev\u00ea aquilo que aconteceria a partir do nascimento de Jesus Cristo. Isa\u00edas estava no contexto do ex\u00edlio da Babil\u00f4nia e o povo encontrava-se triste e desanimado. Isa\u00edas diz que o povo que andava na escurid\u00e3o viu uma grande luz e para aqueles que andavam nas sombras da morte, uma luz resplandeceu. A tristeza deu lugar a alegria e o povo que andava nas trevas viu uma grande luz. As trevas representam a escurid\u00e3o e o pecado, e Cristo vem iluminar as trevas e nos redimir do pecado. Naquele momento o povo voltava de um per\u00edodo de escurid\u00e3o e de pecado que era o ex\u00edlio da Babil\u00f4nia e de agora em diante o povo voltou para a sua terra, sob a luz do Senhor, com o prop\u00f3sito de n\u00e3o pecar mais, Deus se prop\u00f5e a selar uma alian\u00e7a eterna com esse povo.<\/span><span data-ccp-props=\"{&quot;201341983&quot;:0,&quot;335551550&quot;:6,&quot;335551620&quot;:6,&quot;335559731&quot;:708,&quot;335559739&quot;:160,&quot;335559740&quot;:259}\">\u00a0<\/span><\/p>\n<p style=\"text-align: justify;\"><span data-contrast=\"auto\">O menino que vai nascer restabelecer\u00e1 a alian\u00e7a rompida pelo povo e selar\u00e1 uma alian\u00e7a eterna entre a humanidade e Deus. Ele h\u00e1 de ser o pr\u00edncipe da paz, conselheiro admir\u00e1vel, Deus forte. Ele anunciar\u00e1 a paz e o seu reinado ser\u00e1 sobretudo em prol dos humildes, pregar\u00e1 a justi\u00e7a e a paz.\u00a0<\/span><span data-ccp-props=\"{&quot;201341983&quot;:0,&quot;335551550&quot;:6,&quot;335551620&quot;:6,&quot;335559731&quot;:708,&quot;335559739&quot;:160,&quot;335559740&quot;:259}\">\u00a0<\/span><\/p>\n<p style=\"text-align: justify;\"><span data-contrast=\"auto\">O salmo responsorial \u00e9 o <\/span><i><span data-contrast=\"auto\">95 (96), <\/span><\/i><span data-contrast=\"auto\">o refr\u00e3o desse salmo vai de encontro com o que ouvimos na primeira leitura e com o que celebramos nessa noite e diz: <\/span><i><span data-contrast=\"auto\">\u201cNasceu hoje para n\u00f3s o Salvador, o Messias que \u00e9 o Cristo, Senhor\u201d. <\/span><\/i><span data-contrast=\"auto\">O Messias era esperado h\u00e1 muito tempo por todo o povo judeu, eles esperavam que o Messias viria como um forte guerreiro, mas ao contr\u00e1rio, o Messias veio pobre e humilde, a fim de reconduzir todos para Deus e ensinar o caminho do amor. Entoemos um c\u00e2ntico de louvor ao Senhor nessa Noite Santa.\u00a0<\/span><span data-ccp-props=\"{&quot;201341983&quot;:0,&quot;335551550&quot;:6,&quot;335551620&quot;:6,&quot;335559731&quot;:708,&quot;335559739&quot;:160,&quot;335559740&quot;:259}\">\u00a0<\/span><\/p>\n<p style=\"text-align: justify;\"><span data-contrast=\"auto\">A segunda leitura \u00e9 da carta de S\u00e3o Paulo a Tito <\/span><i><span data-contrast=\"auto\">(Tt 2, 11-14), <\/span><\/i><span data-contrast=\"auto\">Paulo diz a Tito que a gra\u00e7a de Deus se manifestou sobre todos n\u00f3s, pois Deus nos presenteou com o nascimento de seu filho. A morte de Cristo na cruz foi para selar a alian\u00e7a entre Deus e a humanidade e para redimir a humanidade do pecado. Foi um sinal da gra\u00e7a e da miseric\u00f3rdia de Deus. Jesus nasceu uma vez em Jerusal\u00e9m, nessa noite Ele dever\u00e1 nascer em nosso cora\u00e7\u00e3o. No Natal um mist\u00e9rio nos prepara para o outro, ou seja, o nascimento de Jesus nos aponta para a morte na Cruz que iremos celebrar dentro de alguns meses. Cabe a n\u00f3s agora, aguardar a segunda vinda de <\/span><span data-contrast=\"auto\">Cristo, que n\u00e3o sabemos quando ser\u00e1, mas estejamos em constante ora\u00e7\u00e3o e vigil\u00e2ncia.\u00a0<\/span><span data-ccp-props=\"{&quot;201341983&quot;:0,&quot;335551550&quot;:6,&quot;335551620&quot;:6,&quot;335559731&quot;:708,&quot;335559739&quot;:160,&quot;335559740&quot;:259}\">\u00a0<\/span><\/p>\n<p style=\"text-align: justify;\"><span data-contrast=\"auto\">O Evangelho dessa noite Santa \u00e9 de Lucas<\/span><i><span data-contrast=\"auto\">, (Lc 2, 1-14), <\/span><\/i><span data-contrast=\"auto\">esse trecho do Evangelho de Lucas relata quando a Jos\u00e9 e Maria foram at\u00e9 a sua cidade Natal a fim de registrarem-se como moradores, a fim de cumprir o decreto do imperador Cesar Augusto. Eles subiram de Nazar\u00e9, na Galil\u00e9ia, para Bel\u00e9m na Jud\u00e9ia, por serem da descend\u00eancia de Davi.\u00a0<\/span><span data-ccp-props=\"{&quot;201341983&quot;:0,&quot;335551550&quot;:6,&quot;335551620&quot;:6,&quot;335559731&quot;:708,&quot;335559739&quot;:160,&quot;335559740&quot;:259}\">\u00a0<\/span><\/p>\n<p style=\"text-align: justify;\"><span data-contrast=\"auto\">Aconteceu que enquanto subiam completou-se o tempo da gravidez de Maria e ela deu \u00e0 luz ao seu filho primog\u00eanito. Ela o enfaixou e o colocou numa manjedoura, pois n\u00e3o havia lugar para eles na hospedaria. N\u00e3o havia lugar para o Filho de Deus nascer, e Jesus nasce em uma estrebaria, ou seja, local que se guardava os animais. O Filho de Deus nasce humilde para mostrar a humanidade que n\u00e3o importa o ter e o poder, mas que importa \u00e9 o amor. O Filho de Deus tinha que nascer assim, para mostrar a humanidade que o Reino de Deus n\u00e3o se constr\u00f3i com guerras e espadas, mas se constr\u00f3i no sil\u00eancio, na humildade e no amor.\u00a0<\/span><span data-ccp-props=\"{&quot;201341983&quot;:0,&quot;335551550&quot;:6,&quot;335551620&quot;:6,&quot;335559731&quot;:708,&quot;335559739&quot;:160,&quot;335559740&quot;:259}\">\u00a0<\/span><\/p>\n<p style=\"text-align: justify;\"><span data-contrast=\"auto\">Podemos ainda, a partir desse Evangelho lan\u00e7ar para n\u00f3s mesmos, em nosso interior a pergunta<\/span><i><span data-contrast=\"auto\">: Ser\u00e1 que nos dias de hoje, Maria e Jos\u00e9 encontrariam lugar para o seu filho nascer? Em nossa casa, na nossa fam\u00edlia tem espa\u00e7o para abrigar a Sagrada Fam\u00edlia? <\/span><\/i><span data-contrast=\"auto\">Nessa noite abramos as portas de nossa casa para acolher o Menino Jesus, que o Papai Noel n\u00e3o prevale\u00e7a mais do que o Menino Jesus.\u00a0\u00a0<\/span><span data-ccp-props=\"{&quot;201341983&quot;:0,&quot;335551550&quot;:6,&quot;335551620&quot;:6,&quot;335559731&quot;:708,&quot;335559739&quot;:160,&quot;335559740&quot;:259}\">\u00a0<\/span><\/p>\n<p style=\"text-align: justify;\"><span data-contrast=\"auto\">Os pastores que habitavam aquela regi\u00e3o, ao verem no c\u00e9u uma estrela diferente e se perguntando o que seria aquilo, um anjo do Senhor lhes aparece e diz para eles n\u00e3o terem medo e os anuncia uma grande alegria. Naquela mesma noite na cidade de Davi nasceu um Salvador, que \u00e9 o Cristo Senhor. Eles v\u00e3o at\u00e9 o local e encontram tudo conforme o anjo lhes tinha dito, encontram o menino envolto em faixas e deitado na manjedoura.\u00a0<\/span><span data-ccp-props=\"{&quot;201341983&quot;:0,&quot;335551550&quot;:6,&quot;335551620&quot;:6,&quot;335559731&quot;:708,&quot;335559739&quot;:160,&quot;335559740&quot;:259}\">\u00a0<\/span><\/p>\n<p style=\"text-align: justify;\"><span data-contrast=\"auto\">Celebremos com alegria essa noite Santa do nascimento de nosso Salvador, Jesus Cristo. Que nessa noite n\u00e3o nos esque\u00e7amos da raz\u00e3o da festa, que \u00e9 Jesus Cristo. Elevemos aos c\u00e9us um pedido pela paz nessa noite, e que o Messias que nasceu em Bel\u00e9m traga a paz para todos os povos e que cessem as guerras. Santa noite de Natal para todos!<\/span><span data-ccp-props=\"{&quot;201341983&quot;:0,&quot;335551550&quot;:6,&quot;335551620&quot;:6,&quot;335559731&quot;:708,&quot;335559739&quot;:160,&quot;335559740&quot;:259}\">\u00a0<\/span><\/p>\n<p>&nbsp;<\/p>\n<p><span data-ccp-props=\"{&quot;201341983&quot;:0,&quot;335551550&quot;:6,&quot;335551620&quot;:6,&quot;335559731&quot;:708,&quot;335559739&quot;:160,&quot;335559740&quot;:259}\">\u00a0<\/span><\/p>\n","protected":false},"excerpt":{"rendered":"<p>Cardeal Orani Jo\u00e3o Tempesta Arcebispo do Rio de Janeiro (RJ)\u00a0 &nbsp; &nbsp; &nbsp; Solenidade do Natal do Senhor \u2013 Missa da Noite\u00a0 \u201cNasceu hoje para n\u00f3s o Salvador, o Messias que \u00e9 o Cristo, Senhor\u201d (Sl 95\/96)\u00a0 Chegamos \u00e0 celebra\u00e7\u00e3o da Noite do Natal do Senhor, hoje foi um dia um pouco at\u00edpico, pois at\u00e9 &hellip;<\/p>\n<p class=\"read-more\"> <a class=\"\" href=\"https:\/\/www.cnbb.org.br\/solenidade-do-natal-do-senhor-missa-da-noite\/\"> <span class=\"screen-reader-text\">Solenidade do Natal do Senhor \u2013 Missa da Noite\u00a0<\/span> Leia mais &raquo;<\/a><\/p>\n","protected":false},"author":31,"featured_media":0,"comment_status":"closed","ping_status":"closed","sticky":false,"template":"","format":"standard","meta":{"site-sidebar-layout":"default","site-content-layout":"default","ast-global-header-display":"","ast-banner-title-visibility":"","ast-main-header-display":"","ast-hfb-above-header-display":"","ast-hfb-below-header-display":"","ast-hfb-mobile-header-display":"","site-post-title":"","ast-breadcrumbs-content":"","ast-featured-img":"","footer-sml-layout":"","theme-transparent-header-meta":"default","adv-header-id-meta":"","stick-header-meta":"","header-above-stick-meta":"","header-main-stick-meta":"","header-below-stick-meta":""},"categories":[758],"tags":[],"acf":[],"_links":{"self":[{"href":"https:\/\/www.cnbb.org.br\/cnbb-app\/wp\/v2\/posts\/956301"}],"collection":[{"href":"https:\/\/www.cnbb.org.br\/cnbb-app\/wp\/v2\/posts"}],"about":[{"href":"https:\/\/www.cnbb.org.br\/cnbb-app\/wp\/v2\/types\/post"}],"author":[{"embeddable":true,"href":"https:\/\/www.cnbb.org.br\/cnbb-app\/wp\/v2\/users\/31"}],"replies":[{"embeddable":true,"href":"https:\/\/www.cnbb.org.br\/cnbb-app\/wp\/v2\/comments?post=956301"}],"version-history":[{"count":2,"href":"https:\/\/www.cnbb.org.br\/cnbb-app\/wp\/v2\/posts\/956301\/revisions"}],"predecessor-version":[{"id":956303,"href":"https:\/\/www.cnbb.org.br\/cnbb-app\/wp\/v2\/posts\/956301\/revisions\/956303"}],"wp:attachment":[{"href":"https:\/\/www.cnbb.org.br\/cnbb-app\/wp\/v2\/media?parent=956301"}],"wp:term":[{"taxonomy":"category","embeddable":true,"href":"https:\/\/www.cnbb.org.br\/cnbb-app\/wp\/v2\/categories?post=956301"},{"taxonomy":"post_tag","embeddable":true,"href":"https:\/\/www.cnbb.org.br\/cnbb-app\/wp\/v2\/tags?post=956301"}],"curies":[{"name":"wp","href":"https:\/\/api.w.org\/{rel}","templated":true}]}}