{"id":956372,"date":"2023-12-21T10:59:49","date_gmt":"2023-12-21T13:59:49","guid":{"rendered":"https:\/\/www.cnbb.org.br\/?p=956372"},"modified":"2023-12-21T10:59:49","modified_gmt":"2023-12-21T13:59:49","slug":"celebracoes-presididas-pelo-papa-francisco-no-tempo-do-natal-e-inicio-do-novo-ano","status":"publish","type":"post","link":"https:\/\/www.cnbb.org.br\/celebracoes-presididas-pelo-papa-francisco-no-tempo-do-natal-e-inicio-do-novo-ano\/","title":{"rendered":"Celebra\u00e7\u00f5es presididas pelo Papa Francisco no Tempo do Natal e in\u00edcio do novo ano"},"content":{"rendered":"<p style=\"text-align: justify;\">No domingo, 24 de dezembro, a Missa da noite de Natal ser\u00e1 presidida pelo Papa Francisco na Bas\u00edlica de S\u00e3o Pedro \u00e0s 19h30min locais. O Calend\u00e1rio das Celebra\u00e7\u00f5es Lit\u00fargicas Pontif\u00edcias foi publicado dia 28 de novembro passado, pela Sala de Imprensa da Santa S\u00e9. Tamb\u00e9m este ano, o Pont\u00edfice manter\u00e1, portanto, o hor\u00e1rio antecipado que foi adotado em 2020, devido \u00e0s restri\u00e7\u00f5es impostas pela Covid, depois confirmado tamb\u00e9m em 2021 e 2022.<\/p>\n<h2>Urbi et Orbi<\/h2>\n<p style=\"text-align: justify;\">No dia seguinte, segunda-feira, 25 de dezembro, Natal do Senhor, o Papa conceder\u00e1 a b\u00ean\u00e7\u00e3o Urbi et Orbi da sacada central da Bas\u00edlica de S\u00e3o Pedro \u00e0s 12 horas. No domingo, 31 de dezembro, \u00e0s 17 horas, na Bas\u00edlica Vaticana, o Santo Padre presidir\u00e1 a celebra\u00e7\u00e3o das Primeiras V\u00e9speras e do Te Deum em a\u00e7\u00e3o de gra\u00e7as pelo ano transcorrido.<\/p>\n<h2>Celebra\u00e7\u00f5es de janeiro<\/h2>\n<p style=\"text-align: justify;\">Na segunda-feira, 1\u00ba de janeiro, que tamb\u00e9m \u00e9 o LVII Dia Mundial da Paz, Francisco celebrar\u00e1 a Missa na Solenidade de Maria Sant\u00edssima M\u00e3e de Deus, novamente na Bas\u00edlica Vaticana, \u00e0s 10h. Tamb\u00e9m na Bas\u00edlica de S\u00e3o Pedro, no dia 6 de janeiro, celebrar\u00e1 a Missa na Solenidade da Epifania, \u00e0s 10h. Por fim, no dia 7 de janeiro, o Pont\u00edfice presidir\u00e1, \u00e0s 9h30, uma celebra\u00e7\u00e3o na Capela Sistina na festa do Batismo do Senhor, durante a qual batizar\u00e1 algumas crian\u00e7as.<\/p>\n<p><strong>Com informa\u00e7\u00f5es<\/strong> <a href=\"https:\/\/www.vaticannews.va\/pt\/papa\/news\/2023-11\/papa-francisco-calendario-celebracoes-tempo-do-natal.html\" target=\"_blank\" rel=\"noopener\">VaticanNews\/Foto: Vatican Media\u00a0<\/a><\/p>\n<p style=\"text-align: justify;\">\n","protected":false},"excerpt":{"rendered":"<p>No domingo, 24 de dezembro, a Missa da noite de Natal ser\u00e1 presidida pelo Papa Francisco na Bas\u00edlica de S\u00e3o Pedro \u00e0s 19h30min locais. Tamb\u00e9m este ano, o Pont\u00edfice manter\u00e1, portanto, o hor\u00e1rio antecipado que foi adotado em 2020, devido \u00e0s restri\u00e7\u00f5es impostas pela Covid, depois confirmado tamb\u00e9m em 2021 e 2022<\/p>\n","protected":false},"author":142,"featured_media":956373,"comment_status":"closed","ping_status":"closed","sticky":false,"template":"","format":"standard","meta":{"site-sidebar-layout":"default","site-content-layout":"default","ast-global-header-display":"","ast-banner-title-visibility":"","ast-main-header-display":"","ast-hfb-above-header-display":"","ast-hfb-below-header-display":"","ast-hfb-mobile-header-display":"","site-post-title":"","ast-breadcrumbs-content":"","ast-featured-img":"","footer-sml-layout":"","theme-transparent-header-meta":"default","adv-header-id-meta":"","stick-header-meta":"","header-above-stick-meta":"","header-main-stick-meta":"","header-below-stick-meta":""},"categories":[50,784],"tags":[5346],"acf":[],"_links":{"self":[{"href":"https:\/\/www.cnbb.org.br\/cnbb-app\/wp\/v2\/posts\/956372"}],"collection":[{"href":"https:\/\/www.cnbb.org.br\/cnbb-app\/wp\/v2\/posts"}],"about":[{"href":"https:\/\/www.cnbb.org.br\/cnbb-app\/wp\/v2\/types\/post"}],"author":[{"embeddable":true,"href":"https:\/\/www.cnbb.org.br\/cnbb-app\/wp\/v2\/users\/142"}],"replies":[{"embeddable":true,"href":"https:\/\/www.cnbb.org.br\/cnbb-app\/wp\/v2\/comments?post=956372"}],"version-history":[{"count":2,"href":"https:\/\/www.cnbb.org.br\/cnbb-app\/wp\/v2\/posts\/956372\/revisions"}],"predecessor-version":[{"id":956375,"href":"https:\/\/www.cnbb.org.br\/cnbb-app\/wp\/v2\/posts\/956372\/revisions\/956375"}],"wp:featuredmedia":[{"embeddable":true,"href":"https:\/\/www.cnbb.org.br\/cnbb-app\/wp\/v2\/media\/956373"}],"wp:attachment":[{"href":"https:\/\/www.cnbb.org.br\/cnbb-app\/wp\/v2\/media?parent=956372"}],"wp:term":[{"taxonomy":"category","embeddable":true,"href":"https:\/\/www.cnbb.org.br\/cnbb-app\/wp\/v2\/categories?post=956372"},{"taxonomy":"post_tag","embeddable":true,"href":"https:\/\/www.cnbb.org.br\/cnbb-app\/wp\/v2\/tags?post=956372"}],"curies":[{"name":"wp","href":"https:\/\/api.w.org\/{rel}","templated":true}]}}