{"id":956378,"date":"2023-12-21T11:38:06","date_gmt":"2023-12-21T14:38:06","guid":{"rendered":"https:\/\/www.cnbb.org.br\/?p=956378"},"modified":"2023-12-21T11:41:24","modified_gmt":"2023-12-21T14:41:24","slug":"e-natal-que-o-amor-toque-o-coracao","status":"publish","type":"post","link":"https:\/\/www.cnbb.org.br\/e-natal-que-o-amor-toque-o-coracao\/","title":{"rendered":"\u00c9 Natal, que o amor toque o cora\u00e7\u00e3o!\u00a0"},"content":{"rendered":"<p style=\"text-align: right;\"><strong>Dom Jos\u00e9 Gislon<br \/>\nBispo de Caxias do Sul (RS)<\/strong><\/p>\n<p>&nbsp;<\/p>\n<p style=\"text-align: justify;\"><span data-ccp-props=\"{&quot;201341983&quot;:0,&quot;335559739&quot;:200,&quot;335559740&quot;:276}\">\u00a0<\/span><\/p>\n<p style=\"text-align: justify;\"><span data-contrast=\"auto\">Estimados irm\u00e3os e irm\u00e3s em Cristo Jesus! O Natal \u00e9 um momento prop\u00edcio para olharmos para o nosso interior e deixarmos aflorar o que de melhor temos na nossa vida, em termos de espiritualidade, solidariedade e humanidade. \u00c9 um tempo oportuno para deixarmos falar n\u00e3o tanto a voz da raz\u00e3o, mas a do cora\u00e7\u00e3o, que envolve o mist\u00e9rio e o amor de Deus, manifestado de forma simples e despojada, na vida de uma fr\u00e1gil crian\u00e7a. O local do nascimento de Jesus carecia de muitas coisas, n\u00e3o era um lugar digno para uma fam\u00edlia, nem para uma crian\u00e7a nascer, mas foi ali que o Filho de Deus nasceu. A car\u00eancia material n\u00e3o suprimiu o amor do cora\u00e7\u00e3o de Maria e de Jos\u00e9 para acolher uma nova vida.<\/span><span data-ccp-props=\"{&quot;201341983&quot;:0,&quot;335551550&quot;:6,&quot;335551620&quot;:6,&quot;335559739&quot;:200,&quot;335559740&quot;:240}\">\u00a0<\/span><\/p>\n<p style=\"text-align: justify;\"><span data-contrast=\"auto\">A festa do Natal \u00e9 sempre uma oportunidade para renascermos espiritualmente, lembrando do amor de Deus que n\u00e3o exclui, mas nos une como fam\u00edlia humana. Mesmo tendo passado dois mil anos daquele acontecimento hist\u00f3rico, ainda podemos olhar para Bel\u00e9m, contemplar a crian\u00e7a que nasceu na manjedoura e celebrar o seu nascimento, reavivando no cora\u00e7\u00e3o a esperan\u00e7a no amor, na vida, no presente e no futuro, por que Ele est\u00e1 no meio de n\u00f3s.<\/span><span data-ccp-props=\"{&quot;201341983&quot;:0,&quot;335551550&quot;:6,&quot;335551620&quot;:6,&quot;335559739&quot;:200,&quot;335559740&quot;:240}\">\u00a0<\/span><\/p>\n<p style=\"text-align: justify;\"><span data-contrast=\"auto\">Na fragilidade humana Jesus experimentou a exclus\u00e3o, precisou nascer numa gruta, porque n\u00e3o tinha lugar para seus pais na hospedaria. Foi colocado numa manjedoura, como rec\u00e9m-nascido, porque n\u00e3o tinha um ber\u00e7o para acolh\u00ea-lo. Vivendo a experi\u00eancia da fragilidade humana, pode sentir e valorizar o amor, o carinho e a ternura de uma fam\u00edlia em condi\u00e7\u00f5es muito limitadas, do ponto de vista econ\u00f4mico, mas enriquecida pela gra\u00e7a de Deus, porque na simplicidade n\u00e3o deixou faltar o amor, soube acolher e proteger a vida, mesmo em condi\u00e7\u00f5es dif\u00edceis.\u00a0\u00a0<\/span><span data-ccp-props=\"{&quot;201341983&quot;:0,&quot;335551550&quot;:6,&quot;335551620&quot;:6,&quot;335559739&quot;:0,&quot;335559740&quot;:240}\">\u00a0<\/span><\/p>\n<p style=\"text-align: justify;\"><span data-contrast=\"auto\">Pode acontecer que, em meio a tantas preocupa\u00e7\u00f5es com o trabalho, as f\u00e9rias e as festas, ou em arrumar a casa para receber as visitas, voc\u00ea ainda n\u00e3o tenha tido o tempo de colocar em dia a casa interior, isto \u00e9, o espa\u00e7o do cora\u00e7\u00e3o, para acolh\u00ea-lo e assim poder participar, com a alegria dos anjos, desta festa divina e humana, que une o c\u00e9u e a terra num j\u00fabilo de comunh\u00e3o e de fraternidade, porque Deus est\u00e1 entre n\u00f3s, na fragilidade, na for\u00e7a e na ternura de seu Filho Jesus, nascido em Bel\u00e9m.\u00a0<\/span><span data-ccp-props=\"{&quot;201341983&quot;:0,&quot;335551550&quot;:6,&quot;335551620&quot;:6,&quot;335559739&quot;:0,&quot;335559740&quot;:240}\">\u00a0<\/span><\/p>\n<p style=\"text-align: justify;\"><span data-contrast=\"auto\">Desejo a todos um Feliz e Santo Natal.<\/span><span data-ccp-props=\"{&quot;201341983&quot;:0,&quot;335551550&quot;:6,&quot;335551620&quot;:6,&quot;335559739&quot;:0,&quot;335559740&quot;:240}\">\u00a0<\/span><\/p>\n<p style=\"text-align: justify;\"><span data-ccp-props=\"{&quot;201341983&quot;:0,&quot;335551550&quot;:6,&quot;335551620&quot;:6,&quot;335559739&quot;:200,&quot;335559740&quot;:240}\">\u00a0<\/span><\/p>\n<p style=\"text-align: justify;\">\n","protected":false},"excerpt":{"rendered":"<p>Dom Jos\u00e9 Gislon Bispo de Caxias do Sul (RS) &nbsp; \u00a0 Estimados irm\u00e3os e irm\u00e3s em Cristo Jesus! O Natal \u00e9 um momento prop\u00edcio para olharmos para o nosso interior e deixarmos aflorar o que de melhor temos na nossa vida, em termos de espiritualidade, solidariedade e humanidade. \u00c9 um tempo oportuno para deixarmos falar &hellip;<\/p>\n<p class=\"read-more\"> <a class=\"\" href=\"https:\/\/www.cnbb.org.br\/e-natal-que-o-amor-toque-o-coracao\/\"> <span class=\"screen-reader-text\">\u00c9 Natal, que o amor toque o cora\u00e7\u00e3o!\u00a0<\/span> Leia mais &raquo;<\/a><\/p>\n","protected":false},"author":20,"featured_media":0,"comment_status":"closed","ping_status":"closed","sticky":false,"template":"","format":"standard","meta":{"site-sidebar-layout":"default","site-content-layout":"default","ast-global-header-display":"","ast-banner-title-visibility":"","ast-main-header-display":"","ast-hfb-above-header-display":"","ast-hfb-below-header-display":"","ast-hfb-mobile-header-display":"","site-post-title":"","ast-breadcrumbs-content":"","ast-featured-img":"","footer-sml-layout":"","theme-transparent-header-meta":"default","adv-header-id-meta":"","stick-header-meta":"","header-above-stick-meta":"","header-main-stick-meta":"","header-below-stick-meta":""},"categories":[758,1837],"tags":[],"acf":[],"_links":{"self":[{"href":"https:\/\/www.cnbb.org.br\/cnbb-app\/wp\/v2\/posts\/956378"}],"collection":[{"href":"https:\/\/www.cnbb.org.br\/cnbb-app\/wp\/v2\/posts"}],"about":[{"href":"https:\/\/www.cnbb.org.br\/cnbb-app\/wp\/v2\/types\/post"}],"author":[{"embeddable":true,"href":"https:\/\/www.cnbb.org.br\/cnbb-app\/wp\/v2\/users\/20"}],"replies":[{"embeddable":true,"href":"https:\/\/www.cnbb.org.br\/cnbb-app\/wp\/v2\/comments?post=956378"}],"version-history":[{"count":2,"href":"https:\/\/www.cnbb.org.br\/cnbb-app\/wp\/v2\/posts\/956378\/revisions"}],"predecessor-version":[{"id":956380,"href":"https:\/\/www.cnbb.org.br\/cnbb-app\/wp\/v2\/posts\/956378\/revisions\/956380"}],"wp:attachment":[{"href":"https:\/\/www.cnbb.org.br\/cnbb-app\/wp\/v2\/media?parent=956378"}],"wp:term":[{"taxonomy":"category","embeddable":true,"href":"https:\/\/www.cnbb.org.br\/cnbb-app\/wp\/v2\/categories?post=956378"},{"taxonomy":"post_tag","embeddable":true,"href":"https:\/\/www.cnbb.org.br\/cnbb-app\/wp\/v2\/tags?post=956378"}],"curies":[{"name":"wp","href":"https:\/\/api.w.org\/{rel}","templated":true}]}}