{"id":956381,"date":"2023-12-21T11:39:54","date_gmt":"2023-12-21T14:39:54","guid":{"rendered":"https:\/\/www.cnbb.org.br\/?p=956381"},"modified":"2023-12-21T11:40:53","modified_gmt":"2023-12-21T14:40:53","slug":"natal-do-senhor","status":"publish","type":"post","link":"https:\/\/www.cnbb.org.br\/natal-do-senhor\/","title":{"rendered":"Natal do Senhor"},"content":{"rendered":"<p style=\"text-align: right;\"><strong>Dom Rodolfo Lu\u00eds Weber<br \/>\nArcebispo de Passo Fundo (RS)<\/strong><\/p>\n<p style=\"text-align: justify;\"><span data-contrast=\"auto\"><\/p>\n<p><\/span><\/p>\n<p style=\"text-align: justify;\"><span data-contrast=\"auto\">\u201cHoje nasceu para n\u00f3s um Salvador, que \u00e9 o Cristo, o Senhor!<\/span><span data-ccp-props=\"{&quot;201341983&quot;:0,&quot;335551550&quot;:2,&quot;335551620&quot;:2,&quot;335559739&quot;:120,&quot;335559740&quot;:259}\">\u00a0<\/span><\/p>\n<p style=\"text-align: justify;\"><span data-contrast=\"auto\">O caminho percorrido no Advento foi criando um clima de expectativa para as festas natalinas. O cora\u00e7\u00e3o foi sendo preparado para acolher com alegria o Salvador. Agora \u00e9 tempo de j\u00fabilo, de festa e de unir as nossas vozes com a vozes dos anjos que anunciaram o extraordin\u00e1rio acontecimento do nascimento de Jesus Cristo. Assim como os anjos anunciaram aos pastores: \u201choje, na cidade de Davi, nasceu para v\u00f3s o Salvador\u201d; a Igreja anuncia aos habitantes do mundo que \u201choje\u201d nasceu para todos o Salvador.\u00a0<\/span><span data-ccp-props=\"{&quot;201341983&quot;:0,&quot;335551550&quot;:6,&quot;335551620&quot;:6,&quot;335559739&quot;:120,&quot;335559740&quot;:259}\">\u00a0<\/span><\/p>\n<p style=\"text-align: justify;\"><span data-contrast=\"auto\">Ainda \u00e9 atual e necess\u00e1rio o an\u00fancio de que \u201choje nasceu o Salvador?\u201d A humanidade atual goza de progressos em todas as \u00e1reas, usufrui de um progresso t\u00e9cnico, cient\u00edfico que tornou a gera\u00e7\u00e3o atual extremamente poderosa e autossuficiente. Talvez ela nem deseja a presen\u00e7a de Deus. Todas as inven\u00e7\u00f5es humanas s\u00e3o maravilhosas, \u00fateis e necess\u00e1rias para o bem da humanidade. A pergunta \u00e9 se tudo isto tamb\u00e9m faz crescer a vida espiritual e ensina a amar o pr\u00f3ximo, cuidar da \u201ccasa comum?\u201d<\/span><span data-ccp-props=\"{&quot;201341983&quot;:0,&quot;335551550&quot;:6,&quot;335551620&quot;:6,&quot;335559739&quot;:120,&quot;335559740&quot;:259}\">\u00a0<\/span><\/p>\n<p style=\"text-align: justify;\"><span data-contrast=\"auto\">O extraordin\u00e1rio acontecimento do Natal celebra o acontecimento central da hist\u00f3ria da humanidade: Jesus Cristo assume a condi\u00e7\u00e3o humana para salvar humanidade. O evangelista Lucas situa este acontecimento no contexto hist\u00f3rico. Portanto, foi numa noite historicamente datada que se verificou o acontecimento esperado por tanto tempo. Parece algo t\u00e3o bonito e ao mesmo tempo t\u00e3o distante. O fato revela quem \u00e9 Deus. Ele se fez pr\u00f3ximo e est\u00e1 muito pr\u00f3ximo de n\u00f3s, que tem tempo para todos e veio morar entre n\u00f3s. Somente a grandeza de Deus permite que assuma a vida de menino, nascer num lugar perif\u00e9rico. Fez-se pequeno para permitir livre acesso a ele. Deus tornou-se um de n\u00f3s para que pud\u00e9ssemos viver com ele, tornando-nos semelhantes a ele.\u00a0<\/span><span data-ccp-props=\"{&quot;201341983&quot;:0,&quot;335551550&quot;:6,&quot;335551620&quot;:6,&quot;335559739&quot;:120,&quot;335559740&quot;:259}\">\u00a0<\/span><\/p>\n<p style=\"text-align: justify;\"><span data-contrast=\"auto\">O Natal anuncia a paz. A hist\u00f3ria da humanidade est\u00e1 marcada por tantos sofrimentos provocadas por decis\u00f5es humanas. Acompanhamos diariamente not\u00edcias desta natureza, onde as guerras s\u00e3o um exemplo extremo de fonte de sofrimento. Na noite do Natal a liturgia vai recordar o an\u00fancio do profeta Isa\u00edas: \u201cPorque nasceu para n\u00f3s um menino, foi-nos dado um filho: ele traz nos ombros a marca da realeza; o seu nome \u00e9: conselheiro admir\u00e1vel, Deus forte, Pai dos tempos futuros, Pr\u00edncipe da paz\u201d. Segundo o evangelista Lucas, o an\u00fancio do nascimento de Jesus aos pastores se completa com uma multid\u00e3o da coorte celeste cantando louvores: \u201cGl\u00f3ria a Deus no mais alto dos c\u00e9us, e paz na terra aos homens por ele amados\u201d.<\/span><span data-ccp-props=\"{&quot;201341983&quot;:0,&quot;335551550&quot;:6,&quot;335551620&quot;:6,&quot;335559739&quot;:120,&quot;335559740&quot;:259}\">\u00a0<\/span><\/p>\n<p style=\"text-align: justify;\"><span data-contrast=\"auto\">O sentido b\u00edblico da paz \u00e9 bem amplo. Designa boa ordem e harmonia, vai al\u00e9m do pensamento humano, \u00e9 fruto do esp\u00edrito. A paz \u00e9 um estado de tranquilidade interior e de rela\u00e7\u00f5es harmoniosas com a comunidade. Em resumo, significa um conjunto de fatores que tornam a vida humana digna, realmente humana. A paz b\u00edblica sempre compreende a presen\u00e7a de Deus. Ele \u00e9 a refer\u00eancia e a garantia da paz. Ele quer a \u201cpaz para todos os homens na terra\u201d. Paz sempre \u00e9 comunh\u00e3o com Deus e o pr\u00f3prio Jesus \u00e9 nossa paz.<\/span><span data-ccp-props=\"{&quot;201341983&quot;:0,&quot;335551550&quot;:6,&quot;335551620&quot;:6,&quot;335559739&quot;:120,&quot;335559740&quot;:259}\">\u00a0<\/span><\/p>\n<p style=\"text-align: justify;\"><span data-contrast=\"auto\">A paz \u00e9 um dom concedido, mas tamb\u00e9m uma miss\u00e3o confiada. Ao celebrarmos o Natal somos convidados a ser mensageiros da paz. Convidados a unir nossas vozes para anunciarmos a paz. Tamb\u00e9m supliquemos que as promessas de Deus se realizem. Onde houver disc\u00f3rdia que desponte a paz. Onde houver \u00f3dio e indiferen\u00e7a nas\u00e7a o amor. Onde predominam as trevas surja a luz. Am\u00e9m.<\/span><span data-ccp-props=\"{&quot;201341983&quot;:0,&quot;335551550&quot;:6,&quot;335551620&quot;:6,&quot;335559739&quot;:120,&quot;335559740&quot;:259}\">\u00a0<\/span><\/p>\n<p style=\"text-align: justify;\"><span data-contrast=\"auto\">Feliz a aben\u00e7oado Natal.<\/span><span data-ccp-props=\"{&quot;201341983&quot;:0,&quot;335551550&quot;:6,&quot;335551620&quot;:6,&quot;335559731&quot;:708,&quot;335559739&quot;:120,&quot;335559740&quot;:259}\">\u00a0<\/span><\/p>\n<p>&nbsp;<\/p>\n","protected":false},"excerpt":{"rendered":"<p>Dom Rodolfo Lu\u00eds Weber Arcebispo de Passo Fundo (RS) \u201cHoje nasceu para n\u00f3s um Salvador, que \u00e9 o Cristo, o Senhor!\u00a0 O caminho percorrido no Advento foi criando um clima de expectativa para as festas natalinas. O cora\u00e7\u00e3o foi sendo preparado para acolher com alegria o Salvador. Agora \u00e9 tempo de j\u00fabilo, de festa e &hellip;<\/p>\n<p class=\"read-more\"> <a class=\"\" href=\"https:\/\/www.cnbb.org.br\/natal-do-senhor\/\"> <span class=\"screen-reader-text\">Natal do Senhor<\/span> Leia mais &raquo;<\/a><\/p>\n","protected":false},"author":27,"featured_media":0,"comment_status":"closed","ping_status":"closed","sticky":false,"template":"","format":"standard","meta":{"site-sidebar-layout":"default","site-content-layout":"default","ast-global-header-display":"","ast-banner-title-visibility":"","ast-main-header-display":"","ast-hfb-above-header-display":"","ast-hfb-below-header-display":"","ast-hfb-mobile-header-display":"","site-post-title":"","ast-breadcrumbs-content":"","ast-featured-img":"","footer-sml-layout":"","theme-transparent-header-meta":"default","adv-header-id-meta":"","stick-header-meta":"","header-above-stick-meta":"","header-main-stick-meta":"","header-below-stick-meta":""},"categories":[758,1837],"tags":[],"acf":[],"_links":{"self":[{"href":"https:\/\/www.cnbb.org.br\/cnbb-app\/wp\/v2\/posts\/956381"}],"collection":[{"href":"https:\/\/www.cnbb.org.br\/cnbb-app\/wp\/v2\/posts"}],"about":[{"href":"https:\/\/www.cnbb.org.br\/cnbb-app\/wp\/v2\/types\/post"}],"author":[{"embeddable":true,"href":"https:\/\/www.cnbb.org.br\/cnbb-app\/wp\/v2\/users\/27"}],"replies":[{"embeddable":true,"href":"https:\/\/www.cnbb.org.br\/cnbb-app\/wp\/v2\/comments?post=956381"}],"version-history":[{"count":2,"href":"https:\/\/www.cnbb.org.br\/cnbb-app\/wp\/v2\/posts\/956381\/revisions"}],"predecessor-version":[{"id":956383,"href":"https:\/\/www.cnbb.org.br\/cnbb-app\/wp\/v2\/posts\/956381\/revisions\/956383"}],"wp:attachment":[{"href":"https:\/\/www.cnbb.org.br\/cnbb-app\/wp\/v2\/media?parent=956381"}],"wp:term":[{"taxonomy":"category","embeddable":true,"href":"https:\/\/www.cnbb.org.br\/cnbb-app\/wp\/v2\/categories?post=956381"},{"taxonomy":"post_tag","embeddable":true,"href":"https:\/\/www.cnbb.org.br\/cnbb-app\/wp\/v2\/tags?post=956381"}],"curies":[{"name":"wp","href":"https:\/\/api.w.org\/{rel}","templated":true}]}}