{"id":956750,"date":"2024-01-02T16:56:51","date_gmt":"2024-01-02T19:56:51","guid":{"rendered":"https:\/\/www.cnbb.org.br\/?p=956750"},"modified":"2024-01-02T17:00:10","modified_gmt":"2024-01-02T20:00:10","slug":"dia-mundial-da-paz-3","status":"publish","type":"post","link":"https:\/\/www.cnbb.org.br\/dia-mundial-da-paz-3\/","title":{"rendered":"Dia Mundial da Paz\u00a0"},"content":{"rendered":"<p style=\"text-align: right;\"><b><span data-contrast=\"auto\">Cardeal Orani Jo\u00e3o Tempesta<\/span><\/b><span data-ccp-props=\"{&quot;201341983&quot;:0,&quot;335551550&quot;:3,&quot;335551620&quot;:3,&quot;335559731&quot;:709,&quot;335559739&quot;:160,&quot;335559740&quot;:360}\"><br \/>\n<\/span><b><span data-contrast=\"auto\">Arcebispo do Rio de Janeiro (RJ)<\/span><\/b><span data-ccp-props=\"{&quot;201341983&quot;:0,&quot;335551550&quot;:3,&quot;335551620&quot;:3,&quot;335559731&quot;:709,&quot;335559739&quot;:160,&quot;335559740&quot;:360}\">\u00a0<\/span><\/p>\n<p>&nbsp;<\/p>\n<p style=\"text-align: justify;\"><span data-contrast=\"none\">Queridos irm\u00e3os e irm\u00e3s, como de praxe, todos os anos o Romano Pont\u00edfice escreve uma mensagem em ocasi\u00e3o pelo dia Mundial da Paz. Este ano, o Papa Francisco escreveu com a seguinte tem\u00e1tica \u00e9: \u201cintelig\u00eancia artificial e paz\u201d. A mensagem trata dos seguintes t\u00f3picos: 1 \u2013 <\/span><span data-contrast=\"none\">O progresso da ci\u00eancia e da tecnologia como caminho para a paz; 2 \u2013 Futuro da intelig\u00eancia artificial, por entre promessas e riscos; 3 \u2013 A tecnologia do futuro: m\u00e1quinas que aprendem sozinhas; 4 \u2013 O sentido do limite, no paradigma tecnocr\u00e1tico; 5 \u2013 Temas quentes para a \u00e9tica; 6 \u2013 Transformaremos as espadas em relhas de arado?; 7 \u2013 Desafios para a educa\u00e7\u00e3o e 8 \u2013\u00a0 Desafios para o desenvolvimento do direito internacional.<\/span><span data-ccp-props=\"{&quot;201341983&quot;:0,&quot;335551550&quot;:6,&quot;335551620&quot;:6,&quot;335559731&quot;:709,&quot;335559739&quot;:160,&quot;335559740&quot;:360}\">\u00a0<\/span><\/p>\n<p style=\"text-align: justify;\"><span data-contrast=\"none\">1 \u2013 O<\/span><span data-contrast=\"none\"> progresso da ci\u00eancia e da tecnologia como caminho para a paz \u2013 \u201cA Sagrada Escritura atesta que Deus deu aos homens o seu Esp\u00edrito a fim de terem \u00absabedoria, intelig\u00eancia e capacidade para toda a esp\u00e9cie de trabalho\u00bb (<\/span><i><span data-contrast=\"none\">Ex<\/span><\/i><span data-contrast=\"none\">\u202f35, 31). A intelig\u00eancia \u00e9 express\u00e3o da dignidade que nos foi dada pelo Criador, que nos fez \u00e0 sua imagem e semelhan\u00e7a (cf.\u202f<\/span><i><span data-contrast=\"none\">Gn<\/span><\/i><span data-contrast=\"none\">\u202f1, 26) e nos tornou capazes, atrav\u00e9s da liberdade e do conhecimento, de responder ao seu amor. Esta qualidade fundamentalmente relacional da intelig\u00eancia humana manifesta-se de modo particular na ci\u00eancia e na tecnologia, que s\u00e3o produtos extraordin\u00e1rios do seu potencial criativo\u201d (Retirado do site: <\/span><a href=\"https:\/\/www.vatican.va\/content\/francesco\/pt\/messages\/peace\/documents\/20231208-messaggio-57giornatamondiale-pace2024.html\" target=\"_blank\" rel=\"noopener\"><span data-contrast=\"none\">57\u00ba Dia Mundial da Paz 2024 &#8211; Intelig\u00eancia artificial e paz | Francisco (vatican.va)<\/span><\/a><span data-contrast=\"auto\">. Acesso: 31\/12\/2023).<\/span><span data-ccp-props=\"{&quot;201341983&quot;:0,&quot;335551550&quot;:6,&quot;335551620&quot;:6,&quot;335559731&quot;:709,&quot;335559739&quot;:160,&quot;335559740&quot;:360}\">\u00a0<\/span><\/p>\n<p style=\"text-align: justify;\"><span data-contrast=\"none\">2 \u2013 Futuro da intelig\u00eancia artificial, por entre promessas e riscos \u2013 \u201cA intelig\u00eancia artificial tornar-se-\u00e1 cada vez mais importante. Os desafios que coloca n\u00e3o s\u00e3o apenas de ordem t\u00e9cnica, mas tamb\u00e9m antropol\u00f3gica, educacional, social e pol\u00edtica. Deixa esperar, por exemplo, poupan\u00e7a de esfor\u00e7os, produ\u00e7\u00e3o mais eficiente, transportes mais f\u00e1ceis e mercados mais din\u00e2micos, bem como uma revolu\u00e7\u00e3o nos processos de recolha, organiza\u00e7\u00e3o e verifica\u00e7\u00e3o de dados. Precisamos de estar conscientes das r\u00e1pidas transforma\u00e7\u00f5es em curso e geri-las de forma a salvaguardar os direitos humanos fundamentais, respeitando as institui\u00e7\u00f5es e as leis que promovem o progresso humano integral. A intelig\u00eancia artificial deveria estar ao servi\u00e7o dum melhor potencial humano e das nossas mais altas aspira\u00e7\u00f5es, e n\u00e3o em competi\u00e7\u00e3o com eles\u201d (Retirado do site: <\/span><a href=\"https:\/\/www.vatican.va\/content\/francesco\/pt\/messages\/peace\/documents\/20231208-messaggio-57giornatamondiale-pace2024.html\" target=\"_blank\" rel=\"noopener\"><span data-contrast=\"none\">57\u00ba Dia Mundial da Paz 2024 &#8211; Intelig\u00eancia artificial e paz | Francisco (vatican.va)<\/span><\/a><span data-contrast=\"auto\">. Acesso: 31\/12\/2023).<\/span><span data-ccp-props=\"{&quot;201341983&quot;:0,&quot;335551550&quot;:6,&quot;335551620&quot;:6,&quot;335559731&quot;:709,&quot;335559739&quot;:160,&quot;335559740&quot;:360}\">\u00a0<\/span><\/p>\n<p style=\"text-align: justify;\"><span data-contrast=\"none\">3 \u2013 A tecnologia do futuro: m\u00e1quinas que aprendem sozinhas \u2013 \u201cA confidencialidade, a posse dos dados e a propriedade intelectual s\u00e3o outros \u00e2mbitos em que as tecnologias em quest\u00e3o comportam graves riscos, aos quais se v\u00eam juntar outras consequ\u00eancias negativas ligadas a um uso indevido, como a discrimina\u00e7\u00e3o, a interfer\u00eancia nos processos eleitorais, a forma\u00e7\u00e3o duma sociedade que vigia e controla as pessoas, a exclus\u00e3o digital e a exacerba\u00e7\u00e3o dum individualismo cada vez mais desligado da coletividade. Todos estes fatores correm o risco de alimentar os conflitos e obstaculizar a paz\u201d (Retirado do site: <\/span><a href=\"https:\/\/www.vatican.va\/content\/francesco\/pt\/messages\/peace\/documents\/20231208-messaggio-57giornatamondiale-pace2024.html\" target=\"_blank\" rel=\"noopener\"><span data-contrast=\"none\">57\u00ba Dia Mundial da Paz 2024 &#8211; Intelig\u00eancia artificial e paz | Francisco (vatican.va)<\/span><\/a><span data-contrast=\"auto\">. Acesso: 31\/12\/2023).<\/span><span data-ccp-props=\"{&quot;201341983&quot;:0,&quot;335551550&quot;:6,&quot;335551620&quot;:6,&quot;335559731&quot;:709,&quot;335559739&quot;:160,&quot;335559740&quot;:360}\">\u00a0<\/span><\/p>\n<p style=\"text-align: justify;\"><span data-contrast=\"none\">4 \u2013 O sentido do limite, no paradigma tecnocr\u00e1tico \u2013 \u201cAs m\u00e1quinas inteligentes podem desempenhar as tarefas que lhes s\u00e3o atribu\u00eddas com uma efici\u00eancia cada vez maior, mas a finalidade e o significado das suas opera\u00e7\u00f5es continuar\u00e3o a ser determinados ou capacitados por seres humanos com o seu pr\u00f3prio universo de valores. O risco \u00e9 que os crit\u00e9rios subjacentes a certas escolhas se tornem menos claros, que a responsabilidade de decis\u00e3o seja ocultada e que os produtores possam <\/span><span data-contrast=\"none\">subtrair-se \u00e0 obriga\u00e7\u00e3o de agir para o bem da comunidade. Em certo sentido, isto \u00e9 favorecido pelo sistema tecnocr\u00e1tico, que alia a economia \u00e0 tecnologia e privilegia o crit\u00e9rio da efici\u00eancia, tendendo a ignorar tudo o que n\u00e3o esteja ligado aos seus interesses imediatos\u201d (Retirado do site: <\/span><a href=\"https:\/\/www.vatican.va\/content\/francesco\/pt\/messages\/peace\/documents\/20231208-messaggio-57giornatamondiale-pace2024.html\" target=\"_blank\" rel=\"noopener\"><span data-contrast=\"none\">57\u00ba Dia Mundial da Paz 2024 &#8211; Intelig\u00eancia artificial e paz | Francisco (vatican.va)<\/span><\/a><span data-contrast=\"auto\">. Acesso: 31\/12\/2023).<\/span><span data-ccp-props=\"{&quot;201341983&quot;:0,&quot;335551550&quot;:6,&quot;335551620&quot;:6,&quot;335559731&quot;:709,&quot;335559739&quot;:160,&quot;335559740&quot;:360}\">\u00a0<\/span><\/p>\n<p style=\"text-align: justify;\"><span data-contrast=\"auto\">5 \u2013 <\/span><span data-contrast=\"none\">Temas quentes para a \u00e9tica \u2013 \u201cNo futuro, a fiabilidade de quem solicita um m\u00fatuo, a idoneidade dum indiv\u00edduo para determinado emprego, a possibilidade de reincid\u00eancia dum condenado ou o direito a receber asilo pol\u00edtico ou assist\u00eancia social poder\u00e3o ser determinados por sistemas de intelig\u00eancia artificial. A falta de n\u00edveis diversificados de media\u00e7\u00e3o que tais sistemas introduzem est\u00e1 particularmente exposta a formas de preconceito e discrimina\u00e7\u00e3o: os erros do sistema podem multiplicar-se facilmente, gerando n\u00e3o s\u00f3 injusti\u00e7as em casos individuais, mas tamb\u00e9m, por efeito domin\u00f3, verdadeiras formas de desigualdade social\u201d (Retirado do site: <\/span><a href=\"https:\/\/www.vatican.va\/content\/francesco\/pt\/messages\/peace\/documents\/20231208-messaggio-57giornatamondiale-pace2024.html\" target=\"_blank\" rel=\"noopener\"><span data-contrast=\"none\">57\u00ba Dia Mundial da Paz 2024 &#8211; Intelig\u00eancia artificial e paz | Francisco (vatican.va)<\/span><\/a><span data-contrast=\"auto\">. Acesso: 31\/12\/2023).<\/span><span data-ccp-props=\"{&quot;201341983&quot;:0,&quot;335551550&quot;:6,&quot;335551620&quot;:6,&quot;335559731&quot;:709,&quot;335559739&quot;:160,&quot;335559740&quot;:360}\">\u00a0<\/span><\/p>\n<p style=\"text-align: justify;\"><span data-contrast=\"auto\">6 \u2013 <\/span><span data-contrast=\"none\">Transformaremos as espadas em relhas de arado? \u2013 \u201cUm olhar humano e o desejo dum futuro melhor para o nosso mundo levam \u00e0 necessidade dum di\u00e1logo interdisciplinar voltado para um desenvolvimento \u00e9tico dos algoritmos \u2013 a\u202f<\/span><i><span data-contrast=\"none\">algor-etica<\/span><\/i><span data-contrast=\"none\">\u202f-, em que sejam os valores a orientar os percursos das novas tecnologias.\u202f<\/span><a href=\"https:\/\/www.vatican.va\/content\/francesco\/pt\/messages\/peace\/documents\/20231208-messaggio-57giornatamondiale-pace2024.html%22%20\/l%20%22_ftn12\" target=\"_blank\" rel=\"noopener\"><span data-contrast=\"none\">[12]<\/span><\/a><span data-contrast=\"none\">\u202fAs quest\u00f5es \u00e9ticas deveriam ser tidas em considera\u00e7\u00e3o desde o in\u00edcio da pesquisa, bem como nas fases de experimenta\u00e7\u00e3o, projeta\u00e7\u00e3o, produ\u00e7\u00e3o, distribui\u00e7\u00e3o e comercializa\u00e7\u00e3o. Esta \u00e9 a abordagem da \u00e9tica da projeta\u00e7\u00e3o, na qual as institui\u00e7\u00f5es educativas e os respons\u00e1veis pelo processo de decis\u00e3o t\u00eam um papel essencial a desempenhar\u201d (Retirado do site: <\/span><a href=\"https:\/\/www.vatican.va\/content\/francesco\/pt\/messages\/peace\/documents\/20231208-messaggio-57giornatamondiale-pace2024.html\" target=\"_blank\" rel=\"noopener\"><span data-contrast=\"none\">57\u00ba Dia Mundial da Paz 2024 &#8211; Intelig\u00eancia artificial e paz | Francisco (vatican.va)<\/span><\/a><span data-contrast=\"auto\">. Acesso: 31\/12\/2023).<\/span><span data-ccp-props=\"{&quot;201341983&quot;:0,&quot;335551550&quot;:6,&quot;335551620&quot;:6,&quot;335559731&quot;:709,&quot;335559739&quot;:160,&quot;335559740&quot;:360}\">\u00a0<\/span><\/p>\n<p style=\"text-align: justify;\"><span data-contrast=\"auto\">7 \u2013 <\/span><span data-contrast=\"none\">Desafios para a educa\u00e7\u00e3o \u2013 \u201cA educa\u00e7\u00e3o para o uso de formas de intelig\u00eancia artificial deveria visar sobretudo a promo\u00e7\u00e3o do pensamento cr\u00edtico. \u00c9 necess\u00e1rio que os utentes das v\u00e1rias idades, mas principalmente os jovens, desenvolvam uma capacidade de discernimento no uso de dados e conte\u00fados recolhidos na\u202f<\/span><i><span data-contrast=\"none\">web<\/span><\/i><span data-contrast=\"none\">\u202fou produzidos por sistemas de intelig\u00eancia artificial. As escolas, as universidades e as sociedades cient\u00edficas s\u00e3o chamadas a ajudar os estudantes e profissionais a assumir os aspetos sociais e \u00e9ticos do progresso e da utiliza\u00e7\u00e3o da tecnologia\u201d \u201d (Retirado do site: <\/span><a href=\"https:\/\/www.vatican.va\/content\/francesco\/pt\/messages\/peace\/documents\/20231208-messaggio-57giornatamondiale-pace2024.html\" target=\"_blank\" rel=\"noopener\"><span data-contrast=\"none\">57\u00ba Dia Mundial da Paz 2024 &#8211; Intelig\u00eancia artificial e paz | Francisco (vatican.va)<\/span><\/a><span data-contrast=\"auto\">. Acesso: 31\/12\/2023).<\/span><span data-ccp-props=\"{&quot;201341983&quot;:0,&quot;335551550&quot;:6,&quot;335551620&quot;:6,&quot;335559731&quot;:709,&quot;335559739&quot;:160,&quot;335559740&quot;:360}\">\u00a0<\/span><\/p>\n<p style=\"text-align: justify;\"><span data-contrast=\"auto\">8 \u2013 <\/span><span data-contrast=\"none\">Desafios para o desenvolvimento do direito internacional \u2013 \u201cA este respeito, exorto a Comunidade das Na\u00e7\u00f5es a trabalhar unida para adotar um tratado internacional vinculativo, que regule o desenvolvimento e o uso da intelig\u00eancia artificial nas suas variadas formas. Naturalmente o objetivo da regulamenta\u00e7\u00e3o n\u00e3o deveria ser apenas a preven\u00e7\u00e3o de m\u00e1s aplica\u00e7\u00f5es, mas tamb\u00e9m o incentivo \u00e0s boas aplica\u00e7\u00f5es, estimulando abordagens novas e criativas e facilitando iniciativas pessoais e coletivas\u201d (Retirado do site: <\/span><a href=\"https:\/\/www.vatican.va\/content\/francesco\/pt\/messages\/peace\/documents\/20231208-messaggio-57giornatamondiale-pace2024.html\" target=\"_blank\" rel=\"noopener\"><span data-contrast=\"none\">57\u00ba Dia Mundial da Paz 2024 &#8211; Intelig\u00eancia artificial e paz | Francisco (vatican.va)<\/span><\/a><span data-contrast=\"auto\">. Acesso: 31\/12\/2023).<\/span><span data-ccp-props=\"{&quot;201341983&quot;:0,&quot;335551550&quot;:6,&quot;335551620&quot;:6,&quot;335559731&quot;:709,&quot;335559739&quot;:160,&quot;335559740&quot;:360}\">\u00a0<\/span><\/p>\n<p style=\"text-align: justify;\"><span data-contrast=\"none\">O Papa Francisco nos prop\u00f5e por meio da sua mensagem que possamos conciliar a tecnologia-ci\u00eancia com o bem-estar visando sempre a dignidade humana e o cuidado com a Casa Comum. A intelig\u00eancia artificial \u00e9 instrumento que est\u00e1 a servi\u00e7o do ser humano e este n\u00e3o deve sobrepor o g\u00eanero humano.<\/span><span data-ccp-props=\"{&quot;201341983&quot;:0,&quot;335551550&quot;:6,&quot;335551620&quot;:6,&quot;335559731&quot;:709,&quot;335559739&quot;:160,&quot;335559740&quot;:360}\">\u00a0<\/span><\/p>\n<p><span data-ccp-props=\"{&quot;201341983&quot;:0,&quot;335551550&quot;:6,&quot;335551620&quot;:6,&quot;335559731&quot;:709,&quot;335559739&quot;:160,&quot;335559740&quot;:360}\">\u00a0<\/span><\/p>\n<p>&nbsp;<\/p>\n","protected":false},"excerpt":{"rendered":"<p>Cardeal Orani Jo\u00e3o Tempesta Arcebispo do Rio de Janeiro (RJ)\u00a0 &nbsp; Queridos irm\u00e3os e irm\u00e3s, como de praxe, todos os anos o Romano Pont\u00edfice escreve uma mensagem em ocasi\u00e3o pelo dia Mundial da Paz. Este ano, o Papa Francisco escreveu com a seguinte tem\u00e1tica \u00e9: \u201cintelig\u00eancia artificial e paz\u201d. A mensagem trata dos seguintes t\u00f3picos: &hellip;<\/p>\n<p class=\"read-more\"> <a class=\"\" href=\"https:\/\/www.cnbb.org.br\/dia-mundial-da-paz-3\/\"> <span class=\"screen-reader-text\">Dia Mundial da Paz\u00a0<\/span> Leia mais &raquo;<\/a><\/p>\n","protected":false},"author":31,"featured_media":0,"comment_status":"closed","ping_status":"closed","sticky":false,"template":"","format":"standard","meta":{"site-sidebar-layout":"default","site-content-layout":"default","ast-global-header-display":"","ast-banner-title-visibility":"","ast-main-header-display":"","ast-hfb-above-header-display":"","ast-hfb-below-header-display":"","ast-hfb-mobile-header-display":"","site-post-title":"","ast-breadcrumbs-content":"","ast-featured-img":"","footer-sml-layout":"","theme-transparent-header-meta":"default","adv-header-id-meta":"","stick-header-meta":"","header-above-stick-meta":"","header-main-stick-meta":"","header-below-stick-meta":""},"categories":[758],"tags":[],"acf":[],"_links":{"self":[{"href":"https:\/\/www.cnbb.org.br\/cnbb-app\/wp\/v2\/posts\/956750"}],"collection":[{"href":"https:\/\/www.cnbb.org.br\/cnbb-app\/wp\/v2\/posts"}],"about":[{"href":"https:\/\/www.cnbb.org.br\/cnbb-app\/wp\/v2\/types\/post"}],"author":[{"embeddable":true,"href":"https:\/\/www.cnbb.org.br\/cnbb-app\/wp\/v2\/users\/31"}],"replies":[{"embeddable":true,"href":"https:\/\/www.cnbb.org.br\/cnbb-app\/wp\/v2\/comments?post=956750"}],"version-history":[{"count":2,"href":"https:\/\/www.cnbb.org.br\/cnbb-app\/wp\/v2\/posts\/956750\/revisions"}],"predecessor-version":[{"id":956752,"href":"https:\/\/www.cnbb.org.br\/cnbb-app\/wp\/v2\/posts\/956750\/revisions\/956752"}],"wp:attachment":[{"href":"https:\/\/www.cnbb.org.br\/cnbb-app\/wp\/v2\/media?parent=956750"}],"wp:term":[{"taxonomy":"category","embeddable":true,"href":"https:\/\/www.cnbb.org.br\/cnbb-app\/wp\/v2\/categories?post=956750"},{"taxonomy":"post_tag","embeddable":true,"href":"https:\/\/www.cnbb.org.br\/cnbb-app\/wp\/v2\/tags?post=956750"}],"curies":[{"name":"wp","href":"https:\/\/api.w.org\/{rel}","templated":true}]}}