{"id":956843,"date":"2024-01-04T15:07:10","date_gmt":"2024-01-04T18:07:10","guid":{"rendered":"https:\/\/www.cnbb.org.br\/?p=956843"},"modified":"2024-01-04T15:07:53","modified_gmt":"2024-01-04T18:07:53","slug":"vamos-adorar-o-salvador-deus-menino","status":"publish","type":"post","link":"https:\/\/www.cnbb.org.br\/vamos-adorar-o-salvador-deus-menino\/","title":{"rendered":"Vamos adorar o Salvador, Deus Menino!\u00a0"},"content":{"rendered":"<p style=\"text-align: right;\"><b><span data-contrast=\"none\">Dom Anuar Battisti<\/span><\/b><span data-ccp-props=\"{&quot;201341983&quot;:0,&quot;335551550&quot;:2,&quot;335551620&quot;:2,&quot;335559739&quot;:160,&quot;335559740&quot;:259}\"><br \/>\n<\/span><b><span data-contrast=\"none\">Arcebispo Em\u00e9rito de Maring\u00e1 (PR)<\/span><\/b><span data-ccp-props=\"{&quot;201341983&quot;:0,&quot;335551550&quot;:2,&quot;335551620&quot;:2,&quot;335559739&quot;:160,&quot;335559740&quot;:259}\">\u00a0<\/span><\/p>\n<p style=\"text-align: justify;\"><span data-ccp-props=\"{&quot;201341983&quot;:0,&quot;335551550&quot;:6,&quot;335551620&quot;:6,&quot;335559731&quot;:708,&quot;335559739&quot;:160,&quot;335559740&quot;:259}\">\u00a0<\/span><\/p>\n<p style=\"text-align: justify;\"><span data-contrast=\"none\">A festa da Epifania \u2013 do grego <\/span><i><span data-contrast=\"none\">epifanein, \u201cmanifestar\u201d \u2013<\/span><\/i> <span data-contrast=\"none\">que a Igreja celebra hoje, remonta aos prim\u00f3rdios da era crist\u00e3. Ela celebra um mist\u00e9rio multiforme, o de Cristo Luz. De fato, todas as celebra\u00e7\u00f5es do Tempo de Natal giram ao redor da manifesta\u00e7\u00e3o luminosa de Jesus. Ele se manifesta primeiramente ao encarnar-se no seio de Maria, depois de aparecer aos pastores \u2013 Natal, Missa da Aurora \u2013, aos reis magos \u2013 Epifania \u2013, ao ser batizado no Rio Jord\u00e3o \u2013 Batismo do Senhor e 2\u00ba. Domingo do Tempo Comum \u2013 Anos A e B \u2013 e, finalmente, em Can\u00e1 da Galil\u00e9ia \u2013 2\u00ba. Domingo do Tempo Comum do Ano C \u2013 iniciando com seu primeiro milagre a manifesta\u00e7\u00e3o de seu minist\u00e9rio p\u00fablico, que culminar\u00e1 na P\u00e1scoa, suma manifesta\u00e7\u00e3o do Salvador.<\/span><span data-ccp-props=\"{&quot;201341983&quot;:0,&quot;335551550&quot;:6,&quot;335551620&quot;:6,&quot;335559731&quot;:708,&quot;335559739&quot;:160,&quot;335559740&quot;:259}\">\u00a0<\/span><\/p>\n<p style=\"text-align: justify;\"><span data-contrast=\"none\">Celebrando esta Vig\u00edlia da Epifania, manifesta\u00e7\u00e3o de jesus como luz para todos os povos, nos juntamos aos magos do Oriente que foram ador\u00e1-lo. Nesta assembl\u00e9ia reunida, Corpo de Cristo, vemos a gl\u00f3ria do Senhor que se manifesta em todas as pessoas que o buscam.\u00a0<\/span><span data-ccp-props=\"{&quot;201341983&quot;:0,&quot;335551550&quot;:6,&quot;335551620&quot;:6,&quot;335559731&quot;:708,&quot;335559739&quot;:160,&quot;335559740&quot;:259}\">\u00a0<\/span><\/p>\n<p style=\"text-align: justify;\"><span data-contrast=\"none\">Prezados irm\u00e3os,<\/span><span data-ccp-props=\"{&quot;201341983&quot;:0,&quot;335551550&quot;:6,&quot;335551620&quot;:6,&quot;335559739&quot;:160,&quot;335559740&quot;:259}\">\u00a0<\/span><\/p>\n<p style=\"text-align: justify;\"><span data-contrast=\"none\">Na primeira leitura \u2013 Is 60,1-6 \u2013<\/span><span data-contrast=\"none\">anuncia a Jerusal\u00e9m a chegada da luz salvadora de Deus. Essa luz transfigurar\u00e1 o rosto da cidade, iluminar\u00e1 o regresso a casa dos exilados na Babil\u00f3nia e atrair\u00e1 \u00e0 cidade de Deus povos de todo o mundo. O autor apresenta Jerusal\u00e9m como luz que se op\u00f5e \u00e0s trevas, porque nela brilha a gl\u00f3ria do Senhor. No meio das trevas, a presen\u00e7a divina faz brilhar nova esperan\u00e7a, aurora de novo amanhecer, que atrai os povos. O autor deseja animar o povo, prostrado por tantos problemas e dificuldades. Do meio de sua gl\u00f3ria, Deus quer iluminar o caminho de cada um de seus filhos e filhas. \u00c9 o grande convite de alegria e de esperan\u00e7a a quem vive os desafios do dia a dia.<\/span><span data-ccp-props=\"{&quot;201341983&quot;:0,&quot;335551550&quot;:6,&quot;335551620&quot;:6,&quot;335559739&quot;:160,&quot;335559740&quot;:259}\">\u00a0<\/span><\/p>\n<p style=\"text-align: justify;\"><span data-contrast=\"none\">Caros irm\u00e3os,<\/span><span data-ccp-props=\"{&quot;201341983&quot;:0,&quot;335551550&quot;:6,&quot;335551620&quot;:6,&quot;335559739&quot;:160,&quot;335559740&quot;:259}\">\u00a0<\/span><\/p>\n<p style=\"text-align: justify;\"><span data-contrast=\"none\">Na segunda leitura \u2013 Ef 3,2-3a.5-6 \u2013 apresenta o projeto salvador de Deus como uma realidade que vai atingir toda a humanidade, juntando judeus e pag\u00e3os numa mesma comunidade de irm\u00e3os \u2013 a comunidade de Jesus. O an\u00fancio do mist\u00e9rio da salva\u00e7\u00e3o \u00e9 um an\u00fancio jubiloso, porue fala aos cora\u00e7\u00f5es endurecidos pelo individualismo e pela indiferen\u00e7a. Deus n\u00e3o discrimina, mas acolhe. Todos s\u00e3o destinat\u00e1rios da salva\u00e7\u00e3o trazida por Cristo.<\/span><span data-ccp-props=\"{&quot;134233117&quot;:false,&quot;134233118&quot;:false,&quot;201341983&quot;:0,&quot;335551550&quot;:6,&quot;335551620&quot;:6,&quot;335559738&quot;:0,&quot;335559739&quot;:300,&quot;335559740&quot;:240}\">\u00a0<\/span><\/p>\n<p style=\"text-align: justify;\"><span data-contrast=\"none\">Amados irm\u00e3os,<\/span><span data-ccp-props=\"{&quot;201341983&quot;:0,&quot;335551550&quot;:6,&quot;335551620&quot;:6,&quot;335559739&quot;:160,&quot;335559740&quot;:259}\">\u00a0<\/span><\/p>\n<p style=\"text-align: justify;\"><span data-contrast=\"none\">No Evangelho \u2013 Mt 2,1-12 \u2013 <\/span><span data-contrast=\"none\">vemos a concretiza\u00e7\u00e3o dessa promessa: ao encontro de Jesus v\u00eam uns \u201cmagos\u201d do oriente, que representam todos os povos da terra\u2026 Atentos aos sinais da chegada do Messias, esses \u201cmagos\u201d procuram-n\u2019O com esperan\u00e7a at\u00e9 O encontrar, reconhecem n\u2019Ele a \u201csalva\u00e7\u00e3o de Deus\u201d e aceitam-n\u2019O como \u201co Senhor\u201d. A salva\u00e7\u00e3o rejeitada pelos habitantes de Jerusal\u00e9m torna-se agora um dom que Deus oferece a todos os homens, sem exce\u00e7\u00e3o.<\/span><span data-ccp-props=\"{&quot;201341983&quot;:0,&quot;335551550&quot;:6,&quot;335551620&quot;:6,&quot;335559739&quot;:160,&quot;335559740&quot;:259}\">\u00a0<\/span><\/p>\n<p style=\"text-align: justify;\"><span data-contrast=\"none\">O Evangelho se inicia com a chegada em Jerusal\u00e9m dos magos, indicando que eles, n\u00e3os os anjos, como no Evangelho de Lucas, s\u00e3o os anunciadores do nascimento do Rei dos judeus. Os magos percorreram um caminho \u00e1rduo e longo \u2013 o caminho da f\u00e9 \u2013 para encontrar e adorar o Menino Jesus. O rei pag\u00e3o, Herodes, deseja matar e se livrar do \u201cRei dos judeus\u201d, o t\u00e3o esperando Messias! Mateus, deseja com este epis\u00f3dio mostrar, em prefigura\u00e7\u00e3o, o compl\u00f4 das autoridades judaicas que levar\u00e1 Jesus \u00e0 morte na Cruz. \u00c9 importante que se tenha claro: quem eliminou Jesus n\u00e3o foi \u201ctodo o povo judeu\u201d, mas suas lideran\u00e7as. Elas que incitaram as multid\u00f5es a pedir a morte de Jesus. Por outro lado, os magos representam os pag\u00e3os que, junto com os judeus convertidos a Jesus, formavam e faziam parte da primeira comunidade crist\u00e3, que acolheu Jesus como o Messias de Israel. Eles prostraram-se diante de Jesus e ofereceram seus dons, reconhecendo-o como seu Rei \u2013 ouro \u2013, Senhor \u2013 incenso \u2013 e Messias, Servo sofredor \u2013 mirra. Avisados em sonho, retornaram \u00e0s suas terras por outro caminho.<\/span><span data-ccp-props=\"{&quot;201341983&quot;:0,&quot;335551550&quot;:6,&quot;335551620&quot;:6,&quot;335559739&quot;:160,&quot;335559740&quot;:259}\">\u00a0<\/span><\/p>\n<p style=\"text-align: justify;\"><span data-contrast=\"none\">N\u00f3s temos hoje \u2013 no Evangelho \u2013 duas posi\u00e7\u00f5es diante do nascimento do Menino: os poderosos e a elite de seu tempo se op\u00f5em, tentando destruir os planos de Deus; o povo simples e desprezado, que n\u00e3o det\u00e9m o poder, deixa-se guiar pela estrela de Bel\u00e9m e abra\u00e7a os planos divinos que, preanunciam o amanhecer de uma nova era. Desde o in\u00edcio, Jesus torna-se sinal de contradi\u00e7\u00e3o. A estrela ilumina o caminho que conduz o rec\u00e9m-nascido. Hoje \u00e9 o pr\u00f3prio Cristo que ilumina o caminho de Deus.<\/span><span data-ccp-props=\"{&quot;201341983&quot;:0,&quot;335551550&quot;:6,&quot;335551620&quot;:6,&quot;335559739&quot;:160,&quot;335559740&quot;:259}\">\u00a0<\/span><\/p>\n<p style=\"text-align: justify;\"><span data-contrast=\"none\">Para revelar-se ao mundo, Deus escolheu revelar-se ao cora\u00e7\u00e3o de cada um de n\u00f3s. Abrir-nos esse amor que se revela \u00e9 encontrar a Deus em nossos irm\u00e3os, sobretudo nos memores e indefesos, como o rec\u00e9m-nascido de Bel\u00e9m.<\/span><span data-ccp-props=\"{&quot;201341983&quot;:0,&quot;335551550&quot;:6,&quot;335551620&quot;:6,&quot;335559739&quot;:160,&quot;335559740&quot;:259}\">\u00a0<\/span><\/p>\n<p style=\"text-align: justify;\"><span data-contrast=\"none\">Vamos adorar o Salvador, Deus Menino! Quem procura por Jesus, o reconhece e o adora nunca volta a Herodes e \u00e0s suas tramas de poder e morte! Quem seguiu e segue a Luz de Jesus, Rei e Senhor, \u00e9 iluminado e n\u00e3o deseja \u2013 evita \u2013 as trevas da engana\u00e7\u00e3o, da mentira, da viol\u00eancia, do pecado e da morte. Cristo, Luz da Luz, quem guiou os magos do Oriente at\u00e9 a manjedoura e depois os levou por outro caminho nos pede que todos possamos adorar ao Rei Jesus!<\/span><span data-ccp-props=\"{&quot;201341983&quot;:0,&quot;335551550&quot;:6,&quot;335551620&quot;:6,&quot;335559739&quot;:160,&quot;335559740&quot;:259}\">\u00a0<\/span><\/p>\n<p><span data-ccp-props=\"{&quot;201341983&quot;:0,&quot;335551550&quot;:6,&quot;335551620&quot;:6,&quot;335559739&quot;:160,&quot;335559740&quot;:259}\">\u00a0<\/span><\/p>\n","protected":false},"excerpt":{"rendered":"<p>Dom Anuar Battisti Arcebispo Em\u00e9rito de Maring\u00e1 (PR)\u00a0 \u00a0 A festa da Epifania \u2013 do grego epifanein, \u201cmanifestar\u201d \u2013 que a Igreja celebra hoje, remonta aos prim\u00f3rdios da era crist\u00e3. Ela celebra um mist\u00e9rio multiforme, o de Cristo Luz. De fato, todas as celebra\u00e7\u00f5es do Tempo de Natal giram ao redor da manifesta\u00e7\u00e3o luminosa de &hellip;<\/p>\n<p class=\"read-more\"> <a class=\"\" href=\"https:\/\/www.cnbb.org.br\/vamos-adorar-o-salvador-deus-menino\/\"> <span class=\"screen-reader-text\">Vamos adorar o Salvador, Deus Menino!\u00a0<\/span> Leia mais &raquo;<\/a><\/p>\n","protected":false},"author":41,"featured_media":0,"comment_status":"closed","ping_status":"closed","sticky":false,"template":"","format":"standard","meta":{"site-sidebar-layout":"default","site-content-layout":"default","ast-global-header-display":"","ast-banner-title-visibility":"","ast-main-header-display":"","ast-hfb-above-header-display":"","ast-hfb-below-header-display":"","ast-hfb-mobile-header-display":"","site-post-title":"","ast-breadcrumbs-content":"","ast-featured-img":"","footer-sml-layout":"","theme-transparent-header-meta":"default","adv-header-id-meta":"","stick-header-meta":"","header-above-stick-meta":"","header-main-stick-meta":"","header-below-stick-meta":""},"categories":[758],"tags":[],"acf":[],"_links":{"self":[{"href":"https:\/\/www.cnbb.org.br\/cnbb-app\/wp\/v2\/posts\/956843"}],"collection":[{"href":"https:\/\/www.cnbb.org.br\/cnbb-app\/wp\/v2\/posts"}],"about":[{"href":"https:\/\/www.cnbb.org.br\/cnbb-app\/wp\/v2\/types\/post"}],"author":[{"embeddable":true,"href":"https:\/\/www.cnbb.org.br\/cnbb-app\/wp\/v2\/users\/41"}],"replies":[{"embeddable":true,"href":"https:\/\/www.cnbb.org.br\/cnbb-app\/wp\/v2\/comments?post=956843"}],"version-history":[{"count":1,"href":"https:\/\/www.cnbb.org.br\/cnbb-app\/wp\/v2\/posts\/956843\/revisions"}],"predecessor-version":[{"id":956844,"href":"https:\/\/www.cnbb.org.br\/cnbb-app\/wp\/v2\/posts\/956843\/revisions\/956844"}],"wp:attachment":[{"href":"https:\/\/www.cnbb.org.br\/cnbb-app\/wp\/v2\/media?parent=956843"}],"wp:term":[{"taxonomy":"category","embeddable":true,"href":"https:\/\/www.cnbb.org.br\/cnbb-app\/wp\/v2\/categories?post=956843"},{"taxonomy":"post_tag","embeddable":true,"href":"https:\/\/www.cnbb.org.br\/cnbb-app\/wp\/v2\/tags?post=956843"}],"curies":[{"name":"wp","href":"https:\/\/api.w.org\/{rel}","templated":true}]}}