{"id":957019,"date":"2024-01-10T11:09:17","date_gmt":"2024-01-10T14:09:17","guid":{"rendered":"https:\/\/www.cnbb.org.br\/?p=957019"},"modified":"2024-01-10T11:09:36","modified_gmt":"2024-01-10T14:09:36","slug":"trezena-de-sao-sebastiao-5","status":"publish","type":"post","link":"https:\/\/www.cnbb.org.br\/trezena-de-sao-sebastiao-5\/","title":{"rendered":"Trezena de S\u00e3o Sebasti\u00e3o\u00a0"},"content":{"rendered":"<p style=\"text-align: right;\"><b><span data-contrast=\"auto\">Cardeal Orani Jo\u00e3o Tempesta<\/span><\/b><span data-ccp-props=\"{&quot;201341983&quot;:0,&quot;335551550&quot;:3,&quot;335551620&quot;:3,&quot;335559731&quot;:708,&quot;335559739&quot;:160,&quot;335559740&quot;:259}\"><br \/>\n<\/span><b><span data-contrast=\"auto\">Arcebispo do Rio de Janeiro (RJ)<\/span><\/b><span data-ccp-props=\"{&quot;201341983&quot;:0,&quot;335551550&quot;:3,&quot;335551620&quot;:3,&quot;335559731&quot;:708,&quot;335559739&quot;:160,&quot;335559740&quot;:259}\">\u00a0<\/span><\/p>\n<p style=\"text-align: justify;\">\n<p><i><span data-contrast=\"auto\">\u201cA Ora\u00e7\u00e3o \u00e9 a fortaleza de S\u00e3o Sebasti\u00e3o\u201d<\/span><\/i><span data-ccp-props=\"{&quot;201341983&quot;:0,&quot;335551550&quot;:2,&quot;335551620&quot;:2,&quot;335559739&quot;:160,&quot;335559740&quot;:259}\">\u00a0<\/span><\/p>\n<p style=\"text-align: justify;\"><span data-contrast=\"auto\">Iniciamos no \u00faltimo Domingo dia 7 de janeiro a Trezena em honra ao nosso padroeiro S\u00e3o Sebasti\u00e3o. Como tem acontecido em todos os anos, queremos fazer crescer ainda mais a devo\u00e7\u00e3o ao padroeiro de nossa cidade. A cidade do Rio de Janeiro leva o nome de seu padroeiro, ou seja, chama-se, cidade de <\/span><i><span data-contrast=\"auto\">S\u00e3o Sebasti\u00e3o do Rio de Janeiro, <\/span><\/i><span data-contrast=\"auto\">mas todos abreviam e \u00e9 mais f\u00e1cil dizer apenas: Rio de Janeiro ou apenas \u201cRio\u201d.\u00a0<\/span><span data-ccp-props=\"{&quot;201341983&quot;:0,&quot;335551550&quot;:6,&quot;335551620&quot;:6,&quot;335559731&quot;:708,&quot;335559739&quot;:160,&quot;335559740&quot;:259}\">\u00a0<\/span><\/p>\n<p style=\"text-align: justify;\"><span data-contrast=\"auto\">Ao longo da trezena de S\u00e3o Sebasti\u00e3o visitamos as casas, os morros, bairros e diversas comunidades. Durante a trezena pedimos sobretudo que S\u00e3o Sebasti\u00e3o interceda por todos n\u00f3s a Deus para que derrame a paz sobre essa cidade.\u00a0<\/span><span data-ccp-props=\"{&quot;201341983&quot;:0,&quot;335551550&quot;:6,&quot;335551620&quot;:6,&quot;335559731&quot;:708,&quot;335559739&quot;:160,&quot;335559740&quot;:259}\">\u00a0<\/span><\/p>\n<p style=\"text-align: justify;\"><span data-contrast=\"auto\">O tema da trezena desse ano de 2024 \u00e9: <\/span><i><span data-contrast=\"auto\">\u201cA Ora\u00e7\u00e3o \u00e9 a fortaleza de S\u00e3o Sebasti\u00e3o\u201d, <\/span><\/i><span data-contrast=\"auto\">atrav\u00e9s da ora\u00e7\u00e3o perseverante S\u00e3o Sebasti\u00e3o alcan\u00e7ou muitas gra\u00e7as, inclusive na hora do mart\u00edrio, por meio da ora\u00e7\u00e3o e da f\u00e9 S\u00e3o Sebasti\u00e3o evangelizou aqueles que eram presos perseguidos pelo imp\u00e9rio Romano. Que todos n\u00f3s possamos ser perseverantes na ora\u00e7\u00e3o a exemplo de S\u00e3o Sebasti\u00e3o e atrav\u00e9s da f\u00e9 superarmos todos os obst\u00e1culos e dificuldades.\u00a0<\/span><span data-ccp-props=\"{&quot;201341983&quot;:0,&quot;335551550&quot;:6,&quot;335551620&quot;:6,&quot;335559731&quot;:708,&quot;335559739&quot;:160,&quot;335559740&quot;:259}\">\u00a0<\/span><\/p>\n<p style=\"text-align: justify;\"><span data-contrast=\"auto\">O tema da \u201cOra\u00e7\u00e3o\u201d escolhido para a trezena desse ano \u00e9 por conta de que a Igreja vive esse ano o \u201cAno da Ora\u00e7\u00e3o\u201d, em prepara\u00e7\u00e3o ao jubileu que ser\u00e1 vivido no ano de 2025. No ano passado, o tema da trezena foi a voca\u00e7\u00e3o, pois a Igreja vivia o ano vocacional. Tanto o tema do ano passado quanto o tema deste ano t\u00eam liga\u00e7\u00e3o com a vida de S\u00e3o Sebasti\u00e3o. E, do mesmo modo, tem liga\u00e7\u00e3o com a nossa vida, pois todos n\u00f3s somos vocacionados e chamados por Deus a nutrir uma vida de ora\u00e7\u00e3o. A ora\u00e7\u00e3o di\u00e1ria e o contato com a Palavra de Deus alimenta e fortalece a nossa f\u00e9.\u00a0<\/span><span data-ccp-props=\"{&quot;201341983&quot;:0,&quot;335551550&quot;:6,&quot;335551620&quot;:6,&quot;335559731&quot;:708,&quot;335559739&quot;:160,&quot;335559740&quot;:259}\">\u00a0<\/span><\/p>\n<p style=\"text-align: justify;\"><span data-contrast=\"auto\">S\u00e3o Sebasti\u00e3o dava testemunho com a vida e, em nenhum momento, negou a f\u00e9 em Jesus Cristo. Do mesmo modo, cada um de n\u00f3s \u00e9 chamado para a miss\u00e3o, cabe a n\u00f3s dar o Sim a Deus e testemunhar para as pessoas a f\u00e9 que professamos em Cristo. Sejamos testemunhas do Senhor em nossa casa, comunidade, trabalho e escola. Que ao longo dessa trezena possamos formar grupos de ora\u00e7\u00e3o, em nossas comunidades, bairros, entre os vizinhos, e rezar com a trezena de S\u00e3o Sebasti\u00e3o. E ainda, acompanhar a programa\u00e7\u00e3o da trezena e se puder participar onde ela estiver acontecendo.\u00a0<\/span><span data-ccp-props=\"{&quot;201341983&quot;:0,&quot;335551550&quot;:6,&quot;335551620&quot;:6,&quot;335559731&quot;:708,&quot;335559739&quot;:160,&quot;335559740&quot;:259}\">\u00a0<\/span><\/p>\n<p style=\"text-align: justify;\"><span data-contrast=\"auto\">Desde o dia 7 de janeiro at\u00e9 19 de janeiro realizamos a trezena de S\u00e3o Sebasti\u00e3o, ser\u00e3o treze dias em que nos preparamos para celebrar, no dia 20 de janeiro, a grande festa de nosso padroeiro. Sempre antes de celebrarmos a mem\u00f3ria, ou a festa de um santo, rezamos um tr\u00edduo (3 dias), Novena (9 dias) ou Trezena (13 dias). A import\u00e2ncia de S\u00e3o Sebasti\u00e3o \u00e9 t\u00e3o grande para n\u00f3s que n\u00e3o podemos apenas celebr\u00e1-lo no dia 20, mas temos que nos preparar ao longo de treze dias.\u00a0<\/span><span data-ccp-props=\"{&quot;201341983&quot;:0,&quot;335551550&quot;:6,&quot;335551620&quot;:6,&quot;335559731&quot;:708,&quot;335559739&quot;:160,&quot;335559740&quot;:259}\">\u00a0<\/span><\/p>\n<p style=\"text-align: justify;\"><span data-contrast=\"auto\">A trezena de S\u00e3o Sebasti\u00e3o em nossa Arquidiocese do Rio de Janeiro acaba sendo uma <\/span><i><span data-contrast=\"auto\">miss\u00e3o popular,<\/span><\/i><span data-contrast=\"auto\"> pois percorremos ao longo dos treze dias diversos pontos de nossa cidade, e onde a imagem peregrina chega, a paz, a f\u00e9, o amor entre todos tamb\u00e9m chega. Quando a imagem chega, \u00e9 uma oportunidade de anunciarmos o Evangelho de Jesus Cristo e podemos converter muitos cora\u00e7\u00f5es. Todos os fi\u00e9is se unem num mesmo objetivo, pedir a intercess\u00e3o de S\u00e3o Sebasti\u00e3o por toda a popula\u00e7\u00e3o da cidade.\u00a0<\/span><span data-ccp-props=\"{&quot;201341983&quot;:0,&quot;335551550&quot;:6,&quot;335551620&quot;:6,&quot;335559731&quot;:708,&quot;335559739&quot;:160,&quot;335559740&quot;:259}\">\u00a0<\/span><\/p>\n<p style=\"text-align: justify;\"><span data-contrast=\"auto\">\u00c9 bonito de ver ao longo da trezena de S\u00e3o Sebasti\u00e3o as express\u00f5es de f\u00e9 e a devo\u00e7\u00e3o popular do povo. Por meio dessa miss\u00e3o popular que realizamos muitos cora\u00e7\u00f5es se aproximam de Deus e confiam as suas necessidades ao nosso santo padroeiro.\u00a0<\/span><span data-ccp-props=\"{&quot;201341983&quot;:0,&quot;335551550&quot;:6,&quot;335551620&quot;:6,&quot;335559731&quot;:708,&quot;335559739&quot;:160,&quot;335559740&quot;:259}\">\u00a0<\/span><\/p>\n<p style=\"text-align: justify;\"><span data-contrast=\"auto\">Nos dias atuais somos convidados a seguir os passos de S\u00e3o Sebasti\u00e3o e ser mensageiros do Evangelho. Que possamos anunciar a Palavra e fortalecer a f\u00e9 daqueles que est\u00e3o doentes, acamados, encarcerados, daqueles que vivem em situa\u00e7\u00e3o de rua, enfim, somos chamados a anunciar o Evangelho em toda e qualquer situa\u00e7\u00e3o. Sejamos profetas nos dias de hoje, sal na terra e luz no mundo.\u00a0<\/span><span data-ccp-props=\"{&quot;201341983&quot;:0,&quot;335551550&quot;:6,&quot;335551620&quot;:6,&quot;335559731&quot;:708,&quot;335559739&quot;:160,&quot;335559740&quot;:259}\">\u00a0<\/span><\/p>\n<p style=\"text-align: justify;\"><span data-contrast=\"auto\">Este ano, o dia 20 de janeiro ser\u00e1 em um s\u00e1bado, al\u00e9m de ser feriado em nossa cidade para melhor participarmos dos festejos, da prociss\u00e3o e da santa Missa em honra ao nosso padroeiro. O dia 20 de janeiro normalmente \u00e9 feriado municipal em nossa cidade, mas n\u00e3o \u00e9 apenas feriado para descanso, mas sim, oportunidade de celebrarmos o nosso padroeiro. A festa de S\u00e3o Sebasti\u00e3o tamb\u00e9m \u00e9 um momento para pedir a intercess\u00e3o dele ao longo de todo o ano. Pedir para que as nossas colheitas sejam f\u00e9rteis, pedir para que tenhamos paz em nossa cidade e no mundo. Sejamos ardorosos mensageiros do evangelho como foi S\u00e3o Sebasti\u00e3o e que a Palavra de Deus seja difundida entre todas as fam\u00edlias.\u00a0<\/span><span data-ccp-props=\"{&quot;201341983&quot;:0,&quot;335551550&quot;:6,&quot;335551620&quot;:6,&quot;335559731&quot;:708,&quot;335559739&quot;:160,&quot;335559740&quot;:259}\">\u00a0<\/span><\/p>\n<p style=\"text-align: justify;\"><span data-contrast=\"auto\">Teremos uma programa\u00e7\u00e3o intensa desde o dia 7 de janeiro at\u00e9 ao dia 19 e depois, o grande dia da celebra\u00e7\u00e3o de nosso Santo Padroeiro dia 20. A trezena pode ser acompanhada atrav\u00e9s das m\u00eddias cat\u00f3licas, TV, r\u00e1dio e internet. Na impossibilidade de ir presencialmente participe atrav\u00e9s desses meios, mas n\u00e3o deixe de realizar. Baixe os textos da internet e reze a cada dia conosco. Programe-se no dia 20 para participar da prociss\u00e3o \u00e0s 16h, que sair\u00e1 da Bas\u00edlica Santu\u00e1rio e ir\u00e1 at\u00e9 a Catedral Metropolitana e participe da missa Solene as 17h. Ser\u00e1 um momento de muita alegria para todo o povo de Deus de nossa arquidiocese.\u00a0<\/span><span data-ccp-props=\"{&quot;201341983&quot;:0,&quot;335551550&quot;:6,&quot;335551620&quot;:6,&quot;335559731&quot;:708,&quot;335559739&quot;:160,&quot;335559740&quot;:259}\">\u00a0<\/span><\/p>\n<p style=\"text-align: justify;\"><span data-contrast=\"auto\">Participemos com alegria da trezena de S\u00e3o Sebasti\u00e3o ao longo desses dias e que ele continue intercedendo por nossas inten\u00e7\u00f5es. Sejamos disc\u00edpulos e mission\u00e1rios ardorosos do Senhor e com f\u00e9 e coragem anunciemos o evangelho. Do mesmo modo que S\u00e3o Sebasti\u00e3o, tamb\u00e9m fa\u00e7amos da ora\u00e7\u00e3o nossa fortaleza!\u00a0<\/span><span data-ccp-props=\"{&quot;201341983&quot;:0,&quot;335551550&quot;:6,&quot;335551620&quot;:6,&quot;335559731&quot;:708,&quot;335559739&quot;:160,&quot;335559740&quot;:259}\">\u00a0<\/span><\/p>\n<p>&nbsp;<\/p>\n","protected":false},"excerpt":{"rendered":"<p>Cardeal Orani Jo\u00e3o Tempesta Arcebispo do Rio de Janeiro (RJ)\u00a0 \u201cA Ora\u00e7\u00e3o \u00e9 a fortaleza de S\u00e3o Sebasti\u00e3o\u201d\u00a0 Iniciamos no \u00faltimo Domingo dia 7 de janeiro a Trezena em honra ao nosso padroeiro S\u00e3o Sebasti\u00e3o. Como tem acontecido em todos os anos, queremos fazer crescer ainda mais a devo\u00e7\u00e3o ao padroeiro de nossa cidade. A &hellip;<\/p>\n<p class=\"read-more\"> <a class=\"\" href=\"https:\/\/www.cnbb.org.br\/trezena-de-sao-sebastiao-5\/\"> <span class=\"screen-reader-text\">Trezena de S\u00e3o Sebasti\u00e3o\u00a0<\/span> Leia mais &raquo;<\/a><\/p>\n","protected":false},"author":31,"featured_media":0,"comment_status":"closed","ping_status":"closed","sticky":false,"template":"","format":"standard","meta":{"site-sidebar-layout":"default","site-content-layout":"default","ast-global-header-display":"","ast-banner-title-visibility":"","ast-main-header-display":"","ast-hfb-above-header-display":"","ast-hfb-below-header-display":"","ast-hfb-mobile-header-display":"","site-post-title":"","ast-breadcrumbs-content":"","ast-featured-img":"","footer-sml-layout":"","theme-transparent-header-meta":"default","adv-header-id-meta":"","stick-header-meta":"","header-above-stick-meta":"","header-main-stick-meta":"","header-below-stick-meta":""},"categories":[758],"tags":[],"acf":[],"_links":{"self":[{"href":"https:\/\/www.cnbb.org.br\/cnbb-app\/wp\/v2\/posts\/957019"}],"collection":[{"href":"https:\/\/www.cnbb.org.br\/cnbb-app\/wp\/v2\/posts"}],"about":[{"href":"https:\/\/www.cnbb.org.br\/cnbb-app\/wp\/v2\/types\/post"}],"author":[{"embeddable":true,"href":"https:\/\/www.cnbb.org.br\/cnbb-app\/wp\/v2\/users\/31"}],"replies":[{"embeddable":true,"href":"https:\/\/www.cnbb.org.br\/cnbb-app\/wp\/v2\/comments?post=957019"}],"version-history":[{"count":3,"href":"https:\/\/www.cnbb.org.br\/cnbb-app\/wp\/v2\/posts\/957019\/revisions"}],"predecessor-version":[{"id":957022,"href":"https:\/\/www.cnbb.org.br\/cnbb-app\/wp\/v2\/posts\/957019\/revisions\/957022"}],"wp:attachment":[{"href":"https:\/\/www.cnbb.org.br\/cnbb-app\/wp\/v2\/media?parent=957019"}],"wp:term":[{"taxonomy":"category","embeddable":true,"href":"https:\/\/www.cnbb.org.br\/cnbb-app\/wp\/v2\/categories?post=957019"},{"taxonomy":"post_tag","embeddable":true,"href":"https:\/\/www.cnbb.org.br\/cnbb-app\/wp\/v2\/tags?post=957019"}],"curies":[{"name":"wp","href":"https:\/\/api.w.org\/{rel}","templated":true}]}}