{"id":957826,"date":"2024-01-30T15:18:12","date_gmt":"2024-01-30T18:18:12","guid":{"rendered":"https:\/\/www.cnbb.org.br\/?p=957826"},"modified":"2024-01-30T15:18:52","modified_gmt":"2024-01-30T18:18:52","slug":"renovacao-carismatica-catolica-reune-liderancas-de-todo-o-brasil-para-encontro-de-formacao-em-aparecida-sp","status":"publish","type":"post","link":"https:\/\/www.cnbb.org.br\/renovacao-carismatica-catolica-reune-liderancas-de-todo-o-brasil-para-encontro-de-formacao-em-aparecida-sp\/","title":{"rendered":"Renova\u00e7\u00e3o Carism\u00e1tica Cat\u00f3lica re\u00fane lideran\u00e7as de todo o Brasil para Encontro de Forma\u00e7\u00e3o em Aparecida (SP)"},"content":{"rendered":"<p style=\"text-align: justify;\">A Renova\u00e7\u00e3o Carism\u00e1tica Cat\u00f3lica (RCC) do Brasil se reuni\u00e3o, de 24 a 28 de janeiro,\u00a0 no Centro de Eventos do Santu\u00e1rio Nacional de Aparecida, para seu tradicional Encontro Nacional de Forma\u00e7\u00e3o (ENF). O evento, que reuniu cerca de nove mil pessoas, tem como objetivo orientar a miss\u00e3o do Movimento no ano de 2024.<\/p>\n<p style=\"text-align: justify;\">At\u00e9 o pr\u00f3ximo domingo (28), as lideran\u00e7as da RCC do Brasil participar\u00e3o de momentos de ora\u00e7\u00e3o, de fraternidade, celebra\u00e7\u00e3o da Santa Missa e intensas atividades de forma\u00e7\u00e3o. Segundo Vin\u00edcius Sim\u00f5es, presidente do Conselho Nacional da RCCBRASIL, o ENF marca o primeiro passo da miss\u00e3o da RCC durante o ano vigente.<\/p>\n<p style=\"text-align: justify;\">Em 2024, o encontro contou com 21 workshops que promovem a forma\u00e7\u00e3o e aprofundamento espiritual para os servos que atuam nos grupos de ora\u00e7\u00e3o da RCC em todo o Brasil. Al\u00e9m de servi\u00e7os diretamente ligados \u00e0s reuni\u00f5es de ora\u00e7\u00e3o, como Minist\u00e9rios de M\u00fasica e Artes e Prega\u00e7\u00e3o, os workshops tamb\u00e9m s\u00e3o direcionados para o estado de vida dos participantes, tais como jovens, universit\u00e1rios, fam\u00edlias, religiosas, seminaristas e ministros ordenados.<\/p>\n<h3>Bispos do Brasil marcam presen\u00e7a no ENF 2024<\/h3>\n<p style=\"text-align: justify;\"><img decoding=\"async\" loading=\"lazy\" class=\"size-medium wp-image-957828 alignleft\" src=\"https:\/\/www.cnbb.org.br\/wp-content\/uploads\/2024\/01\/Dom-Jose-Aparecido-RCC-300x200.jpg\" alt=\"\" width=\"300\" height=\"200\" srcset=\"https:\/\/www.cnbb.org.br\/wp-content\/uploads\/2024\/01\/Dom-Jose-Aparecido-RCC-300x200.jpg 300w, https:\/\/www.cnbb.org.br\/wp-content\/uploads\/2024\/01\/Dom-Jose-Aparecido-RCC-1024x682.jpg 1024w, https:\/\/www.cnbb.org.br\/wp-content\/uploads\/2024\/01\/Dom-Jose-Aparecido-RCC-768x512.jpg 768w, https:\/\/www.cnbb.org.br\/wp-content\/uploads\/2024\/01\/Dom-Jose-Aparecido-RCC-1536x1023.jpg 1536w, https:\/\/www.cnbb.org.br\/wp-content\/uploads\/2024\/01\/Dom-Jose-Aparecido-RCC-500x333.jpg 500w, https:\/\/www.cnbb.org.br\/wp-content\/uploads\/2024\/01\/Dom-Jose-Aparecido-RCC.jpg 1600w\" sizes=\"(max-width: 300px) 100vw, 300px\" \/>O assessor eclesi\u00e1stico da CNBB para a Renova\u00e7\u00e3o Carism\u00e1tica Cat\u00f3lica do Brasil, dom Jos\u00e9 Aparecido, bispo de Itumbiara (GO), acompanhou o evento desde sua abertura e tamb\u00e9m ministra algumas palestras. \u201cO ENF \u00e9 um encontro em que se reflete profundamente sobre a Palavra de Deus, sobre os objetivos da Renova\u00e7\u00e3o Carism\u00e1tica e que se enquadram no \u00e2mbito da evangeliza\u00e7\u00e3o da Igreja no Brasil\u201d, afirmou dom Jos\u00e9.<\/p>\n<p style=\"text-align: justify;\">Ele tamb\u00e9m destaca que espera que os membros da Renova\u00e7\u00e3o Carism\u00e1tica coloquem em pr\u00e1tica os tr\u00eas pedidos feitos por Papa Francisco \u00e0 RCC: \u201cO primeiro \u00e9 a partilha da experi\u00eancia do batismo no Esp\u00edrito Santo com toda a Igreja. Segundo, o ecumenismo espiritual, uma preocupa\u00e7\u00e3o com a unidade das igrejas, especialmente com aquelas comunidades que partilham da mesma espiritualidade pentecostal. E o terceiro \u00e9 o cuidado com os pobres, que inclui a Casa Comum tamb\u00e9m\u201d.<\/p>\n<p style=\"text-align: justify;\">Dom Giovane Pereira de Melo, presidente da Comiss\u00e3o Episcopal para o Laicato da CNBB, participou pela primeira vez do evento e manifestou a alegria de ver tantas pessoas reunidas e que expressam a capilaridade da Renova\u00e7\u00e3o Carism\u00e1tica pela Igreja do Brasil.<\/p>\n<blockquote>\n<p style=\"text-align: justify;\">\u201cDestaco tamb\u00e9m que o ENF, al\u00e9m de ser um encontro de louvor, de celebra\u00e7\u00f5es, \u00e9 um encontro de forma\u00e7\u00e3o. Junto com o louvor, com essa dimens\u00e3o da conviv\u00eancia, h\u00e1 toda uma preocupa\u00e7\u00e3o de formar os animadores de grupos de ora\u00e7\u00e3o, as coordena\u00e7\u00f5es e os diversos minist\u00e9rios&#8221;, ressaltou.<\/p>\n<\/blockquote>\n<p style=\"text-align: justify;\">Dom Giovani destacou ainda o esfor\u00e7o e desejo da Renova\u00e7\u00e3o Carism\u00e1tica Cat\u00f3lica de caminhar na comunh\u00e3o, na unidade com a CNBB, com nossas dioceses e par\u00f3quias. &#8220;E \u00e9 isso que o Senhor pede de cada um de n\u00f3s, que pede da Renova\u00e7\u00e3o, mas tamb\u00e9m de toda a Igreja, que a gente viva a comunh\u00e3o e a unidade na diversidade, que a gente beba dessa riqueza de carismas e de dons que o Esp\u00edrito Santo sopra sobre n\u00f3s e que edifica a Igreja\u201d, disse.<\/p>\n<figure id=\"attachment_957829\" aria-describedby=\"caption-attachment-957829\" style=\"width: 1024px\" class=\"wp-caption aligncenter\"><img decoding=\"async\" loading=\"lazy\" class=\"wp-image-957829 size-large\" src=\"https:\/\/www.cnbb.org.br\/wp-content\/uploads\/2024\/01\/Dom-Giovani-em-encontro-da-RCC-1024x682.jpg\" alt=\"\" width=\"1024\" height=\"682\" srcset=\"https:\/\/www.cnbb.org.br\/wp-content\/uploads\/2024\/01\/Dom-Giovani-em-encontro-da-RCC-1024x682.jpg 1024w, https:\/\/www.cnbb.org.br\/wp-content\/uploads\/2024\/01\/Dom-Giovani-em-encontro-da-RCC-300x200.jpg 300w, https:\/\/www.cnbb.org.br\/wp-content\/uploads\/2024\/01\/Dom-Giovani-em-encontro-da-RCC-768x512.jpg 768w, https:\/\/www.cnbb.org.br\/wp-content\/uploads\/2024\/01\/Dom-Giovani-em-encontro-da-RCC-1536x1023.jpg 1536w, https:\/\/www.cnbb.org.br\/wp-content\/uploads\/2024\/01\/Dom-Giovani-em-encontro-da-RCC-500x333.jpg 500w, https:\/\/www.cnbb.org.br\/wp-content\/uploads\/2024\/01\/Dom-Giovani-em-encontro-da-RCC.jpg 1600w\" sizes=\"(max-width: 1024px) 100vw, 1024px\" \/><figcaption id=\"caption-attachment-957829\" class=\"wp-caption-text\">Fotos: Comunica\u00e7\u00e3o RCC<\/figcaption><\/figure>\n<p><span style=\"font-size: 16px;\"><strong>Com informa\u00e7\u00f5es<\/strong> da <a href=\"https:\/\/novoportal.rccbrasil.org.br\/\" target=\"_blank\" rel=\"noopener\">rccbrasil.org.br<\/a><\/span><\/p>\n","protected":false},"excerpt":{"rendered":"<p>Dom Giovane Pereira de Melo, presidente da Comiss\u00e3o Episcopal para o Laicato da CNBB, participou pela primeira vez do evento e manifestou a alegria de ver tantas pessoas reunidas e que expressam a capilaridade da Renova\u00e7\u00e3o Carism\u00e1tica pela Igreja do Brasil. O bispos destacou ainda o esfor\u00e7o e desejo da RCC de caminhar na comunh\u00e3o e na unidade com a CNBB<\/p>\n","protected":false},"author":142,"featured_media":957827,"comment_status":"closed","ping_status":"closed","sticky":false,"template":"","format":"standard","meta":{"site-sidebar-layout":"default","site-content-layout":"default","ast-global-header-display":"","ast-banner-title-visibility":"","ast-main-header-display":"","ast-hfb-above-header-display":"","ast-hfb-below-header-display":"","ast-hfb-mobile-header-display":"","site-post-title":"","ast-breadcrumbs-content":"","ast-featured-img":"","footer-sml-layout":"","theme-transparent-header-meta":"default","adv-header-id-meta":"","stick-header-meta":"","header-above-stick-meta":"","header-main-stick-meta":"","header-below-stick-meta":""},"categories":[50,776],"tags":[3724],"acf":[],"_links":{"self":[{"href":"https:\/\/www.cnbb.org.br\/cnbb-app\/wp\/v2\/posts\/957826"}],"collection":[{"href":"https:\/\/www.cnbb.org.br\/cnbb-app\/wp\/v2\/posts"}],"about":[{"href":"https:\/\/www.cnbb.org.br\/cnbb-app\/wp\/v2\/types\/post"}],"author":[{"embeddable":true,"href":"https:\/\/www.cnbb.org.br\/cnbb-app\/wp\/v2\/users\/142"}],"replies":[{"embeddable":true,"href":"https:\/\/www.cnbb.org.br\/cnbb-app\/wp\/v2\/comments?post=957826"}],"version-history":[{"count":1,"href":"https:\/\/www.cnbb.org.br\/cnbb-app\/wp\/v2\/posts\/957826\/revisions"}],"predecessor-version":[{"id":957830,"href":"https:\/\/www.cnbb.org.br\/cnbb-app\/wp\/v2\/posts\/957826\/revisions\/957830"}],"wp:featuredmedia":[{"embeddable":true,"href":"https:\/\/www.cnbb.org.br\/cnbb-app\/wp\/v2\/media\/957827"}],"wp:attachment":[{"href":"https:\/\/www.cnbb.org.br\/cnbb-app\/wp\/v2\/media?parent=957826"}],"wp:term":[{"taxonomy":"category","embeddable":true,"href":"https:\/\/www.cnbb.org.br\/cnbb-app\/wp\/v2\/categories?post=957826"},{"taxonomy":"post_tag","embeddable":true,"href":"https:\/\/www.cnbb.org.br\/cnbb-app\/wp\/v2\/tags?post=957826"}],"curies":[{"name":"wp","href":"https:\/\/api.w.org\/{rel}","templated":true}]}}